{"id":7077,"date":"2025-10-23T00:17:25","date_gmt":"2025-10-23T00:17:25","guid":{"rendered":"https:\/\/www.rengoenlanoticia.cl\/prensa\/?p=7077"},"modified":"2025-10-23T00:30:30","modified_gmt":"2025-10-23T00:30:30","slug":"hospital-de-santa-cruz-capacita-a-funcionarios-en-desobstruccion-de-via-aerea-infantil","status":"publish","type":"post","link":"https:\/\/www.rengoenlanoticia.cl\/prensa\/2025\/10\/23\/hospital-de-santa-cruz-capacita-a-funcionarios-en-desobstruccion-de-via-aerea-infantil\/","title":{"rendered":"Hospital de Santa Cruz capacita a funcionarios en desobstrucci\u00f3n de v\u00eda a\u00e9rea infantil"},"content":{"rendered":"\n<p>\u00b7El Comit\u00e9 Paritario y el Departamento de Prevenci\u00f3n de Riesgos realizaron una charla pr\u00e1ctica para preparar al personal ante emergencias que involucren lactantes y ni\u00f1os.<\/p>\n\n\n\n<p> Con el objetivo de fortalecer las competencias en primeros auxilios de los funcionarios, el Comit\u00e9 Paritario junto al Departamento de Prevenci\u00f3n de Riesgos del Hospital de Santa Cruz realizaron una Charla de Desobstrucci\u00f3n de la V\u00eda A\u00e9rea para Lactantes y Ni\u00f1os en el Jard\u00edn Infantil Cajita Musical, ubicado al interior del establecimiento de salud.<\/p>\n\n\n\n<p>La iniciativa busc\u00f3 que los funcionarios est\u00e9n preparados para actuar de manera r\u00e1pida, efectiva y segura ante una emergencia. La desobstrucci\u00f3n de la v\u00eda a\u00e9rea en lactantes y ni\u00f1os es fundamental, ya que un objeto atascado puede causar asfixia y muerte, siendo una de las causas m\u00e1s frecuentes de mortalidad infantil. Ante estos casos, actuar de inmediato puede evitar un paro cardiorrespiratorio y salvar vidas.<\/p>\n\n\n\n<p>La relatora de la jornada, la enfermera Carolina Cabello, integrante del Comit\u00e9 Paritario, abord\u00f3 contenidos clave como la obstrucci\u00f3n de la v\u00eda a\u00e9rea por cuerpo extra\u00f1o (OVACE), tipos y signos de OVACE, se\u00f1al universal de obstrucci\u00f3n y cadena de supervivencia.<\/p>\n\n\n\n<figure class=\"wp-block-image size-large\"><img loading=\"lazy\" decoding=\"async\" width=\"1024\" height=\"746\" src=\"https:\/\/www.rengoenlanoticia.cl\/prensa\/wp-content\/uploads\/2025\/10\/santa_cruz-7-1-1024x746.jpg\" alt=\"\" class=\"wp-image-7090\" srcset=\"https:\/\/www.rengoenlanoticia.cl\/prensa\/wp-content\/uploads\/2025\/10\/santa_cruz-7-1-1024x746.jpg 1024w, https:\/\/www.rengoenlanoticia.cl\/prensa\/wp-content\/uploads\/2025\/10\/santa_cruz-7-1-300x219.jpg 300w, https:\/\/www.rengoenlanoticia.cl\/prensa\/wp-content\/uploads\/2025\/10\/santa_cruz-7-1-768x560.jpg 768w, https:\/\/www.rengoenlanoticia.cl\/prensa\/wp-content\/uploads\/2025\/10\/santa_cruz-7-1-110x80.jpg 110w, https:\/\/www.rengoenlanoticia.cl\/prensa\/wp-content\/uploads\/2025\/10\/santa_cruz-7-1-200x146.jpg 200w, https:\/\/www.rengoenlanoticia.cl\/prensa\/wp-content\/uploads\/2025\/10\/santa_cruz-7-1-380x277.jpg 380w, https:\/\/www.rengoenlanoticia.cl\/prensa\/wp-content\/uploads\/2025\/10\/santa_cruz-7-1-255x186.jpg 255w, https:\/\/www.rengoenlanoticia.cl\/prensa\/wp-content\/uploads\/2025\/10\/santa_cruz-7-1-550x401.jpg 550w, https:\/\/www.rengoenlanoticia.cl\/prensa\/wp-content\/uploads\/2025\/10\/santa_cruz-7-1-800x583.jpg 800w, https:\/\/www.rengoenlanoticia.cl\/prensa\/wp-content\/uploads\/2025\/10\/santa_cruz-7-1-1160x845.jpg 1160w, https:\/\/www.rengoenlanoticia.cl\/prensa\/wp-content\/uploads\/2025\/10\/santa_cruz-7-1.jpg 1234w\" sizes=\"auto, (max-width: 1024px) 100vw, 1024px\" \/><\/figure>\n\n\n\n<p>\u201cEste tipo de capacitaciones son fundamentales porque brindan herramientas pr\u00e1cticas que pueden marcar la diferencia entre la vida y la muerte. Saber c\u00f3mo actuar con calma y eficacia en situaciones cr\u00edticas permite salvar vidas y prevenir complicaciones\u201d, destac\u00f3 el Dr. Cristian Cavalla, subdirector m\u00e9dico del Hospital de Santa Cruz.<\/p>\n\n\n\n<p>Esta actividad, que culmin\u00f3 con una pr\u00e1ctica donde los participantes aplicaron las maniobras aprendidas, es una herramienta poderosa de prevenci\u00f3n y respuesta, no solo para el personal de salud, sino tambi\u00e9n para toda la comunidad hospitalaria.<\/p>\n","protected":false},"excerpt":{"rendered":"\u00b7El Comit\u00e9 Paritario y el Departamento de Prevenci\u00f3n de Riesgos realizaron una charla pr\u00e1ctica para preparar al personal&hellip;\n","protected":false},"author":1,"featured_media":7089,"comment_status":"open","ping_status":"open","sticky":false,"template":"","format":"standard","meta":{"_monsterinsights_skip_tracking":false,"_monsterinsights_sitenote_active":false,"_monsterinsights_sitenote_note":"","_monsterinsights_sitenote_category":0,"footnotes":""},"categories":[8],"tags":[],"class_list":{"0":"post-7077","1":"post","2":"type-post","3":"status-publish","4":"format-standard","5":"has-post-thumbnail","7":"category-portada"},"aioseo_notices":[],"_links":{"self":[{"href":"https:\/\/www.rengoenlanoticia.cl\/prensa\/wp-json\/wp\/v2\/posts\/7077","targetHints":{"allow":["GET"]}}],"collection":[{"href":"https:\/\/www.rengoenlanoticia.cl\/prensa\/wp-json\/wp\/v2\/posts"}],"about":[{"href":"https:\/\/www.rengoenlanoticia.cl\/prensa\/wp-json\/wp\/v2\/types\/post"}],"author":[{"embeddable":true,"href":"https:\/\/www.rengoenlanoticia.cl\/prensa\/wp-json\/wp\/v2\/users\/1"}],"replies":[{"embeddable":true,"href":"https:\/\/www.rengoenlanoticia.cl\/prensa\/wp-json\/wp\/v2\/comments?post=7077"}],"version-history":[{"count":3,"href":"https:\/\/www.rengoenlanoticia.cl\/prensa\/wp-json\/wp\/v2\/posts\/7077\/revisions"}],"predecessor-version":[{"id":7109,"href":"https:\/\/www.rengoenlanoticia.cl\/prensa\/wp-json\/wp\/v2\/posts\/7077\/revisions\/7109"}],"wp:featuredmedia":[{"embeddable":true,"href":"https:\/\/www.rengoenlanoticia.cl\/prensa\/wp-json\/wp\/v2\/media\/7089"}],"wp:attachment":[{"href":"https:\/\/www.rengoenlanoticia.cl\/prensa\/wp-json\/wp\/v2\/media?parent=7077"}],"wp:term":[{"taxonomy":"category","embeddable":true,"href":"https:\/\/www.rengoenlanoticia.cl\/prensa\/wp-json\/wp\/v2\/categories?post=7077"},{"taxonomy":"post_tag","embeddable":true,"href":"https:\/\/www.rengoenlanoticia.cl\/prensa\/wp-json\/wp\/v2\/tags?post=7077"}],"curies":[{"name":"wp","href":"https:\/\/api.w.org\/{rel}","templated":true}]}}