{"id":7075,"date":"2025-10-23T00:29:58","date_gmt":"2025-10-23T00:29:58","guid":{"rendered":"https:\/\/www.rengoenlanoticia.cl\/prensa\/?p=7075"},"modified":"2025-10-23T00:30:03","modified_gmt":"2025-10-23T00:30:03","slug":"hospital-de-graneros-promueve-la-inclusion-a-traves-de-conversatorio-de-genero-y-diversidad","status":"publish","type":"post","link":"https:\/\/www.rengoenlanoticia.cl\/prensa\/2025\/10\/23\/hospital-de-graneros-promueve-la-inclusion-a-traves-de-conversatorio-de-genero-y-diversidad\/","title":{"rendered":"Hospital de Graneros promueve la inclusi\u00f3n a trav\u00e9s de Conversatorio de G\u00e9nero y Diversidad"},"content":{"rendered":"\n<p>\u00b7El encuentro forma parte del ciclo impulsado por el Servicio de Salud O\u2019Higgins para fortalecer el enfoque de g\u00e9nero y derechos humanos en la red asistencial.<\/p>\n\n\n\n<p> En el marco del Ciclo de Conversatorios de G\u00e9nero, Salud y Diversidad impulsado por el Servicio de Salud O\u2019Higgins (SSO), se desarroll\u00f3 una nueva jornada en el Hospital de Graneros, reuniendo a funcionarios de distintas \u00e1reas y usuarios con el prop\u00f3sito de promover la reflexi\u00f3n, el respeto y la inclusi\u00f3n en el entorno laboral y asistencial.<\/p>\n\n\n\n<p>La actividad, que se ha estado realizando en distintos establecimientos de la red, busca fortalecer el enfoque de g\u00e9nero y derechos humanos en la atenci\u00f3n en salud, generando espacios de di\u00e1logo sobre la equidad, la diversidad y la importancia de construir ambientes laborales libres de discriminaci\u00f3n.<\/p>\n\n\n\n<p>Durante el encuentro, la Encargada de Unidad de G\u00e9nero y Buen Trato Laboral del SSO, Erika Quintanilla, explic\u00f3 que \u201cse abordaron hoy temas como la perspectiva de g\u00e9nero en la atenci\u00f3n sanitaria, los desaf\u00edos en la atenci\u00f3n a personas de la diversidad sexual y el rol del personal de salud en la promoci\u00f3n del respeto y la no violencia, pero lo m\u00e1s importante, es que estamos abriendo&nbsp;espacios de encuentro y reflexi\u00f3n, que son una herramienta concreta para avanzar hacia una salud m\u00e1s inclusiva y respetuosa, y&nbsp;en el fondo, generando un compromiso para seguir impulsando cambios que abran puertas, oportunidades, con una mirada desde el respeto y la dignidad\u201d.<\/p>\n\n\n\n<p>Agreg\u00f3 adem\u00e1s que \u201cestos conversatorios son fundamentales para sensibilizar y entregar herramientas a nuestros equipos de salud, promoviendo una atenci\u00f3n centrada en la dignidad de las personas, sin importar su identidad o expresi\u00f3n de g\u00e9nero. Nuestra red asistencial debe ser un espacio seguro y libre de discriminaci\u00f3n. Sabemos que estamos frente a temas que no siempre son f\u00e1ciles de entender, algunas veces la discriminaci\u00f3n va por la interpretaci\u00f3n, sesgo o juicios que se puedan tener y en eso estamos trabajando a trav\u00e9s de la Comisi\u00f3n de Equidad, G\u00e9nero y Diversidad Regional, junto a los referentes locales de la red asistencial\u201d.<\/p>\n\n\n\n<p>Respecto a lo anterior, la representante de RedTrans Chile, Lorraine Salvo, quien expuso en el conversatorio, destac\u00f3 que \u201cel objetivo es abrir espacios de di\u00e1logo que promuevan una atenci\u00f3n inclusiva, respetuosa y sin discriminaci\u00f3n, porque&nbsp;podemos conversar y dar a conocer tem\u00e1ticas como las que yo propongo, que yo llevo adelante y que no todo el mundo conoce o que las conocen a veces de mala manera\u201d.<\/p>\n\n\n\n<p>A\u00f1adi\u00f3 que \u201cestamos conscientes que el cambio es individual en las personas, pero dar estos espacios para hablar desde el respeto, desde el conocimiento, desde las vivencias personales, pueden generar cambios de conducta en los funcionarios y en los usuarios. Lo importante es que se den estos espacios, porque si no se habla, no existe\u201d.<\/p>\n\n\n\n<p>Respecto a las tem\u00e1ticas abordadas, Lorraine Salvo resalt\u00f3 que \u201cen salud se habla de mujeres y hombres biol\u00f3gicos, pero hay mujeres y hombres trans. Entonces, lo que hay que hacer es tratar de unir los caminos de todas estas convocatorias, de todas estas tem\u00e1ticas, para visibilizar la vivencia de las personas trans, que siempre van a estar, y as\u00ed, cuando nos toque enfrentarnos, podamos dar una atenci\u00f3n que sea respetuosa, inclusiva y que la persona no se vaya desencantada del sector salud\u201d.<\/p>\n\n\n\n<p>Al t\u00e9rmino del conversatorio, la directora (s) del Hospital de Graneros, Dra. Fernanda Anich, valor\u00f3 que funcionarios y usuarios participaran de esta actividad, expresando que \u201ccomo hospital, estamos comprometidos con fortalecer una cultura basada en el respeto, la empat\u00eda y la equidad. Estos conversatorios nos permiten reflexionar y avanzar hacia una atenci\u00f3n m\u00e1s inclusiva, donde cada persona sea acogida con dignidad y sin prejuicios\u201d.<\/p>\n\n\n\n<p>El Ciclo de Conversatorios de G\u00e9nero, Salud y Diversidad, que ya se llev\u00f3 a cabo en los hospitales de Lolol, Chimbarongo, San Vicente, Rengo, Peumo, Pichidegua, Litueche y Dr. Franco Ravera Zunino, continuar\u00e1 desarroll\u00e1ndose en los pr\u00f3ximos d\u00edas en otros hospitales de la red del Servicio de Salud O\u2019Higgins, reafirmando el compromiso del sector con una atenci\u00f3n centrada en las personas y en el respeto a sus derechos.<\/p>\n","protected":false},"excerpt":{"rendered":"\u00b7El encuentro forma parte del ciclo impulsado por el Servicio de Salud O\u2019Higgins para fortalecer el enfoque de&hellip;\n","protected":false},"author":1,"featured_media":7083,"comment_status":"open","ping_status":"open","sticky":false,"template":"","format":"standard","meta":{"_monsterinsights_skip_tracking":false,"_monsterinsights_sitenote_active":false,"_monsterinsights_sitenote_note":"","_monsterinsights_sitenote_category":0,"footnotes":""},"categories":[8],"tags":[],"class_list":{"0":"post-7075","1":"post","2":"type-post","3":"status-publish","4":"format-standard","5":"has-post-thumbnail","7":"category-portada"},"aioseo_notices":[],"_links":{"self":[{"href":"https:\/\/www.rengoenlanoticia.cl\/prensa\/wp-json\/wp\/v2\/posts\/7075","targetHints":{"allow":["GET"]}}],"collection":[{"href":"https:\/\/www.rengoenlanoticia.cl\/prensa\/wp-json\/wp\/v2\/posts"}],"about":[{"href":"https:\/\/www.rengoenlanoticia.cl\/prensa\/wp-json\/wp\/v2\/types\/post"}],"author":[{"embeddable":true,"href":"https:\/\/www.rengoenlanoticia.cl\/prensa\/wp-json\/wp\/v2\/users\/1"}],"replies":[{"embeddable":true,"href":"https:\/\/www.rengoenlanoticia.cl\/prensa\/wp-json\/wp\/v2\/comments?post=7075"}],"version-history":[{"count":3,"href":"https:\/\/www.rengoenlanoticia.cl\/prensa\/wp-json\/wp\/v2\/posts\/7075\/revisions"}],"predecessor-version":[{"id":7104,"href":"https:\/\/www.rengoenlanoticia.cl\/prensa\/wp-json\/wp\/v2\/posts\/7075\/revisions\/7104"}],"wp:featuredmedia":[{"embeddable":true,"href":"https:\/\/www.rengoenlanoticia.cl\/prensa\/wp-json\/wp\/v2\/media\/7083"}],"wp:attachment":[{"href":"https:\/\/www.rengoenlanoticia.cl\/prensa\/wp-json\/wp\/v2\/media?parent=7075"}],"wp:term":[{"taxonomy":"category","embeddable":true,"href":"https:\/\/www.rengoenlanoticia.cl\/prensa\/wp-json\/wp\/v2\/categories?post=7075"},{"taxonomy":"post_tag","embeddable":true,"href":"https:\/\/www.rengoenlanoticia.cl\/prensa\/wp-json\/wp\/v2\/tags?post=7075"}],"curies":[{"name":"wp","href":"https:\/\/api.w.org\/{rel}","templated":true}]}}