{"id":7074,"date":"2025-10-23T00:29:50","date_gmt":"2025-10-23T00:29:50","guid":{"rendered":"https:\/\/www.rengoenlanoticia.cl\/prensa\/?p=7074"},"modified":"2025-10-23T00:29:55","modified_gmt":"2025-10-23T00:29:55","slug":"consejo-de-la-sociedad-civil-se-interioriza-sobre-garantias-explicitas-en-salud-ges","status":"publish","type":"post","link":"https:\/\/www.rengoenlanoticia.cl\/prensa\/2025\/10\/23\/consejo-de-la-sociedad-civil-se-interioriza-sobre-garantias-explicitas-en-salud-ges\/","title":{"rendered":"Consejo de la Sociedad Civil se interioriza sobre Garant\u00edas Expl\u00edcitas en Salud (GES)"},"content":{"rendered":"\n<p>Integrantes del COSOC del Servicio de Salud O\u2019Higgins participaron en una jornada informativa para fortalecer su conocimiento sobre derechos y deberes asociados al sistema GES.<\/p>\n\n\n\n<p>Con el objetivo de fortalecer la participaci\u00f3n ciudadana y el conocimiento en materia de derechos en salud, los integrantes del Consejo de la Sociedad Civil (COSOC) del Servicio de Salud O\u2019Higgins participaron en una charla informativa sobre las Garant\u00edas Expl\u00edcitas en Salud (GES). Esta pol\u00edtica p\u00fablica asegura a la poblaci\u00f3n acceso, oportunidad, protecci\u00f3n financiera y calidad en la atenci\u00f3n de un conjunto de patolog\u00edas priorizadas por el sistema de salud.<\/p>\n\n\n\n<p>La jornada cont\u00f3 con la presencia del director del Servicio de Salud O\u2019Higgins, Jaime Guti\u00e9rrez, quien valor\u00f3 la instancia se\u00f1alando que \u201cestos espacios son fundamentales, porque nos permiten fortalecer el v\u00ednculo entre la comunidad y las instituciones de salud. El COSOC cumple un rol clave en representar las voces, inquietudes y necesidades de la ciudadan\u00eda, y el di\u00e1logo que hoy establecemos busca precisamente avanzar hacia una atenci\u00f3n m\u00e1s cercana, oportuna y con garant\u00edas que se cumplan en la pr\u00e1ctica\u201d.<\/p>\n\n\n\n<figure class=\"wp-block-image size-large\"><img loading=\"lazy\" decoding=\"async\" width=\"1024\" height=\"576\" src=\"https:\/\/www.rengoenlanoticia.cl\/prensa\/wp-content\/uploads\/2025\/10\/Jornada-Cosoc-1--1024x576.jpg\" alt=\"\" class=\"wp-image-7079\" srcset=\"https:\/\/www.rengoenlanoticia.cl\/prensa\/wp-content\/uploads\/2025\/10\/Jornada-Cosoc-1--1024x576.jpg 1024w, https:\/\/www.rengoenlanoticia.cl\/prensa\/wp-content\/uploads\/2025\/10\/Jornada-Cosoc-1--300x169.jpg 300w, https:\/\/www.rengoenlanoticia.cl\/prensa\/wp-content\/uploads\/2025\/10\/Jornada-Cosoc-1--768x432.jpg 768w, https:\/\/www.rengoenlanoticia.cl\/prensa\/wp-content\/uploads\/2025\/10\/Jornada-Cosoc-1--1536x864.jpg 1536w, https:\/\/www.rengoenlanoticia.cl\/prensa\/wp-content\/uploads\/2025\/10\/Jornada-Cosoc-1--110x62.jpg 110w, https:\/\/www.rengoenlanoticia.cl\/prensa\/wp-content\/uploads\/2025\/10\/Jornada-Cosoc-1--200x113.jpg 200w, https:\/\/www.rengoenlanoticia.cl\/prensa\/wp-content\/uploads\/2025\/10\/Jornada-Cosoc-1--380x214.jpg 380w, https:\/\/www.rengoenlanoticia.cl\/prensa\/wp-content\/uploads\/2025\/10\/Jornada-Cosoc-1--255x143.jpg 255w, https:\/\/www.rengoenlanoticia.cl\/prensa\/wp-content\/uploads\/2025\/10\/Jornada-Cosoc-1--550x309.jpg 550w, https:\/\/www.rengoenlanoticia.cl\/prensa\/wp-content\/uploads\/2025\/10\/Jornada-Cosoc-1--800x450.jpg 800w, https:\/\/www.rengoenlanoticia.cl\/prensa\/wp-content\/uploads\/2025\/10\/Jornada-Cosoc-1--1160x653.jpg 1160w, https:\/\/www.rengoenlanoticia.cl\/prensa\/wp-content\/uploads\/2025\/10\/Jornada-Cosoc-1-.jpg 1600w\" sizes=\"auto, (max-width: 1024px) 100vw, 1024px\" \/><\/figure>\n\n\n\n<p>Asimismo, la autoridad enfatiz\u00f3 que \u201cel sistema GES representa un compromiso del Estado con la salud de las personas, asegurando el acceso, la oportunidad, la protecci\u00f3n financiera y la calidad de las prestaciones. Sin embargo, su verdadero valor se mide en c\u00f3mo estas garant\u00edas se traducen en la experiencia concreta de cada usuario y usuaria. Por eso, compartir informaci\u00f3n, resolver dudas y escuchar opiniones es parte esencial de nuestro trabajo conjunto\u201d.<\/p>\n\n\n\n<p>La jornada estuvo a cargo de la referente GES del Servicio de Salud O\u2019Higgins, Constanza \u00c1vila, quien explic\u00f3 que \u201cel objetivo fue entregar informaci\u00f3n clara y pr\u00e1ctica sobre las Garant\u00edas Expl\u00edcitas en Salud, los plazos de atenci\u00f3n, los tiempos de activaci\u00f3n de un segundo prestador y los mecanismos para acceder a ellas. Queremos que los representantes conozcan en detalle sus derechos y los de la comunidad que representan\u201d.<\/p>\n\n\n\n<p>Durante la actividad, los participantes resolvieron dudas y compartieron experiencias sobre la aplicaci\u00f3n de las garant\u00edas en los distintos establecimientos de la red asistencial, destacando la importancia de informar y empoderar a la ciudadan\u00eda en el ejercicio de sus derechos sanitarios.<\/p>\n\n\n\n<p>La representante del Consejo de la Sociedad Civil, Miryam Vidal, valor\u00f3 la instancia se\u00f1alando que \u201cla jornada virtual fue muy buena, permiti\u00f3 orientar e informar sobre lo que promulga la ley desde 2004 respecto a las Garant\u00edas Expl\u00edcitas en Salud (GES), c\u00f3mo acceder a ellas, sus plazos y diagn\u00f3sticos de sospecha ante un problema de salud\u201d.<\/p>\n\n\n\n<p>Finalmente, el referente del Subdepartamento de Participaci\u00f3n Ciudadana, Emilio Berr\u00edos, destac\u00f3 que \u201cuna de las funciones de nuestro Consejo de la Sociedad Civil Regional es solicitar informaci\u00f3n sobre tem\u00e1ticas de salud para difundirla en las comunidades y organizaciones que representamos. Por ello, solicitamos el apoyo del equipo regional de GES para explicar en detalle c\u00f3mo funciona actualmente esta prestaci\u00f3n, los procesos sanitarios asociados y los derechos y deberes de la ciudadan\u00eda frente al sistema\u201d.<\/p>\n\n\n\n<p>El Servicio de Salud O\u2019Higgins reafirma su compromiso con la participaci\u00f3n ciudadana informada, fortaleciendo espacios de di\u00e1logo y capacitaci\u00f3n que promuevan una atenci\u00f3n m\u00e1s justa, transparente y centrada en las personas.<\/p>\n","protected":false},"excerpt":{"rendered":"Integrantes del COSOC del Servicio de Salud O\u2019Higgins participaron en una jornada informativa para fortalecer su conocimiento sobre&hellip;\n","protected":false},"author":1,"featured_media":7080,"comment_status":"open","ping_status":"open","sticky":false,"template":"","format":"standard","meta":{"_monsterinsights_skip_tracking":false,"_monsterinsights_sitenote_active":false,"_monsterinsights_sitenote_note":"","_monsterinsights_sitenote_category":0,"footnotes":""},"categories":[8],"tags":[],"class_list":{"0":"post-7074","1":"post","2":"type-post","3":"status-publish","4":"format-standard","5":"has-post-thumbnail","7":"category-portada"},"aioseo_notices":[],"_links":{"self":[{"href":"https:\/\/www.rengoenlanoticia.cl\/prensa\/wp-json\/wp\/v2\/posts\/7074","targetHints":{"allow":["GET"]}}],"collection":[{"href":"https:\/\/www.rengoenlanoticia.cl\/prensa\/wp-json\/wp\/v2\/posts"}],"about":[{"href":"https:\/\/www.rengoenlanoticia.cl\/prensa\/wp-json\/wp\/v2\/types\/post"}],"author":[{"embeddable":true,"href":"https:\/\/www.rengoenlanoticia.cl\/prensa\/wp-json\/wp\/v2\/users\/1"}],"replies":[{"embeddable":true,"href":"https:\/\/www.rengoenlanoticia.cl\/prensa\/wp-json\/wp\/v2\/comments?post=7074"}],"version-history":[{"count":3,"href":"https:\/\/www.rengoenlanoticia.cl\/prensa\/wp-json\/wp\/v2\/posts\/7074\/revisions"}],"predecessor-version":[{"id":7103,"href":"https:\/\/www.rengoenlanoticia.cl\/prensa\/wp-json\/wp\/v2\/posts\/7074\/revisions\/7103"}],"wp:featuredmedia":[{"embeddable":true,"href":"https:\/\/www.rengoenlanoticia.cl\/prensa\/wp-json\/wp\/v2\/media\/7080"}],"wp:attachment":[{"href":"https:\/\/www.rengoenlanoticia.cl\/prensa\/wp-json\/wp\/v2\/media?parent=7074"}],"wp:term":[{"taxonomy":"category","embeddable":true,"href":"https:\/\/www.rengoenlanoticia.cl\/prensa\/wp-json\/wp\/v2\/categories?post=7074"},{"taxonomy":"post_tag","embeddable":true,"href":"https:\/\/www.rengoenlanoticia.cl\/prensa\/wp-json\/wp\/v2\/tags?post=7074"}],"curies":[{"name":"wp","href":"https:\/\/api.w.org\/{rel}","templated":true}]}}