{"id":7048,"date":"2025-10-22T00:38:14","date_gmt":"2025-10-22T00:38:14","guid":{"rendered":"https:\/\/www.rengoenlanoticia.cl\/prensa\/?p=7048"},"modified":"2025-10-22T00:39:50","modified_gmt":"2025-10-22T00:39:50","slug":"ohiggins-traza-su-hoja-de-ruta-hidrica-seminario-regional-aborda-desafios-de-los-servicios-sanitarios-rurales-con-vision-al-2036","status":"publish","type":"post","link":"https:\/\/www.rengoenlanoticia.cl\/prensa\/2025\/10\/22\/ohiggins-traza-su-hoja-de-ruta-hidrica-seminario-regional-aborda-desafios-de-los-servicios-sanitarios-rurales-con-vision-al-2036\/","title":{"rendered":"O\u2019Higgins Traza su Hoja de Ruta H\u00eddrica: Seminario Regional Aborda Desaf\u00edos de los Servicios Sanitarios Rurales con Visi\u00f3n al 2036"},"content":{"rendered":"\n<p>Con una alta convocatoria de dirigentes y autoridades, se desarroll\u00f3 el Seminario Regional \u201cServicios Sanitarios Rurales de O\u2019Higgins: Desaf\u00edos y Oportunidades hacia el 2036\u201d, un encuentro clave para modernizar la gesti\u00f3n del agua potable en zonas rurales en el contexto de la escasez h\u00eddrica y el marco normativo de la Ley 20.998.<\/p>\n\n\n\n<p>El seminario, enmarcado en la Semana de las MiPyme y Cooperativas 2025, congreg\u00f3 a representantes del sector p\u00fablico, privado, la academia y, fundamentalmente, a los operadores comunitarios de los Servicios Sanitarios Rurales (SSR), hist\u00f3ricamente conocidos como APR.<\/p>\n\n\n\n<figure class=\"wp-block-image size-large\"><img loading=\"lazy\" decoding=\"async\" width=\"1024\" height=\"576\" src=\"https:\/\/www.rengoenlanoticia.cl\/prensa\/wp-content\/uploads\/2025\/10\/WhatsApp-Image-2025-10-21-at-20.53.53-1024x576.jpeg\" alt=\"\" class=\"wp-image-7069\" srcset=\"https:\/\/www.rengoenlanoticia.cl\/prensa\/wp-content\/uploads\/2025\/10\/WhatsApp-Image-2025-10-21-at-20.53.53-1024x576.jpeg 1024w, https:\/\/www.rengoenlanoticia.cl\/prensa\/wp-content\/uploads\/2025\/10\/WhatsApp-Image-2025-10-21-at-20.53.53-300x169.jpeg 300w, https:\/\/www.rengoenlanoticia.cl\/prensa\/wp-content\/uploads\/2025\/10\/WhatsApp-Image-2025-10-21-at-20.53.53-768x432.jpeg 768w, https:\/\/www.rengoenlanoticia.cl\/prensa\/wp-content\/uploads\/2025\/10\/WhatsApp-Image-2025-10-21-at-20.53.53-110x62.jpeg 110w, https:\/\/www.rengoenlanoticia.cl\/prensa\/wp-content\/uploads\/2025\/10\/WhatsApp-Image-2025-10-21-at-20.53.53-200x113.jpeg 200w, https:\/\/www.rengoenlanoticia.cl\/prensa\/wp-content\/uploads\/2025\/10\/WhatsApp-Image-2025-10-21-at-20.53.53-380x214.jpeg 380w, https:\/\/www.rengoenlanoticia.cl\/prensa\/wp-content\/uploads\/2025\/10\/WhatsApp-Image-2025-10-21-at-20.53.53-255x143.jpeg 255w, https:\/\/www.rengoenlanoticia.cl\/prensa\/wp-content\/uploads\/2025\/10\/WhatsApp-Image-2025-10-21-at-20.53.53-550x309.jpeg 550w, https:\/\/www.rengoenlanoticia.cl\/prensa\/wp-content\/uploads\/2025\/10\/WhatsApp-Image-2025-10-21-at-20.53.53-800x450.jpeg 800w, https:\/\/www.rengoenlanoticia.cl\/prensa\/wp-content\/uploads\/2025\/10\/WhatsApp-Image-2025-10-21-at-20.53.53-1160x653.jpeg 1160w, https:\/\/www.rengoenlanoticia.cl\/prensa\/wp-content\/uploads\/2025\/10\/WhatsApp-Image-2025-10-21-at-20.53.53.jpeg 1280w\" sizes=\"auto, (max-width: 1024px) 100vw, 1024px\" \/><\/figure>\n\n\n\n<p>El Delegado Presidencial Regional, Fabio L\u00f3pez, subray\u00f3 el compromiso del Gobierno con las comunidades rurales, enfatizando que el acceso al agua potable es un derecho ineludible, \u201cel acceso al agua potable no es solo un servicio, es un derecho fundamental y una prioridad para nuestra Regi\u00f3n,\u201d afirm\u00f3 el Delegado L\u00f3pez. \u201cEste seminario nos permite trazar una hoja de ruta con una visi\u00f3n al 2036, abordando los desaf\u00edos que impone la Ley 20.998 y la necesidad imperante de adaptaci\u00f3n al cambio clim\u00e1tico y la sequ\u00eda\u201d.<\/p>\n\n\n\n<p>Por su parte, el Seremi de Econom\u00eda, Dar\u00edo Garc\u00eda, destac\u00f3 el car\u00e1cter intersectorial del evento y su relevancia para los Servicios Sanitarios Rurales. \u201cEstamos muy contentos con el resultado y la convocatoria de este seminario Regional, ya que fue un trabajo intersectorial, p\u00fablico, privado y la academia, para poder capacitar a los dirigentes de un sector primordial para la vida de las personas, que es el acceso al agua. Para el Gobierno del Presidente Gabriel Boric, los SSR han sido una prioridad al igual que las cooperativas.\u201d<\/p>\n\n\n\n<p>La actividad se centr\u00f3 en la plena implementaci\u00f3n de la Ley N\u00b0 20.998, que regula los Servicios Sanitarios Rurales y establece el a\u00f1o 2036 como horizonte para consolidar un modelo de gesti\u00f3n profesionalizado, sostenible y regulado.<\/p>\n\n\n\n<p>La Regi\u00f3n de O\u2019Higgins, con una alta concentraci\u00f3n poblacional en \u00e1reas rurales, depende cr\u00edticamente de los SSR, los cuales son la principal fuente de agua potable para miles de familias.<\/p>\n\n\n\n<figure class=\"wp-block-image size-large\"><img loading=\"lazy\" decoding=\"async\" width=\"1024\" height=\"694\" src=\"https:\/\/www.rengoenlanoticia.cl\/prensa\/wp-content\/uploads\/2025\/10\/WhatsApp-Image-2025-10-21-at-20.53.42-1024x694.jpeg\" alt=\"\" class=\"wp-image-7068\" srcset=\"https:\/\/www.rengoenlanoticia.cl\/prensa\/wp-content\/uploads\/2025\/10\/WhatsApp-Image-2025-10-21-at-20.53.42-1024x694.jpeg 1024w, https:\/\/www.rengoenlanoticia.cl\/prensa\/wp-content\/uploads\/2025\/10\/WhatsApp-Image-2025-10-21-at-20.53.42-300x203.jpeg 300w, https:\/\/www.rengoenlanoticia.cl\/prensa\/wp-content\/uploads\/2025\/10\/WhatsApp-Image-2025-10-21-at-20.53.42-768x521.jpeg 768w, https:\/\/www.rengoenlanoticia.cl\/prensa\/wp-content\/uploads\/2025\/10\/WhatsApp-Image-2025-10-21-at-20.53.42-110x75.jpeg 110w, https:\/\/www.rengoenlanoticia.cl\/prensa\/wp-content\/uploads\/2025\/10\/WhatsApp-Image-2025-10-21-at-20.53.42-200x136.jpeg 200w, https:\/\/www.rengoenlanoticia.cl\/prensa\/wp-content\/uploads\/2025\/10\/WhatsApp-Image-2025-10-21-at-20.53.42-380x258.jpeg 380w, https:\/\/www.rengoenlanoticia.cl\/prensa\/wp-content\/uploads\/2025\/10\/WhatsApp-Image-2025-10-21-at-20.53.42-255x173.jpeg 255w, https:\/\/www.rengoenlanoticia.cl\/prensa\/wp-content\/uploads\/2025\/10\/WhatsApp-Image-2025-10-21-at-20.53.42-550x373.jpeg 550w, https:\/\/www.rengoenlanoticia.cl\/prensa\/wp-content\/uploads\/2025\/10\/WhatsApp-Image-2025-10-21-at-20.53.42-800x543.jpeg 800w, https:\/\/www.rengoenlanoticia.cl\/prensa\/wp-content\/uploads\/2025\/10\/WhatsApp-Image-2025-10-21-at-20.53.42-1160x787.jpeg 1160w, https:\/\/www.rengoenlanoticia.cl\/prensa\/wp-content\/uploads\/2025\/10\/WhatsApp-Image-2025-10-21-at-20.53.42.jpeg 1280w\" sizes=\"auto, (max-width: 1024px) 100vw, 1024px\" \/><\/figure>\n\n\n\n<p>Ante el d\u00e9ficit h\u00eddrico estructural que afecta a la regi\u00f3n, el seminario abord\u00f3 soluciones tecnol\u00f3gicas y de eficiencia. Se hizo hincapi\u00e9 en la urgencia de modernizar los sistemas para asegurar la continuidad del servicio.<\/p>\n\n\n\n<p>Entre las medidas prioritarias discutidas, se encuentran:<\/p>\n\n\n\n<ul class=\"wp-block-list\">\n<li>Eficiencia Energ\u00e9tica: Promover la migraci\u00f3n de los SSR hacia energ\u00edas renovables, como los paneles solares, para reducir los altos costos del bombeo el\u00e9ctrico.<\/li>\n\n\n\n<li>Telemetr\u00eda y Modernizaci\u00f3n: Incorporar tecnolog\u00eda de monitoreo en tiempo real (telemetr\u00eda) para fiscalizar la calidad, el caudal y las fugas, permitiendo una gesti\u00f3n m\u00e1s proactiva y eficiente del recurso h\u00eddrico.<\/li>\n<\/ul>\n\n\n\n<p>El Seminario tuvo el prop\u00f3sito de generar una sinergia entre el Estado, los SSR y el sector privado, buscando soluciones t\u00e9cnicas y financieras que permitan a los operadores comunitarios cumplir con la normativa vigente y los Objetivos de Desarrollo Sostenible (ODS) de Naciones Unidas, garantizando un servicio de agua potable rural moderno, sostenible y equitativo.<\/p>\n","protected":false},"excerpt":{"rendered":"Con una alta convocatoria de dirigentes y autoridades, se desarroll\u00f3 el Seminario Regional \u201cServicios Sanitarios Rurales de O\u2019Higgins:&hellip;\n","protected":false},"author":1,"featured_media":7070,"comment_status":"open","ping_status":"open","sticky":false,"template":"","format":"standard","meta":{"_monsterinsights_skip_tracking":false,"_monsterinsights_sitenote_active":false,"_monsterinsights_sitenote_note":"","_monsterinsights_sitenote_category":0,"footnotes":""},"categories":[8],"tags":[],"class_list":{"0":"post-7048","1":"post","2":"type-post","3":"status-publish","4":"format-standard","5":"has-post-thumbnail","7":"category-portada"},"aioseo_notices":[],"_links":{"self":[{"href":"https:\/\/www.rengoenlanoticia.cl\/prensa\/wp-json\/wp\/v2\/posts\/7048","targetHints":{"allow":["GET"]}}],"collection":[{"href":"https:\/\/www.rengoenlanoticia.cl\/prensa\/wp-json\/wp\/v2\/posts"}],"about":[{"href":"https:\/\/www.rengoenlanoticia.cl\/prensa\/wp-json\/wp\/v2\/types\/post"}],"author":[{"embeddable":true,"href":"https:\/\/www.rengoenlanoticia.cl\/prensa\/wp-json\/wp\/v2\/users\/1"}],"replies":[{"embeddable":true,"href":"https:\/\/www.rengoenlanoticia.cl\/prensa\/wp-json\/wp\/v2\/comments?post=7048"}],"version-history":[{"count":3,"href":"https:\/\/www.rengoenlanoticia.cl\/prensa\/wp-json\/wp\/v2\/posts\/7048\/revisions"}],"predecessor-version":[{"id":7073,"href":"https:\/\/www.rengoenlanoticia.cl\/prensa\/wp-json\/wp\/v2\/posts\/7048\/revisions\/7073"}],"wp:featuredmedia":[{"embeddable":true,"href":"https:\/\/www.rengoenlanoticia.cl\/prensa\/wp-json\/wp\/v2\/media\/7070"}],"wp:attachment":[{"href":"https:\/\/www.rengoenlanoticia.cl\/prensa\/wp-json\/wp\/v2\/media?parent=7048"}],"wp:term":[{"taxonomy":"category","embeddable":true,"href":"https:\/\/www.rengoenlanoticia.cl\/prensa\/wp-json\/wp\/v2\/categories?post=7048"},{"taxonomy":"post_tag","embeddable":true,"href":"https:\/\/www.rengoenlanoticia.cl\/prensa\/wp-json\/wp\/v2\/tags?post=7048"}],"curies":[{"name":"wp","href":"https:\/\/api.w.org\/{rel}","templated":true}]}}