{"id":7045,"date":"2025-10-22T00:26:35","date_gmt":"2025-10-22T00:26:35","guid":{"rendered":"https:\/\/www.rengoenlanoticia.cl\/prensa\/?p=7045"},"modified":"2025-10-22T00:30:10","modified_gmt":"2025-10-22T00:30:10","slug":"cambio-de-mandoteniente-coronel-luis-rebolledo-asume-como-prefecto-de-cachapoal","status":"publish","type":"post","link":"https:\/\/www.rengoenlanoticia.cl\/prensa\/2025\/10\/22\/cambio-de-mandoteniente-coronel-luis-rebolledo-asume-como-prefecto-de-cachapoal\/","title":{"rendered":"Cambio de mando:Teniente Coronel Luis Rebolledo asume como Prefecto de Cachapoal"},"content":{"rendered":"\n<p>El Coronel Nibaldo S\u00e1nchez Cabrera, quien estuvo a cargo de esa repartici\u00f3n durante aproximadamente dos a\u00f1os, asumir\u00e1 otras responsabilidades en la instituci\u00f3n.<\/p>\n\n\n\n<p>En una solemne ceremonia, presidida por el Jefe Zona O\u2019Higgins, General Guillermo Bohle Guichacoi, asumi\u00f3 la Prefectura de Cachapoal, el Teniente Coronel Luis Rebolledo Cabezas. Esta fue entregada por quien fuera hasta ese minuto el Prefecto, Coronel Nibaldo S\u00e1nchez Cabrera, quien asumir\u00e1 nuevos desaf\u00edos en la instituci\u00f3n.<br>Con la presencia del Delegado Presidencial, Fabio L\u00f3pez Aguilera; el Seremi de Seguridad P\u00fablica, Rodolfo N\u00fa\u00f1ez Bustamante; la alcaldesa de Olivar, Mar\u00eda Estrella Montero; el Director de Gendarmer\u00eda, Coronel Nimrod Acosta Ulloa; alguaciles y comisarios de las diferentes Unidades, cuarteles y Carabineros, se desarroll\u00f3 el emotivo traspaso de mando con todos los s\u00edmbolos de las carabinas cruzadas.<\/p>\n\n\n\n<figure class=\"wp-block-image size-large\"><img loading=\"lazy\" decoding=\"async\" width=\"1024\" height=\"422\" src=\"https:\/\/www.rengoenlanoticia.cl\/prensa\/wp-content\/uploads\/2025\/10\/WhatsApp-Image-2025-10-21-at-20.18.09-1024x422.jpeg\" alt=\"\" class=\"wp-image-7059\" srcset=\"https:\/\/www.rengoenlanoticia.cl\/prensa\/wp-content\/uploads\/2025\/10\/WhatsApp-Image-2025-10-21-at-20.18.09-1024x422.jpeg 1024w, https:\/\/www.rengoenlanoticia.cl\/prensa\/wp-content\/uploads\/2025\/10\/WhatsApp-Image-2025-10-21-at-20.18.09-300x124.jpeg 300w, https:\/\/www.rengoenlanoticia.cl\/prensa\/wp-content\/uploads\/2025\/10\/WhatsApp-Image-2025-10-21-at-20.18.09-768x317.jpeg 768w, https:\/\/www.rengoenlanoticia.cl\/prensa\/wp-content\/uploads\/2025\/10\/WhatsApp-Image-2025-10-21-at-20.18.09-110x45.jpeg 110w, https:\/\/www.rengoenlanoticia.cl\/prensa\/wp-content\/uploads\/2025\/10\/WhatsApp-Image-2025-10-21-at-20.18.09-200x83.jpeg 200w, https:\/\/www.rengoenlanoticia.cl\/prensa\/wp-content\/uploads\/2025\/10\/WhatsApp-Image-2025-10-21-at-20.18.09-380x157.jpeg 380w, https:\/\/www.rengoenlanoticia.cl\/prensa\/wp-content\/uploads\/2025\/10\/WhatsApp-Image-2025-10-21-at-20.18.09-255x105.jpeg 255w, https:\/\/www.rengoenlanoticia.cl\/prensa\/wp-content\/uploads\/2025\/10\/WhatsApp-Image-2025-10-21-at-20.18.09-550x227.jpeg 550w, https:\/\/www.rengoenlanoticia.cl\/prensa\/wp-content\/uploads\/2025\/10\/WhatsApp-Image-2025-10-21-at-20.18.09-800x330.jpeg 800w, https:\/\/www.rengoenlanoticia.cl\/prensa\/wp-content\/uploads\/2025\/10\/WhatsApp-Image-2025-10-21-at-20.18.09-1160x479.jpeg 1160w, https:\/\/www.rengoenlanoticia.cl\/prensa\/wp-content\/uploads\/2025\/10\/WhatsApp-Image-2025-10-21-at-20.18.09.jpeg 1280w\" sizes=\"auto, (max-width: 1024px) 100vw, 1024px\" \/><\/figure>\n\n\n\n<p><br>Tras los honores y el toque de silencio por los m\u00e1rtires de Carabineros, se dio lectura a la orden de entrega de la Prefectura, acto administrativo formal que se sell\u00f3 con las firmas del Coronel Nibaldo S\u00e1nchez Cabrera, Prefecto saliente; el Teniente Coronel Luis Rebolledo Cabezas, Prefecto entrante; y el Jefe Zona O\u2019Higgins, General Guillermo Bohle Guichacoi, como interventor.<\/p>\n\n\n\n<figure class=\"wp-block-image size-large\"><img loading=\"lazy\" decoding=\"async\" width=\"1024\" height=\"470\" src=\"https:\/\/www.rengoenlanoticia.cl\/prensa\/wp-content\/uploads\/2025\/10\/WhatsApp-Image-2025-10-21-at-20.18.08-1-1024x470.jpeg\" alt=\"\" class=\"wp-image-7061\" srcset=\"https:\/\/www.rengoenlanoticia.cl\/prensa\/wp-content\/uploads\/2025\/10\/WhatsApp-Image-2025-10-21-at-20.18.08-1-1024x470.jpeg 1024w, https:\/\/www.rengoenlanoticia.cl\/prensa\/wp-content\/uploads\/2025\/10\/WhatsApp-Image-2025-10-21-at-20.18.08-1-300x138.jpeg 300w, https:\/\/www.rengoenlanoticia.cl\/prensa\/wp-content\/uploads\/2025\/10\/WhatsApp-Image-2025-10-21-at-20.18.08-1-768x352.jpeg 768w, https:\/\/www.rengoenlanoticia.cl\/prensa\/wp-content\/uploads\/2025\/10\/WhatsApp-Image-2025-10-21-at-20.18.08-1-110x50.jpeg 110w, https:\/\/www.rengoenlanoticia.cl\/prensa\/wp-content\/uploads\/2025\/10\/WhatsApp-Image-2025-10-21-at-20.18.08-1-200x92.jpeg 200w, https:\/\/www.rengoenlanoticia.cl\/prensa\/wp-content\/uploads\/2025\/10\/WhatsApp-Image-2025-10-21-at-20.18.08-1-380x174.jpeg 380w, https:\/\/www.rengoenlanoticia.cl\/prensa\/wp-content\/uploads\/2025\/10\/WhatsApp-Image-2025-10-21-at-20.18.08-1-255x117.jpeg 255w, https:\/\/www.rengoenlanoticia.cl\/prensa\/wp-content\/uploads\/2025\/10\/WhatsApp-Image-2025-10-21-at-20.18.08-1-550x252.jpeg 550w, https:\/\/www.rengoenlanoticia.cl\/prensa\/wp-content\/uploads\/2025\/10\/WhatsApp-Image-2025-10-21-at-20.18.08-1-800x367.jpeg 800w, https:\/\/www.rengoenlanoticia.cl\/prensa\/wp-content\/uploads\/2025\/10\/WhatsApp-Image-2025-10-21-at-20.18.08-1-1160x532.jpeg 1160w, https:\/\/www.rengoenlanoticia.cl\/prensa\/wp-content\/uploads\/2025\/10\/WhatsApp-Image-2025-10-21-at-20.18.08-1.jpeg 1280w\" sizes=\"auto, (max-width: 1024px) 100vw, 1024px\" \/><\/figure>\n\n\n\n<p><br>En la oportunidad, el General Bohle se dirigi\u00f3 a los asistentes, y en especial a los oficiales que asumir\u00e1n nuevas responsabilidades. En ese sentido, agradeci\u00f3 al Coronel S\u00e1nchez por la labor desarrollada en la Prefectura durante aproximadamente dos a\u00f1os y le expres\u00f3 los mejores deseos de \u00e9xito en la nueva destinaci\u00f3n, en la cual representar\u00e1 a nuestro pa\u00eds y nuestra instituci\u00f3n. Tambi\u00e9n se dirigi\u00f3 al reci\u00e9n asumido Prefecto de Cachapoal, Comandante Luis Rebolledo, a quien inst\u00f3 a seguir trabajando con compromiso y vocaci\u00f3n.<br>El cambio en la Prefectura qued\u00f3 sellado con la voz de mando del comandante Rebolledo a la formaci\u00f3n.<\/p>\n\n\n\n<figure class=\"wp-block-image size-large\"><img loading=\"lazy\" decoding=\"async\" width=\"1024\" height=\"559\" src=\"https:\/\/www.rengoenlanoticia.cl\/prensa\/wp-content\/uploads\/2025\/10\/WhatsApp-Image-2025-10-21-at-20.18.08-1024x559.jpeg\" alt=\"\" class=\"wp-image-7060\" srcset=\"https:\/\/www.rengoenlanoticia.cl\/prensa\/wp-content\/uploads\/2025\/10\/WhatsApp-Image-2025-10-21-at-20.18.08-1024x559.jpeg 1024w, https:\/\/www.rengoenlanoticia.cl\/prensa\/wp-content\/uploads\/2025\/10\/WhatsApp-Image-2025-10-21-at-20.18.08-300x164.jpeg 300w, https:\/\/www.rengoenlanoticia.cl\/prensa\/wp-content\/uploads\/2025\/10\/WhatsApp-Image-2025-10-21-at-20.18.08-768x419.jpeg 768w, https:\/\/www.rengoenlanoticia.cl\/prensa\/wp-content\/uploads\/2025\/10\/WhatsApp-Image-2025-10-21-at-20.18.08-110x60.jpeg 110w, https:\/\/www.rengoenlanoticia.cl\/prensa\/wp-content\/uploads\/2025\/10\/WhatsApp-Image-2025-10-21-at-20.18.08-200x109.jpeg 200w, https:\/\/www.rengoenlanoticia.cl\/prensa\/wp-content\/uploads\/2025\/10\/WhatsApp-Image-2025-10-21-at-20.18.08-380x207.jpeg 380w, https:\/\/www.rengoenlanoticia.cl\/prensa\/wp-content\/uploads\/2025\/10\/WhatsApp-Image-2025-10-21-at-20.18.08-255x139.jpeg 255w, https:\/\/www.rengoenlanoticia.cl\/prensa\/wp-content\/uploads\/2025\/10\/WhatsApp-Image-2025-10-21-at-20.18.08-550x300.jpeg 550w, https:\/\/www.rengoenlanoticia.cl\/prensa\/wp-content\/uploads\/2025\/10\/WhatsApp-Image-2025-10-21-at-20.18.08-800x437.jpeg 800w, https:\/\/www.rengoenlanoticia.cl\/prensa\/wp-content\/uploads\/2025\/10\/WhatsApp-Image-2025-10-21-at-20.18.08-1160x633.jpeg 1160w, https:\/\/www.rengoenlanoticia.cl\/prensa\/wp-content\/uploads\/2025\/10\/WhatsApp-Image-2025-10-21-at-20.18.08.jpeg 1191w\" sizes=\"auto, (max-width: 1024px) 100vw, 1024px\" \/><\/figure>\n","protected":false},"excerpt":{"rendered":"El Coronel Nibaldo S\u00e1nchez Cabrera, quien estuvo a cargo de esa repartici\u00f3n durante aproximadamente dos a\u00f1os, asumir\u00e1 otras&hellip;\n","protected":false},"author":1,"featured_media":7058,"comment_status":"open","ping_status":"open","sticky":false,"template":"","format":"standard","meta":{"_monsterinsights_skip_tracking":false,"_monsterinsights_sitenote_active":false,"_monsterinsights_sitenote_note":"","_monsterinsights_sitenote_category":0,"footnotes":""},"categories":[8],"tags":[],"class_list":{"0":"post-7045","1":"post","2":"type-post","3":"status-publish","4":"format-standard","5":"has-post-thumbnail","7":"category-portada"},"aioseo_notices":[],"_links":{"self":[{"href":"https:\/\/www.rengoenlanoticia.cl\/prensa\/wp-json\/wp\/v2\/posts\/7045","targetHints":{"allow":["GET"]}}],"collection":[{"href":"https:\/\/www.rengoenlanoticia.cl\/prensa\/wp-json\/wp\/v2\/posts"}],"about":[{"href":"https:\/\/www.rengoenlanoticia.cl\/prensa\/wp-json\/wp\/v2\/types\/post"}],"author":[{"embeddable":true,"href":"https:\/\/www.rengoenlanoticia.cl\/prensa\/wp-json\/wp\/v2\/users\/1"}],"replies":[{"embeddable":true,"href":"https:\/\/www.rengoenlanoticia.cl\/prensa\/wp-json\/wp\/v2\/comments?post=7045"}],"version-history":[{"count":3,"href":"https:\/\/www.rengoenlanoticia.cl\/prensa\/wp-json\/wp\/v2\/posts\/7045\/revisions"}],"predecessor-version":[{"id":7067,"href":"https:\/\/www.rengoenlanoticia.cl\/prensa\/wp-json\/wp\/v2\/posts\/7045\/revisions\/7067"}],"wp:featuredmedia":[{"embeddable":true,"href":"https:\/\/www.rengoenlanoticia.cl\/prensa\/wp-json\/wp\/v2\/media\/7058"}],"wp:attachment":[{"href":"https:\/\/www.rengoenlanoticia.cl\/prensa\/wp-json\/wp\/v2\/media?parent=7045"}],"wp:term":[{"taxonomy":"category","embeddable":true,"href":"https:\/\/www.rengoenlanoticia.cl\/prensa\/wp-json\/wp\/v2\/categories?post=7045"},{"taxonomy":"post_tag","embeddable":true,"href":"https:\/\/www.rengoenlanoticia.cl\/prensa\/wp-json\/wp\/v2\/tags?post=7045"}],"curies":[{"name":"wp","href":"https:\/\/api.w.org\/{rel}","templated":true}]}}