{"id":692,"date":"2025-01-03T23:29:57","date_gmt":"2025-01-03T23:29:57","guid":{"rendered":"https:\/\/www.rengoenlanoticia.cl\/prensa\/?p=692"},"modified":"2025-01-04T02:39:29","modified_gmt":"2025-01-04T02:39:29","slug":"alcalde-de-rengo-se-reunio-con-directiva-de-asistentes-de-la-educacion","status":"publish","type":"post","link":"https:\/\/www.rengoenlanoticia.cl\/prensa\/2025\/01\/03\/alcalde-de-rengo-se-reunio-con-directiva-de-asistentes-de-la-educacion\/","title":{"rendered":"Alcalde de Rengo se reuni\u00f3 con directiva de asistentes de la educaci\u00f3n"},"content":{"rendered":"\n<p>Durante la ma\u00f1ana de este viernes 3 de enero, el Alcalde de Rengo Enrique del Barrio, recibi\u00f3 la visita de la Directiva de los Asistentes de la Educaci\u00f3n, encabezada por su Presidente Robins\u00f3n V\u00e1squez.<\/p>\n\n\n\n<p>Durante el encuentro los representantes gremiales plantearon al edil una serie de iniciativas, proyectos y aspiraciones del sector, que esperan ir desarrollando de manera colaborativa con la autoridad <a><\/a>comunal.<\/p>\n\n\n\n<p>El Alcalde Enrique del Barrio destac\u00f3 el rol que desempe\u00f1a el sector en el proceso educativo comunal, manifestando su compromiso con los trabajadores.<\/p>\n\n\n\n<figure class=\"wp-block-image size-full\"><img decoding=\"async\" src=\"https:\/\/www.rengoenlanoticia.cl\/prensa\/wp-content\/uploads\/2025\/01\/472203839_10226172735641105_3099564820641776809_n.jpg\" alt=\"\" class=\"wp-image-695\"\/><\/figure>\n","protected":false},"excerpt":{"rendered":"Durante la ma\u00f1ana de este viernes 3 de enero, el Alcalde de Rengo Enrique del Barrio, recibi\u00f3 la&hellip;\n","protected":false},"author":2,"featured_media":0,"comment_status":"open","ping_status":"open","sticky":false,"template":"","format":"standard","meta":{"_monsterinsights_skip_tracking":false,"_monsterinsights_sitenote_active":false,"_monsterinsights_sitenote_note":"","_monsterinsights_sitenote_category":0,"footnotes":""},"categories":[8],"tags":[],"class_list":{"0":"post-692","1":"post","2":"type-post","3":"status-publish","4":"format-standard","6":"category-portada"},"aioseo_notices":[],"_links":{"self":[{"href":"https:\/\/www.rengoenlanoticia.cl\/prensa\/wp-json\/wp\/v2\/posts\/692","targetHints":{"allow":["GET"]}}],"collection":[{"href":"https:\/\/www.rengoenlanoticia.cl\/prensa\/wp-json\/wp\/v2\/posts"}],"about":[{"href":"https:\/\/www.rengoenlanoticia.cl\/prensa\/wp-json\/wp\/v2\/types\/post"}],"author":[{"embeddable":true,"href":"https:\/\/www.rengoenlanoticia.cl\/prensa\/wp-json\/wp\/v2\/users\/2"}],"replies":[{"embeddable":true,"href":"https:\/\/www.rengoenlanoticia.cl\/prensa\/wp-json\/wp\/v2\/comments?post=692"}],"version-history":[{"count":1,"href":"https:\/\/www.rengoenlanoticia.cl\/prensa\/wp-json\/wp\/v2\/posts\/692\/revisions"}],"predecessor-version":[{"id":699,"href":"https:\/\/www.rengoenlanoticia.cl\/prensa\/wp-json\/wp\/v2\/posts\/692\/revisions\/699"}],"wp:attachment":[{"href":"https:\/\/www.rengoenlanoticia.cl\/prensa\/wp-json\/wp\/v2\/media?parent=692"}],"wp:term":[{"taxonomy":"category","embeddable":true,"href":"https:\/\/www.rengoenlanoticia.cl\/prensa\/wp-json\/wp\/v2\/categories?post=692"},{"taxonomy":"post_tag","embeddable":true,"href":"https:\/\/www.rengoenlanoticia.cl\/prensa\/wp-json\/wp\/v2\/tags?post=692"}],"curies":[{"name":"wp","href":"https:\/\/api.w.org\/{rel}","templated":true}]}}