{"id":685,"date":"2025-01-03T23:15:25","date_gmt":"2025-01-03T23:15:25","guid":{"rendered":"https:\/\/www.rengoenlanoticia.cl\/prensa\/?p=685"},"modified":"2025-01-04T01:11:54","modified_gmt":"2025-01-04T01:11:54","slug":"carabineros-de-la-sip-de-la-1-comisaria-de-rancagua-logra-la-detencion-de-dos-sujetos-vinculados-a-hechos-delictuales-en-villa-la-foresta","status":"publish","type":"post","link":"https:\/\/www.rengoenlanoticia.cl\/prensa\/2025\/01\/03\/carabineros-de-la-sip-de-la-1-comisaria-de-rancagua-logra-la-detencion-de-dos-sujetos-vinculados-a-hechos-delictuales-en-villa-la-foresta\/","title":{"rendered":"Carabineros de la SIP de la 1\u00b0 Comisar\u00eda de Rancagua logra la detenci\u00f3n de dos sujetos vinculados a hechos delictuales en Villa La Foresta"},"content":{"rendered":"\n<p>El d\u00eda de hoy, Carabineros especializado de la Secci\u00f3n de Investigaci\u00f3n Policial (SIP) de la 1\u00b0 Comisar\u00eda de Rancagua, tras una exhaustiva investigaci\u00f3n orientada a esclarecer los disparos reiterados ocurridos en la Villa La Foresta, logr\u00f3 un importante resultado operativo.<br>Durante el mes de noviembre del a\u00f1o pasado, los hechos descritos incluyeron la lesi\u00f3n de una persona producto de estos disparos, lo que motiv\u00f3 un intenso trabajo investigativo por parte de Carabineros, culminando con la obtenci\u00f3n de una orden judicial de entrada y registro, la cual fue ejecutada durante la jornada de hoy.<br>En el procedimiento, se allan\u00f3 el domicilio del presunto autor de los disparos, identificado como F.A.S.S., chileno de 28 a\u00f1os de edad, procediendo a su detenci\u00f3n. Paralelamente, se allan\u00f3 otro inmueble en la misma Villa La Foresta, donde se logr\u00f3 la incautaci\u00f3n de un cartucho de escopeta y diversas especies asociadas a delitos de robo, deteniendo en este lugar a un segundo individuo, identificado como B.E.L.L., chileno de 22 a\u00f1os.<br>Por instrucciones del Ministerio P\u00fablico, ambos imputados ser\u00e1n presentados a control de detenci\u00f3n en las pr\u00f3ximas horas, mientras Carabineros contin\u00faa con las diligencias investigativas para el esclarecimiento total de los hechos.<br>Carabineros de Chile reitera su compromiso con la seguridad de la comunidad y la lucha contra la delincuencia, reafirmando que se mantendr\u00e1n los patrullajes preventivos e investigaciones especializadas para resguardar la tranquilidad de los vecinos de Rancagua.<\/p>\n","protected":false},"excerpt":{"rendered":"El d\u00eda de hoy, Carabineros especializado de la Secci\u00f3n de Investigaci\u00f3n Policial (SIP) de la 1\u00b0 Comisar\u00eda de&hellip;\n","protected":false},"author":2,"featured_media":0,"comment_status":"open","ping_status":"open","sticky":false,"template":"","format":"standard","meta":{"_monsterinsights_skip_tracking":false,"_monsterinsights_sitenote_active":false,"_monsterinsights_sitenote_note":"","_monsterinsights_sitenote_category":0,"footnotes":""},"categories":[5],"tags":[],"class_list":{"0":"post-685","1":"post","2":"type-post","3":"status-publish","4":"format-standard","6":"category-policial"},"aioseo_notices":[],"_links":{"self":[{"href":"https:\/\/www.rengoenlanoticia.cl\/prensa\/wp-json\/wp\/v2\/posts\/685","targetHints":{"allow":["GET"]}}],"collection":[{"href":"https:\/\/www.rengoenlanoticia.cl\/prensa\/wp-json\/wp\/v2\/posts"}],"about":[{"href":"https:\/\/www.rengoenlanoticia.cl\/prensa\/wp-json\/wp\/v2\/types\/post"}],"author":[{"embeddable":true,"href":"https:\/\/www.rengoenlanoticia.cl\/prensa\/wp-json\/wp\/v2\/users\/2"}],"replies":[{"embeddable":true,"href":"https:\/\/www.rengoenlanoticia.cl\/prensa\/wp-json\/wp\/v2\/comments?post=685"}],"version-history":[{"count":1,"href":"https:\/\/www.rengoenlanoticia.cl\/prensa\/wp-json\/wp\/v2\/posts\/685\/revisions"}],"predecessor-version":[{"id":691,"href":"https:\/\/www.rengoenlanoticia.cl\/prensa\/wp-json\/wp\/v2\/posts\/685\/revisions\/691"}],"wp:attachment":[{"href":"https:\/\/www.rengoenlanoticia.cl\/prensa\/wp-json\/wp\/v2\/media?parent=685"}],"wp:term":[{"taxonomy":"category","embeddable":true,"href":"https:\/\/www.rengoenlanoticia.cl\/prensa\/wp-json\/wp\/v2\/categories?post=685"},{"taxonomy":"post_tag","embeddable":true,"href":"https:\/\/www.rengoenlanoticia.cl\/prensa\/wp-json\/wp\/v2\/tags?post=685"}],"curies":[{"name":"wp","href":"https:\/\/api.w.org\/{rel}","templated":true}]}}