{"id":684,"date":"2025-01-03T23:14:44","date_gmt":"2025-01-03T23:14:44","guid":{"rendered":"https:\/\/www.rengoenlanoticia.cl\/prensa\/?p=684"},"modified":"2025-01-03T23:14:48","modified_gmt":"2025-01-03T23:14:48","slug":"kinesiologa-del-hospital-dr-franco-ravera-realizo-pasantia-en-importante-hospital-belga-por-proyecto-de-entrenamiento-muscular-respiratorio-ganador-de-un-fonis","status":"publish","type":"post","link":"https:\/\/www.rengoenlanoticia.cl\/prensa\/2025\/01\/03\/kinesiologa-del-hospital-dr-franco-ravera-realizo-pasantia-en-importante-hospital-belga-por-proyecto-de-entrenamiento-muscular-respiratorio-ganador-de-un-fonis\/","title":{"rendered":"Kinesi\u00f3loga del hospital Dr. Franco Ravera realiz\u00f3 pasant\u00eda en importante hospital Belga por proyecto de entrenamiento muscular respiratorio ganador de un FONIS"},"content":{"rendered":"\n<p>El hecho se concret\u00f3 tras recibir la invitaci\u00f3n del internacionalmente reconocido Grupo de Investigaci\u00f3n en Rehabilitaci\u00f3n (GRID) de Trastornos Internos de la Universidad Cat\u00f3lica de Leuven, de B\u00e9lgica.<\/p>\n\n\n\n<p>Un nuevo hito cumplido se sum\u00f3 al proyecto de \u201cEvaluaci\u00f3n del Efecto de Pauta de Entrenamiento Muscular Inspiratorio <a><\/a>en Tiempo de Decanulaci\u00f3n\u201d, dirigido por la kinesi\u00f3loga de la Unidad de Paciente Cr\u00edtico (UPC) Adulto, Jennifer Ayuso junto al equipo de la Unidad de Investigaci\u00f3n del Hospital Dr. Franco Ravera Zunino (HFRZ), luego de ser premiado por el Fondo de Investigaci\u00f3n y Desarrollo en Salud (FONIS) el a\u00f1o 2023, de la Agencia Nacional de Investigaci\u00f3n y Desarrollo (ANID), y haberse adjudicado posteriormente un primer lugar, como trabajo oral presentado en el 42 Congreso Nacional de Medicina Intensiva, celebrado en la ciudad de Vi\u00f1a del Mar, en octubre de 2024.<\/p>\n\n\n\n<p>\u201cLa invitaci\u00f3n recibida, despu\u00e9s de haber sostenido algunas conversaciones y acercamientos con expositores internacionales de inter\u00e9s, en congresos, vino a reforzar que estamos haciendo las cosas bien\u201d, expres\u00f3 Ayuso. \u201cNuestra intenci\u00f3n era presentar este proyecto en el extranjero, conocer la experiencia de un grupo de expertiz donde se desarrollara algo similar, que nos significara un feedback para avanzar, as\u00ed es que cuando lleg\u00f3 la carta de invitaci\u00f3n del GRID, liderado por profesionales que cuentan con gran trayectoria, con publicaciones de excelencia, como el Dr. Daniel Langer y Dr. Rik Gosselink, que se dedican exclusivamente a la investigaci\u00f3n en patolog\u00edas respiratorias y entrenamiento muscular respiratorio en pacientes cr\u00f3nicos y agudos, acept\u00e9 ir de inmediato, en representaci\u00f3n del equipo\u201d, ahond\u00f3 la kinesi\u00f3loga.<\/p>\n\n\n\n<figure class=\"wp-block-image size-large\"><img decoding=\"async\" src=\"https:\/\/www.rengoenlanoticia.cl\/prensa\/wp-content\/uploads\/2025\/01\/3-1024x684.jpg\" alt=\"\" class=\"wp-image-686\"\/><\/figure>\n\n\n\n<p>En el lugar<\/p>\n\n\n\n<p>La especialista de la UPC del Hospital Dr. Franco Ravera, explic\u00f3 que la pasant\u00eda, que se extendi\u00f3 por 23 d\u00edas, le permiti\u00f3 recorrer hospitales de B\u00e9lgica que trabajan en entrenamiento muscular respiratorio, siendo el Hospital Universitario KU de Leuven, anexado a la Universidad Cat\u00f3lica de esa ciudad, el principal centro en que pudo valorar acciones ejecutadas en ese \u00e1mbito, en unidades de cuidados intensivos (UCI) de medicina, UCI quir\u00fargica, de quemados, y pedi\u00e1trica, incluida rehabilitaci\u00f3n ambulatoria, agregando que \u201cen esas tres semanas, conoc\u00ed la tecnolog\u00eda que disponen para entrenar, diferencias y similitudes en el abordaje que hacen. Ellos realizan espirometr\u00edas previas al entrenamiento, tienen salas de rehabilitaci\u00f3n cardio pulmonar, laboratorio de funci\u00f3n pulmonar, un equipo de investigaci\u00f3n separado del cl\u00ednico, aun cuando trabajan mancomunadamente\u201d.<\/p>\n\n\n\n<figure class=\"wp-block-image size-large\"><img decoding=\"async\" src=\"https:\/\/www.rengoenlanoticia.cl\/prensa\/wp-content\/uploads\/2025\/01\/2-1024x683.jpg\" alt=\"\" class=\"wp-image-687\"\/><\/figure>\n\n\n\n<p>Con lo anterior, Ayuso a\u00f1adi\u00f3 que \u201cpude presentar el proyecto ante este grupo de expertos, recibiendo muy buenos comentarios y sugerencias, les pareci\u00f3 muy interesante. En mi exposici\u00f3n ellos valoraron positivamente el uso de la ecograf\u00eda del diafragma implementada en nuestra pauta de entrenamiento. Hubo una fuerte retroalimentaci\u00f3n entre sus procesos y los nuestros, lo que hizo que la experiencia fuera muy gratificante en lo humano y lo t\u00e9cnico\u201d.<\/p>\n\n\n\n<p>Utilidad de la pasant\u00eda<\/p>\n\n\n\n<p>La directora Ayuso, indic\u00f3 que \u201cla pasant\u00eda era parte de nuestros objetivos de proyecto, \u00e9sta en particular, nos proporcion\u00f3 conocimientos y metodolog\u00edas que transferiremos mediante capacitaciones a nuestra comunidad hospitalaria este 2025. Con lo aprendido en el Hospital KU de Leuven, podremos optimizar las pr\u00e1cticas de atenci\u00f3n con los pacientes, brindarles las mejores herramientas posibles para su estad\u00eda\u201d.<\/p>\n\n\n\n<p>Finalmente, Jennifer Ayuso subray\u00f3 que \u201cesta fue una gran experiencia, compar\u00e9 y contrast\u00e9 nuestros datos, aun cuando ellos disponen de gran tecnolog\u00eda y recursos, no estamos tan distantes en la manera de ejecutar\u201d, puntualizando que \u201cya finalizando nuestro primer a\u00f1o de avance, llevamos un 38% logrado del n\u00famero total a reclutar (68 pacientes). Sobre la hip\u00f3tesis de disminuir el tiempo de decanulaci\u00f3n (retiro definitivo de c\u00e1nula de traqueostom\u00eda) en pacientes con traqueostom\u00eda en la UPC, vamos bien, hemos visto una disminuci\u00f3n de nueve d\u00edas en la hospitalizaci\u00f3n de aquellos ya reclutados, lo que implica una disminuci\u00f3n tambi\u00e9n de costos asociados al sistema, a las familias, a su alta temprana y una mejora en la calidad de vida\u201d.<\/p>\n","protected":false},"excerpt":{"rendered":"El hecho se concret\u00f3 tras recibir la invitaci\u00f3n del internacionalmente reconocido Grupo de Investigaci\u00f3n en Rehabilitaci\u00f3n (GRID) de&hellip;\n","protected":false},"author":2,"featured_media":0,"comment_status":"open","ping_status":"open","sticky":false,"template":"","format":"standard","meta":{"_monsterinsights_skip_tracking":false,"_monsterinsights_sitenote_active":false,"_monsterinsights_sitenote_note":"","_monsterinsights_sitenote_category":0,"footnotes":""},"categories":[8],"tags":[],"class_list":{"0":"post-684","1":"post","2":"type-post","3":"status-publish","4":"format-standard","6":"category-portada"},"aioseo_notices":[],"_links":{"self":[{"href":"https:\/\/www.rengoenlanoticia.cl\/prensa\/wp-json\/wp\/v2\/posts\/684","targetHints":{"allow":["GET"]}}],"collection":[{"href":"https:\/\/www.rengoenlanoticia.cl\/prensa\/wp-json\/wp\/v2\/posts"}],"about":[{"href":"https:\/\/www.rengoenlanoticia.cl\/prensa\/wp-json\/wp\/v2\/types\/post"}],"author":[{"embeddable":true,"href":"https:\/\/www.rengoenlanoticia.cl\/prensa\/wp-json\/wp\/v2\/users\/2"}],"replies":[{"embeddable":true,"href":"https:\/\/www.rengoenlanoticia.cl\/prensa\/wp-json\/wp\/v2\/comments?post=684"}],"version-history":[{"count":1,"href":"https:\/\/www.rengoenlanoticia.cl\/prensa\/wp-json\/wp\/v2\/posts\/684\/revisions"}],"predecessor-version":[{"id":690,"href":"https:\/\/www.rengoenlanoticia.cl\/prensa\/wp-json\/wp\/v2\/posts\/684\/revisions\/690"}],"wp:attachment":[{"href":"https:\/\/www.rengoenlanoticia.cl\/prensa\/wp-json\/wp\/v2\/media?parent=684"}],"wp:term":[{"taxonomy":"category","embeddable":true,"href":"https:\/\/www.rengoenlanoticia.cl\/prensa\/wp-json\/wp\/v2\/categories?post=684"},{"taxonomy":"post_tag","embeddable":true,"href":"https:\/\/www.rengoenlanoticia.cl\/prensa\/wp-json\/wp\/v2\/tags?post=684"}],"curies":[{"name":"wp","href":"https:\/\/api.w.org\/{rel}","templated":true}]}}