{"id":6777,"date":"2025-10-16T01:29:29","date_gmt":"2025-10-16T01:29:29","guid":{"rendered":"https:\/\/www.rengoenlanoticia.cl\/prensa\/?p=6777"},"modified":"2025-10-16T01:29:33","modified_gmt":"2025-10-16T01:29:33","slug":"seguro-social-de-la-reforma-de-pensiones-beneficiara-a-90-980-personas-en-la-region-de-ohiggins","status":"publish","type":"post","link":"https:\/\/www.rengoenlanoticia.cl\/prensa\/2025\/10\/16\/seguro-social-de-la-reforma-de-pensiones-beneficiara-a-90-980-personas-en-la-region-de-ohiggins\/","title":{"rendered":"Seguro Social de la Reforma de Pensiones beneficiar\u00e1 a 90.980 personas en la Regi\u00f3n de O\u2019Higgins"},"content":{"rendered":"\n<p><em>A trav\u00e9s de di\u00e1logos ciudadanos en Rancagua y Mostazal, autoridades regionales dieron a conocer los detalles del Beneficio por A\u00f1os Cotizados&nbsp;y la Compensaci\u00f3n <\/em>a las Mujeres por Diferencias de Expectativa de Vida<em>, que entran en vigencia en enero de 2026.<\/em><\/p>\n\n\n\n<p>Junto a adultos mayores, dirigentes sindicales y dirigentes sociales, se desarrollaron di\u00e1logos ciudadanos con el fin de difundir los beneficios del Seguro Social de la reforma de pensiones. Esta reforma, que ya es Ley de la Rep\u00fablica desde el 26 de marzo de este a\u00f1o, constituye un sistema previsional tripartito (Estado, trabajadores y empleadores), reincorporando a los empleadores al financiamiento del ahorro previsional, tras m\u00e1s de 40 a\u00f1os.&nbsp;<\/p>\n\n\n\n<p>Con este aporte de los empleadores, que entr\u00f3 en vigencia en agosto pasado con un 1% de cotizaci\u00f3n previsional, hasta llegar de manera gradual a un 7% en 2033, se financia el Seguro Social, trat\u00e1ndose de un mecanismo solidario que reconoce el esfuerzo personal y los a\u00f1os cotizados por cada persona.<\/p>\n\n\n\n<p>El delegado presidencial regional de O\u2019Higgins, Fabio L\u00f3pez , sobre la implementaci\u00f3n de la reforma de pensiones y su difusi\u00f3n, se\u00f1al\u00f3: \u00abLa realizaci\u00f3n de estos di\u00e1logos es de vital importancia, porque el mejor beneficio es el que la ciudadan\u00eda conoce y comprende. Nuestra tarea como Gobierno en la regi\u00f3n de O&#8217;Higgins es salir a los territorios, a las juntas de vecinos, a las comunas como Rancagua y Mostazal, para que la gente entienda en detalle c\u00f3mo el Seguro Social va a impactar directamente en su bolsillo y en su dignidad\u201d.<\/p>\n\n\n\n<p>A esto, agreg\u00f3: \u201cNecesitamos una comunidad informada para que esta reforma sea un verdadero legado. No podemos permitir que estos beneficios se queden solo en el papel; deben ser una realidad concreta para nuestros adultos mayores, y la v\u00eda para lograrlo es el di\u00e1logo directo, cara a cara, aclarando cada duda\u00bb.<\/p>\n\n\n\n<figure class=\"wp-block-image size-large\"><img loading=\"lazy\" decoding=\"async\" width=\"1024\" height=\"576\" src=\"https:\/\/www.rengoenlanoticia.cl\/prensa\/wp-content\/uploads\/2025\/10\/WhatsApp-Image-2025-10-15-at-12.46.13-1024x576.jpeg\" alt=\"\" class=\"wp-image-6783\" srcset=\"https:\/\/www.rengoenlanoticia.cl\/prensa\/wp-content\/uploads\/2025\/10\/WhatsApp-Image-2025-10-15-at-12.46.13-1024x576.jpeg 1024w, https:\/\/www.rengoenlanoticia.cl\/prensa\/wp-content\/uploads\/2025\/10\/WhatsApp-Image-2025-10-15-at-12.46.13-300x169.jpeg 300w, https:\/\/www.rengoenlanoticia.cl\/prensa\/wp-content\/uploads\/2025\/10\/WhatsApp-Image-2025-10-15-at-12.46.13-768x432.jpeg 768w, https:\/\/www.rengoenlanoticia.cl\/prensa\/wp-content\/uploads\/2025\/10\/WhatsApp-Image-2025-10-15-at-12.46.13-1536x864.jpeg 1536w, https:\/\/www.rengoenlanoticia.cl\/prensa\/wp-content\/uploads\/2025\/10\/WhatsApp-Image-2025-10-15-at-12.46.13-110x62.jpeg 110w, https:\/\/www.rengoenlanoticia.cl\/prensa\/wp-content\/uploads\/2025\/10\/WhatsApp-Image-2025-10-15-at-12.46.13-200x113.jpeg 200w, https:\/\/www.rengoenlanoticia.cl\/prensa\/wp-content\/uploads\/2025\/10\/WhatsApp-Image-2025-10-15-at-12.46.13-380x214.jpeg 380w, https:\/\/www.rengoenlanoticia.cl\/prensa\/wp-content\/uploads\/2025\/10\/WhatsApp-Image-2025-10-15-at-12.46.13-255x143.jpeg 255w, https:\/\/www.rengoenlanoticia.cl\/prensa\/wp-content\/uploads\/2025\/10\/WhatsApp-Image-2025-10-15-at-12.46.13-550x309.jpeg 550w, https:\/\/www.rengoenlanoticia.cl\/prensa\/wp-content\/uploads\/2025\/10\/WhatsApp-Image-2025-10-15-at-12.46.13-800x450.jpeg 800w, https:\/\/www.rengoenlanoticia.cl\/prensa\/wp-content\/uploads\/2025\/10\/WhatsApp-Image-2025-10-15-at-12.46.13-1160x653.jpeg 1160w, https:\/\/www.rengoenlanoticia.cl\/prensa\/wp-content\/uploads\/2025\/10\/WhatsApp-Image-2025-10-15-at-12.46.13.jpeg 1600w\" sizes=\"auto, (max-width: 1024px) 100vw, 1024px\" \/><\/figure>\n\n\n\n<p>El Seguro Social comprende el Beneficio por A\u00f1os Cotizados, que reconoce y retribuye a quienes han cotizado por m\u00e1s a\u00f1os, entregando un monto adicional de hasta 2,5 UF mensuales (aprox. $100.000), seg\u00fan a\u00f1os de cotizaci\u00f3n; sumado a la Compensaci\u00f3n a las Mujeres por Diferencias de Expectativa de Vida, que corrige la<\/p>\n\n\n\n<p>brecha entre hombres y mujeres que se jubilan a la misma edad con el mismo ahorro, garantizando que las mujeres no reciban pensiones m\u00e1s bajas por vivir m\u00e1s a\u00f1os.<\/p>\n\n\n\n<p>El seremi del Trabajo y Previsi\u00f3n Social, Jaime Chamorro, quien expuso sobre la materia en los di\u00e1logos desarrollados en el Sal\u00f3n MOP en Rancagua, y en el Teatro Municipal de Mostazal, sostuvo: \u201cEstamos permanentemente informando a las vecinas y vecinos de O\u2019Higgins acerca de este mecanismo solidario que es el Seguro Social y el pago de sus 2 prestaciones, el Beneficio por A\u00f1os Cotizados y la Compensaci\u00f3n a la Mujer por Diferencia de Expectativa de Vida, ambos pagaderos en enero de 2026. De esta forma, avanzamos en cambios concretos que mejoran las pensiones actuales y futuras\u201d. Desde enero de 2026, las pensiones subir\u00e1n entre un 14% y 35%, beneficiando a las personas jubiladas, principalmente a mujeres y a trabajadores con trayectoria en el empleo formal durante todos los meses; sum\u00e1ndose al aumento de la Pensi\u00f3n Garantizada Universal a $250.000 para personas de 82 a\u00f1os o m\u00e1s en septiembre pasado, como parte de un aumento gradual que en 2027 se extender\u00e1 al total de los beneficiarios.<\/p>\n","protected":false},"excerpt":{"rendered":"A trav\u00e9s de di\u00e1logos ciudadanos en Rancagua y Mostazal, autoridades regionales dieron a conocer los detalles del Beneficio&hellip;\n","protected":false},"author":1,"featured_media":6782,"comment_status":"open","ping_status":"open","sticky":false,"template":"","format":"standard","meta":{"_monsterinsights_skip_tracking":false,"_monsterinsights_sitenote_active":false,"_monsterinsights_sitenote_note":"","_monsterinsights_sitenote_category":0,"footnotes":""},"categories":[8],"tags":[],"class_list":{"0":"post-6777","1":"post","2":"type-post","3":"status-publish","4":"format-standard","5":"has-post-thumbnail","7":"category-portada"},"aioseo_notices":[],"_links":{"self":[{"href":"https:\/\/www.rengoenlanoticia.cl\/prensa\/wp-json\/wp\/v2\/posts\/6777","targetHints":{"allow":["GET"]}}],"collection":[{"href":"https:\/\/www.rengoenlanoticia.cl\/prensa\/wp-json\/wp\/v2\/posts"}],"about":[{"href":"https:\/\/www.rengoenlanoticia.cl\/prensa\/wp-json\/wp\/v2\/types\/post"}],"author":[{"embeddable":true,"href":"https:\/\/www.rengoenlanoticia.cl\/prensa\/wp-json\/wp\/v2\/users\/1"}],"replies":[{"embeddable":true,"href":"https:\/\/www.rengoenlanoticia.cl\/prensa\/wp-json\/wp\/v2\/comments?post=6777"}],"version-history":[{"count":3,"href":"https:\/\/www.rengoenlanoticia.cl\/prensa\/wp-json\/wp\/v2\/posts\/6777\/revisions"}],"predecessor-version":[{"id":6799,"href":"https:\/\/www.rengoenlanoticia.cl\/prensa\/wp-json\/wp\/v2\/posts\/6777\/revisions\/6799"}],"wp:featuredmedia":[{"embeddable":true,"href":"https:\/\/www.rengoenlanoticia.cl\/prensa\/wp-json\/wp\/v2\/media\/6782"}],"wp:attachment":[{"href":"https:\/\/www.rengoenlanoticia.cl\/prensa\/wp-json\/wp\/v2\/media?parent=6777"}],"wp:term":[{"taxonomy":"category","embeddable":true,"href":"https:\/\/www.rengoenlanoticia.cl\/prensa\/wp-json\/wp\/v2\/categories?post=6777"},{"taxonomy":"post_tag","embeddable":true,"href":"https:\/\/www.rengoenlanoticia.cl\/prensa\/wp-json\/wp\/v2\/tags?post=6777"}],"curies":[{"name":"wp","href":"https:\/\/api.w.org\/{rel}","templated":true}]}}