{"id":6748,"date":"2025-10-16T01:03:35","date_gmt":"2025-10-16T01:03:35","guid":{"rendered":"https:\/\/www.rengoenlanoticia.cl\/prensa\/?p=6748"},"modified":"2025-10-16T01:03:40","modified_gmt":"2025-10-16T01:03:40","slug":"lolol-celebra-inauguracion-de-su-nueva-oficina-local-de-la-ninez","status":"publish","type":"post","link":"https:\/\/www.rengoenlanoticia.cl\/prensa\/2025\/10\/16\/lolol-celebra-inauguracion-de-su-nueva-oficina-local-de-la-ninez\/","title":{"rendered":"Lolol celebra inauguraci\u00f3n de su nueva Oficina Local de la Ni\u00f1ez"},"content":{"rendered":"\n<p><strong><em>&nbsp;Este nuevo espacio impulsado por la subsecretar\u00eda de la Ni\u00f1ez y la Municipalidad de Lolol, busca proteger de manera integral a los ni\u00f1os, ni\u00f1as y adolescentes de esta comuna, contribuyendo a garantizar el ejercicio de sus derechos y desarrollo integral.<\/em><\/strong><\/p>\n\n\n\n<p>Un hito hist\u00f3rico para la comuna de Lolol se vivi\u00f3 este martes 14 de octubre, con la inauguraci\u00f3n de la nueva Oficina Local de la Ni\u00f1ez (OLN) de esta comuna, ceremonia encabezada por la Seremi de Desarrollo Social y Familia, Nayadeth Ahumada Herrera junto al alcalde Jos\u00e9 Rom\u00e1n Ch\u00e1vez, concejales, autoridades locales, directores de establecimientos educacionales y representantes del Consejo Consultivo comunal de la ni\u00f1ez y adolescencia.<\/p>\n\n\n\n<p>Esta nueva institucionalidad se enmarca en la Ley 21.430 promulgada bajo el Gobierno del presidente Gabriel Boric, la cual crea un Sistema de Garant\u00edas y Protecci\u00f3n Integral de derechos de ni\u00f1os y adolescentes. A partir de ello, se establece la instalaci\u00f3n de las Oficinas Locales de la Ni\u00f1ez, que buscan proteger de manera integral a los ni\u00f1os y adolescentes, y contribuir a garantizar el ejercicio de sus derechos, con el fin de lograr el despliegue de sus potencialidades y alcanzar su desarrollo integral.<\/p>\n\n\n\n<p>Sobre este acontecimiento, la seremi de Desarrollo Social y Familia, destac\u00f3 que \u201ces un d\u00eda de mucha alegr\u00eda para nosotros como Ministerio de Desarrollo Social y Familia, porque estamos viendo los frutos de la instalaci\u00f3n de la ley de Garant\u00edas de ni\u00f1os, ni\u00f1as y adolescentes, con la inauguraci\u00f3n de esta Oficina Local de la Ni\u00f1ez. Puntualmente estamos en la comuna de Lolol, si bien, ellos vienen trabajando hace bastante tiempo, hoy d\u00eda se concreta algo muy importante, que tiene que ver con un espacio para los profesionales que est\u00e1n trabajando en esta materia\u201d.<\/p>\n\n\n\n<p>Ahumada agreg\u00f3 \u201cestamos avanzando y dando cumplimiento con lo que nos ha mandatado el Presidente Gabriel Boric de dejar las Oficinas Locales de la Ni\u00f1ez, instaladas en las 33 comunas de nuestra regi\u00f3n\u201d.<\/p>\n\n\n\n<p>La nueva OLN de Lolol se encuentra emplazada en el ex Internado Municipal de Lolol, en calle Las Acacias N\u00b0 120, y focalizar\u00e1 su trabajo en articular la oferta dirigida a ni\u00f1os y adolescentes, especialmente la relacionada a los servicios sociales vinculados al Subsistema de Protecci\u00f3n Integral de la Infancia, Chile Crece M\u00e1s y la del Servicio Nacional de Protecci\u00f3n Especializada a la Ni\u00f1ez y Adolescencia, a trav\u00e9s de redes intersectoriales a nivel comunal.<\/p>\n\n\n\n<p>Al respecto el alcalde de Lolol, Jos\u00e9 Rom\u00e1n Ch\u00e1vez expres\u00f3 que \u201cestamos muy felices con el hito de inauguraci\u00f3n de la OLN, Oficina Local de la Ni\u00f1ez, de nuestra comuna. Despu\u00e9s de tres a\u00f1os, estamos en casa nueva. Nosotros fuimos una de las comunas pioneras en firmar este convenio, porque entendemos que es muy importante proteger los derechos de nuestros ni\u00f1os, ni\u00f1as y adolescentes, espec\u00edficamente de la comuna de Lolol, as\u00ed que esto viene a fortalecer el trabajo que tenemos con las distintas instituciones de la comuna\u201d.&nbsp;<\/p>\n\n\n\n<p>En esa l\u00ednea, Paloma Rojas, presidenta del Consejo Consultivo Comunal de ni\u00f1os, ni\u00f1as y adolescentes a\u00f1adi\u00f3 que \u201ces un aporte gigante para la comuna, ya que trabajan con ni\u00f1os, ni\u00f1as y adolescentes. Creamos en conjunto el consejo consultivo comunal y hemos vivido experiencias incre\u00edbles junto a la seremi en encuentros regionales. Agradecidos totalmente por el apoyo, siempre est\u00e1n ah\u00ed para escucharnos, valorar nuestras opiniones, acompa\u00f1arnos en todo momento\u201d.<\/p>\n\n\n\n<p>Desde la promulgaci\u00f3n de la Ley de Garant\u00edas en el a\u00f1o 2023, la regi\u00f3n de O&#8217;Higgins cuenta a la fecha con 29 comunas con Oficinas Locales de la Ni\u00f1ez. Las cuatro comunas restantes comenzaron su proceso de instalaci\u00f3n este 2025, a la espera de la transferencia de recursos para su puesta en marcha definitiva.<\/p>\n","protected":false},"excerpt":{"rendered":"&nbsp;Este nuevo espacio impulsado por la subsecretar\u00eda de la Ni\u00f1ez y la Municipalidad de Lolol, busca proteger de&hellip;\n","protected":false},"author":1,"featured_media":6749,"comment_status":"open","ping_status":"open","sticky":false,"template":"","format":"standard","meta":{"_monsterinsights_skip_tracking":false,"_monsterinsights_sitenote_active":false,"_monsterinsights_sitenote_note":"","_monsterinsights_sitenote_category":0,"footnotes":""},"categories":[8],"tags":[],"class_list":{"0":"post-6748","1":"post","2":"type-post","3":"status-publish","4":"format-standard","5":"has-post-thumbnail","7":"category-portada"},"aioseo_notices":[],"_links":{"self":[{"href":"https:\/\/www.rengoenlanoticia.cl\/prensa\/wp-json\/wp\/v2\/posts\/6748","targetHints":{"allow":["GET"]}}],"collection":[{"href":"https:\/\/www.rengoenlanoticia.cl\/prensa\/wp-json\/wp\/v2\/posts"}],"about":[{"href":"https:\/\/www.rengoenlanoticia.cl\/prensa\/wp-json\/wp\/v2\/types\/post"}],"author":[{"embeddable":true,"href":"https:\/\/www.rengoenlanoticia.cl\/prensa\/wp-json\/wp\/v2\/users\/1"}],"replies":[{"embeddable":true,"href":"https:\/\/www.rengoenlanoticia.cl\/prensa\/wp-json\/wp\/v2\/comments?post=6748"}],"version-history":[{"count":3,"href":"https:\/\/www.rengoenlanoticia.cl\/prensa\/wp-json\/wp\/v2\/posts\/6748\/revisions"}],"predecessor-version":[{"id":6768,"href":"https:\/\/www.rengoenlanoticia.cl\/prensa\/wp-json\/wp\/v2\/posts\/6748\/revisions\/6768"}],"wp:featuredmedia":[{"embeddable":true,"href":"https:\/\/www.rengoenlanoticia.cl\/prensa\/wp-json\/wp\/v2\/media\/6749"}],"wp:attachment":[{"href":"https:\/\/www.rengoenlanoticia.cl\/prensa\/wp-json\/wp\/v2\/media?parent=6748"}],"wp:term":[{"taxonomy":"category","embeddable":true,"href":"https:\/\/www.rengoenlanoticia.cl\/prensa\/wp-json\/wp\/v2\/categories?post=6748"},{"taxonomy":"post_tag","embeddable":true,"href":"https:\/\/www.rengoenlanoticia.cl\/prensa\/wp-json\/wp\/v2\/tags?post=6748"}],"curies":[{"name":"wp","href":"https:\/\/api.w.org\/{rel}","templated":true}]}}