{"id":6747,"date":"2025-10-16T01:13:36","date_gmt":"2025-10-16T01:13:36","guid":{"rendered":"https:\/\/www.rengoenlanoticia.cl\/prensa\/?p=6747"},"modified":"2025-10-16T01:13:45","modified_gmt":"2025-10-16T01:13:45","slug":"condena-a-5-anos-y-un-dia-de-presidio-a-autora-de-robo-en-lugar-habitado","status":"publish","type":"post","link":"https:\/\/www.rengoenlanoticia.cl\/prensa\/2025\/10\/16\/condena-a-5-anos-y-un-dia-de-presidio-a-autora-de-robo-en-lugar-habitado\/","title":{"rendered":"Condena a 5 a\u00f1os y un d\u00eda de presidio a autora de robo en lugar habitado"},"content":{"rendered":"\n<p><\/p>\n\n\n\n<p>En fallo un\u00e1nime (causa rol 139-2025), el tribunal \u2013integrado por los magistrados Ra\u00fal Castro Valderrama (presidente), Mar\u00eda Ang\u00e9lica Mulatti Oyarzo y Nicol\u00e1s Flores Campos (redactor)\u2013 aplic\u00f3, adem\u00e1s, a Cordero Oses las accesorias legales de inhabilitaci\u00f3n absoluta perpetua para cargos y oficios p\u00fablicos y derechos pol\u00edticos y la inhabilitaci\u00f3n absoluta para profesiones titulares mientras dure la condena.<\/p>\n\n\n\n<p>El Tribunal de Juicio Oral en lo Penal de Santa Cruz conden\u00f3 a Virgina Pilar Cordero Oses a la pena efectiva de 5 a\u00f1os y un d\u00eda de presidio efectivo, en calidad de autora del delito consumado de robo en lugar habitado. Il\u00edcito perpetrado en la comuna, en febrero pasado.<\/p>\n\n\n\n<p>En fallo un\u00e1nime (causa rol 139-2025), el tribunal \u2013integrado por los magistrados Ra\u00fal Castro Valderrama (presidente), Mar\u00eda Ang\u00e9lica Mulatti Oyarzo y Nicol\u00e1s Flores Campos (redactor)\u2013 aplic\u00f3, adem\u00e1s, a Cordero Oses las accesorias legales de inhabilitaci\u00f3n absoluta perpetua para cargos y oficios p\u00fablicos y derechos pol\u00edticos y la inhabilitaci\u00f3n absoluta para profesiones titulares mientras dure la condena.<\/p>\n\n\n\n<p>El tribunal dio por acreditado, m\u00e1s all\u00e1 de toda duda razonable, que alrededor de las 10:15 horas del 2 de febrero de 2025, \u201c(\u2026) la acusada Virginia Pilar Cordero Oses, en coordinaci\u00f3n y compa\u00f1\u00eda con una persona no identificada en la causa, concurri\u00f3 hasta el domicilio de la v\u00edctima R.G.R.E., adulta mayor de 83 a\u00f1os de edad, ubicado en calle (\u2026) comuna de Santa Cruz, ingresando hasta el inmueble mediante escalamiento, saltando el cierre perimetral, accediendo hasta el interior de la propiedad (\u2026), lugar en el que con \u00e1nimo de lucro y sin la voluntad de su due\u00f1o se apropia de 01 televisor color negro de 42 pulgadas, 01 televisor negro marca IRT de 14 pulgadas diferentes herramientas de trabajo de la v\u00edctima, consistente en alicates, martillos y llaves varias, adem\u00e1s de diversa mercader\u00eda correspondiente a abarrotes; todas especies avaluadas en la suma de $500.000, huyendo del lugar con las especies, siendo advertida por vecinos del sector que alertan a Carabineros\u201d.<\/p>\n\n\n\n<p>Una vez que el fallo quede ejecutoriado, el tribunal dispuso que se proceda a la toma de muestra biol\u00f3gica de la sentenciada para determinar su huella gen\u00e9tica e inclusi\u00f3n en el registro nacional de ADN de condenados.<\/p>\n","protected":false},"excerpt":{"rendered":"En fallo un\u00e1nime (causa rol 139-2025), el tribunal \u2013integrado por los magistrados Ra\u00fal Castro Valderrama (presidente), Mar\u00eda Ang\u00e9lica&hellip;\n","protected":false},"author":1,"featured_media":6764,"comment_status":"open","ping_status":"open","sticky":false,"template":"","format":"standard","meta":{"_monsterinsights_skip_tracking":false,"_monsterinsights_sitenote_active":false,"_monsterinsights_sitenote_note":"","_monsterinsights_sitenote_category":0,"footnotes":""},"categories":[5,8],"tags":[],"class_list":{"0":"post-6747","1":"post","2":"type-post","3":"status-publish","4":"format-standard","5":"has-post-thumbnail","7":"category-policial","8":"category-portada"},"aioseo_notices":[],"_links":{"self":[{"href":"https:\/\/www.rengoenlanoticia.cl\/prensa\/wp-json\/wp\/v2\/posts\/6747","targetHints":{"allow":["GET"]}}],"collection":[{"href":"https:\/\/www.rengoenlanoticia.cl\/prensa\/wp-json\/wp\/v2\/posts"}],"about":[{"href":"https:\/\/www.rengoenlanoticia.cl\/prensa\/wp-json\/wp\/v2\/types\/post"}],"author":[{"embeddable":true,"href":"https:\/\/www.rengoenlanoticia.cl\/prensa\/wp-json\/wp\/v2\/users\/1"}],"replies":[{"embeddable":true,"href":"https:\/\/www.rengoenlanoticia.cl\/prensa\/wp-json\/wp\/v2\/comments?post=6747"}],"version-history":[{"count":3,"href":"https:\/\/www.rengoenlanoticia.cl\/prensa\/wp-json\/wp\/v2\/posts\/6747\/revisions"}],"predecessor-version":[{"id":6776,"href":"https:\/\/www.rengoenlanoticia.cl\/prensa\/wp-json\/wp\/v2\/posts\/6747\/revisions\/6776"}],"wp:featuredmedia":[{"embeddable":true,"href":"https:\/\/www.rengoenlanoticia.cl\/prensa\/wp-json\/wp\/v2\/media\/6764"}],"wp:attachment":[{"href":"https:\/\/www.rengoenlanoticia.cl\/prensa\/wp-json\/wp\/v2\/media?parent=6747"}],"wp:term":[{"taxonomy":"category","embeddable":true,"href":"https:\/\/www.rengoenlanoticia.cl\/prensa\/wp-json\/wp\/v2\/categories?post=6747"},{"taxonomy":"post_tag","embeddable":true,"href":"https:\/\/www.rengoenlanoticia.cl\/prensa\/wp-json\/wp\/v2\/tags?post=6747"}],"curies":[{"name":"wp","href":"https:\/\/api.w.org\/{rel}","templated":true}]}}