{"id":6746,"date":"2025-10-16T01:11:37","date_gmt":"2025-10-16T01:11:37","guid":{"rendered":"https:\/\/www.rengoenlanoticia.cl\/prensa\/?p=6746"},"modified":"2025-10-16T01:11:47","modified_gmt":"2025-10-16T01:11:47","slug":"pdi-san-fernando-detiene-a-profugo-de-la-justicia-e-incauta-armas-droga-y-municiones","status":"publish","type":"post","link":"https:\/\/www.rengoenlanoticia.cl\/prensa\/2025\/10\/16\/pdi-san-fernando-detiene-a-profugo-de-la-justicia-e-incauta-armas-droga-y-municiones\/","title":{"rendered":"PDI SAN FERNANDO DETIENE A PR\u00d3FUGO DE LA JUSTICIA E INCAUTA ARMAS, DROGA Y MUNICIONES"},"content":{"rendered":"\n<p>El d\u00eda de hoy en horas de la ma\u00f1ana, la PDI de San Fernando materializ\u00f3 la detenci\u00f3n de un hombre chileno y mayor de edad, sobre quien exist\u00eda una denuncia por el delito de amenazas con arma de fuego y registraba tres \u00f3rdenes de detenci\u00f3n vigentes, encontr\u00e1ndose pr\u00f3fugo de la justicia desde el a\u00f1o 2023.<\/p>\n\n\n\n<p>Conforme a las diligencias llevadas a cabo por el equipo Modelo Territorial cero de San Fernando, se estableci\u00f3 que el hombre requerido se encontraba residiendo en el sector de Puente Negro de la comuna de San Fernando, afectando la tranquilidad de los vecinos y familiares.<\/p>\n\n\n\n<p>Es as\u00ed que mediante la concreci\u00f3n de la entrada y registro a dos domicilios autorizados por el Tribunal de Garant\u00eda, uno de ellos correspondiente a un local comercial, en encontraron armas de fuego y municiones, adem\u00e1s de m\u00e1s de 700 gramos de clorhidrato de coca\u00edna.<\/p>\n\n\n\n<p>Las armas encontradas corresponden a cuatro armas tipo pistola, dos escopetas y un rifle.<br>Adem\u00e1s, se incautaron m\u00e1s de 200 municiones de distinto calibre, aptas para el disparo.<\/p>\n\n\n\n<p>Asimismo, en dicho procedimiento, fue detenido otro hombre, chileno mayor de edad, por el delito de Infracci\u00f3n a la Ley de Armas. Ambos detenidos ser\u00e1n puestos a disposici\u00f3n del Tribunal de Garant\u00eda de San Fernando para sus respectivos controles de detenci\u00f3n.<\/p>\n","protected":false},"excerpt":{"rendered":"El d\u00eda de hoy en horas de la ma\u00f1ana, la PDI de San Fernando materializ\u00f3 la detenci\u00f3n de&hellip;\n","protected":false},"author":1,"featured_media":6761,"comment_status":"open","ping_status":"open","sticky":false,"template":"","format":"standard","meta":{"_monsterinsights_skip_tracking":false,"_monsterinsights_sitenote_active":false,"_monsterinsights_sitenote_note":"","_monsterinsights_sitenote_category":0,"footnotes":""},"categories":[5,8],"tags":[],"class_list":{"0":"post-6746","1":"post","2":"type-post","3":"status-publish","4":"format-standard","5":"has-post-thumbnail","7":"category-policial","8":"category-portada"},"aioseo_notices":[],"_links":{"self":[{"href":"https:\/\/www.rengoenlanoticia.cl\/prensa\/wp-json\/wp\/v2\/posts\/6746","targetHints":{"allow":["GET"]}}],"collection":[{"href":"https:\/\/www.rengoenlanoticia.cl\/prensa\/wp-json\/wp\/v2\/posts"}],"about":[{"href":"https:\/\/www.rengoenlanoticia.cl\/prensa\/wp-json\/wp\/v2\/types\/post"}],"author":[{"embeddable":true,"href":"https:\/\/www.rengoenlanoticia.cl\/prensa\/wp-json\/wp\/v2\/users\/1"}],"replies":[{"embeddable":true,"href":"https:\/\/www.rengoenlanoticia.cl\/prensa\/wp-json\/wp\/v2\/comments?post=6746"}],"version-history":[{"count":3,"href":"https:\/\/www.rengoenlanoticia.cl\/prensa\/wp-json\/wp\/v2\/posts\/6746\/revisions"}],"predecessor-version":[{"id":6774,"href":"https:\/\/www.rengoenlanoticia.cl\/prensa\/wp-json\/wp\/v2\/posts\/6746\/revisions\/6774"}],"wp:featuredmedia":[{"embeddable":true,"href":"https:\/\/www.rengoenlanoticia.cl\/prensa\/wp-json\/wp\/v2\/media\/6761"}],"wp:attachment":[{"href":"https:\/\/www.rengoenlanoticia.cl\/prensa\/wp-json\/wp\/v2\/media?parent=6746"}],"wp:term":[{"taxonomy":"category","embeddable":true,"href":"https:\/\/www.rengoenlanoticia.cl\/prensa\/wp-json\/wp\/v2\/categories?post=6746"},{"taxonomy":"post_tag","embeddable":true,"href":"https:\/\/www.rengoenlanoticia.cl\/prensa\/wp-json\/wp\/v2\/tags?post=6746"}],"curies":[{"name":"wp","href":"https:\/\/api.w.org\/{rel}","templated":true}]}}