{"id":6744,"date":"2025-10-16T01:04:51","date_gmt":"2025-10-16T01:04:51","guid":{"rendered":"https:\/\/www.rengoenlanoticia.cl\/prensa\/?p=6744"},"modified":"2025-10-16T01:04:57","modified_gmt":"2025-10-16T01:04:57","slug":"mop-ohiggins-impulsa-dialogo-regional-sobre-el-futuro-del-transporte-y-la-conectividad","status":"publish","type":"post","link":"https:\/\/www.rengoenlanoticia.cl\/prensa\/2025\/10\/16\/mop-ohiggins-impulsa-dialogo-regional-sobre-el-futuro-del-transporte-y-la-conectividad\/","title":{"rendered":"MOP O\u2019Higgins impulsa di\u00e1logo regional sobre el futuro del transporte y la conectividad"},"content":{"rendered":"\n<p>\u00b7&nbsp;&nbsp;&nbsp;&nbsp;&nbsp;&nbsp;&nbsp; En el marco del Plan Nacional de Infraestructura P\u00fablica se desarroll\u00f3 un seminario enfocado en los desaf\u00edos de transporte y conectividad, instancia que reuni\u00f3 a diversos actores p\u00fablicos y municipales.<\/p>\n\n\n\n<p>En el sal\u00f3n auditorio del MOP en Rancagua se dieron cita representantes de los 33 municipios de la regi\u00f3n, quienes junto a los Seremis de Obras P\u00fablicas; Transporte y Telecomunicaciones; Vivienda y Urbanismo, el Gobierno Regional y la Asociaci\u00f3n de Municipalidades de O\u2019Higgins (MURO\u2019H), abordaron los desaf\u00edos de conectividad vial a nivel regional a partir del Plan Nacional de Infraestructura P\u00fablica 2055.<\/p>\n\n\n\n<p>El Plan Nacional de Infraestructura P\u00fablica, presentado recientemente por el Presidente de la Rep\u00fablica, Gabriel Boric Font, establece una hoja de ruta con una proyecci\u00f3n a 50 a\u00f1os, orientada a mejorar la calidad de vida de las comunidades del pa\u00eds.<\/p>\n\n\n\n<p>Dicho documento se estructura en cuatro ejes estrat\u00e9gicos: Habitabilidad en Centros Poblados, Seguridad H\u00eddrica, Seguridad Energ\u00e9tica y Conectividad e Integraci\u00f3n Territorial; siendo este \u00faltimo el eje central del seminario organizado por la Direcci\u00f3n regional de Planeamiento y la Asociaci\u00f3n de Municipalidades de la regi\u00f3n de O\u2019Higgins.<\/p>\n\n\n\n<figure class=\"wp-block-image size-full\"><img loading=\"lazy\" decoding=\"async\" width=\"1024\" height=\"683\" src=\"https:\/\/www.rengoenlanoticia.cl\/prensa\/wp-content\/uploads\/2025\/10\/IMG_4439-1.jpg\" alt=\"\" class=\"wp-image-6752\" srcset=\"https:\/\/www.rengoenlanoticia.cl\/prensa\/wp-content\/uploads\/2025\/10\/IMG_4439-1.jpg 1024w, https:\/\/www.rengoenlanoticia.cl\/prensa\/wp-content\/uploads\/2025\/10\/IMG_4439-1-300x200.jpg 300w, https:\/\/www.rengoenlanoticia.cl\/prensa\/wp-content\/uploads\/2025\/10\/IMG_4439-1-768x512.jpg 768w, https:\/\/www.rengoenlanoticia.cl\/prensa\/wp-content\/uploads\/2025\/10\/IMG_4439-1-110x73.jpg 110w, https:\/\/www.rengoenlanoticia.cl\/prensa\/wp-content\/uploads\/2025\/10\/IMG_4439-1-200x133.jpg 200w, https:\/\/www.rengoenlanoticia.cl\/prensa\/wp-content\/uploads\/2025\/10\/IMG_4439-1-380x253.jpg 380w, https:\/\/www.rengoenlanoticia.cl\/prensa\/wp-content\/uploads\/2025\/10\/IMG_4439-1-255x170.jpg 255w, https:\/\/www.rengoenlanoticia.cl\/prensa\/wp-content\/uploads\/2025\/10\/IMG_4439-1-550x367.jpg 550w, https:\/\/www.rengoenlanoticia.cl\/prensa\/wp-content\/uploads\/2025\/10\/IMG_4439-1-800x534.jpg 800w\" sizes=\"auto, (max-width: 1024px) 100vw, 1024px\" \/><\/figure>\n\n\n\n<p>Al respecto, la SEREMI de Obras P\u00fablicas, Mar\u00eda de Los \u00c1ngeles Latorre, destac\u00f3 el sentido de este encuentro regional: \u201cRealizamos esta jornada a trav\u00e9s de nuestra Direcci\u00f3n de Planeamiento, que trabaj\u00f3 por m\u00e1s de tres a\u00f1os levantando los requerimientos de las 33 comunas de O\u2019Higgins. Tal como ha mandatado nuestro Presidente, es fundamental relevar las prioridades del territorio y dialogar entre los protagonistas, para que los avances que buscamos trasciendan los gobiernos y se conviertan en pol\u00edticas de Estado\u201d, se\u00f1al\u00f3.<\/p>\n\n\n\n<p>Por su parte, el director de Planeamiento de O\u2019Higgins, Walter Blemith, valor\u00f3 la instancia de trabajo colaborativo: \u201cFue una jornada muy provechosa junto a la Asociaci\u00f3n de Municipalidades, el Ministerio de Transporte, el Serviu, los equipos SECPLAN y directores de tr\u00e1nsito de la regi\u00f3n, adem\u00e1s de la C\u00e1mara Chilena de la Construcci\u00f3n y gremios asociados. Esta articulaci\u00f3n nos permite validar el Plan Nacional de Infraestructura P\u00fablica desde la perspectiva de la conectividad e integraci\u00f3n territorial\u201d, indic\u00f3.<\/p>\n\n\n\n<p>El alcalde de Malloa y presidente de la MUROH, Luis Barra, agradeci\u00f3 la invitaci\u00f3n y subray\u00f3 la importancia del trabajo conjunto: \u201cAgradecemos al MOP O\u2019Higgins por generar esta instancia tan relevante. Espacios como este nos permiten fortalecer la coordinaci\u00f3n entre los municipios, los ministerios y los distintos servicios p\u00fablicos, compartiendo experiencias y desaf\u00edos que se viven en cada comuna. Esperamos que estas jornadas contin\u00faen, porque son clave para avanzar en una visi\u00f3n com\u00fan sobre el transporte y la conectividad regional\u201d, expres\u00f3.<\/p>\n\n\n\n<p>M\u00e1s de 50 participantes asistieron al seminario, que incluy\u00f3 diversas exposiciones y tem\u00e1ticas vinculadas a la movilidad regional.<\/p>\n\n\n\n<figure class=\"wp-block-image size-full\"><img loading=\"lazy\" decoding=\"async\" width=\"1024\" height=\"683\" src=\"https:\/\/www.rengoenlanoticia.cl\/prensa\/wp-content\/uploads\/2025\/10\/IMG_4455.jpg\" alt=\"\" class=\"wp-image-6754\" srcset=\"https:\/\/www.rengoenlanoticia.cl\/prensa\/wp-content\/uploads\/2025\/10\/IMG_4455.jpg 1024w, https:\/\/www.rengoenlanoticia.cl\/prensa\/wp-content\/uploads\/2025\/10\/IMG_4455-300x200.jpg 300w, https:\/\/www.rengoenlanoticia.cl\/prensa\/wp-content\/uploads\/2025\/10\/IMG_4455-768x512.jpg 768w, https:\/\/www.rengoenlanoticia.cl\/prensa\/wp-content\/uploads\/2025\/10\/IMG_4455-110x73.jpg 110w, https:\/\/www.rengoenlanoticia.cl\/prensa\/wp-content\/uploads\/2025\/10\/IMG_4455-200x133.jpg 200w, https:\/\/www.rengoenlanoticia.cl\/prensa\/wp-content\/uploads\/2025\/10\/IMG_4455-380x253.jpg 380w, https:\/\/www.rengoenlanoticia.cl\/prensa\/wp-content\/uploads\/2025\/10\/IMG_4455-255x170.jpg 255w, https:\/\/www.rengoenlanoticia.cl\/prensa\/wp-content\/uploads\/2025\/10\/IMG_4455-550x367.jpg 550w, https:\/\/www.rengoenlanoticia.cl\/prensa\/wp-content\/uploads\/2025\/10\/IMG_4455-800x534.jpg 800w\" sizes=\"auto, (max-width: 1024px) 100vw, 1024px\" \/><\/figure>\n\n\n\n<p>Entre ellas destacaron: \u201cLos desaf\u00edos de la movilidad\u201d, presentada por el profesional Aldo Herrera de la Direcci\u00f3n de Planeamiento y Desarrollo (DIPLADE); \u201cConectividad y Proyecto Ruta Intermedia\u201d, a cargo de Christian L\u00f3pez y Mauricio Carrasco de la Direcci\u00f3n de Planeamiento (DIRPLAN) del MOP; y la \u201cCartera de Proyectos Viales de la Regi\u00f3n de O\u2019Higgins\u201d, expuesta por Marcela Reyes, jefa de Proyectos de la Direcci\u00f3n de Vialidad. Adem\u00e1s, el coordinador macrozonal de SECTRA, Adolfo Vargas, present\u00f3 la \u201cPlanificaci\u00f3n del Transporte Urbano en la Regi\u00f3n\u201d.<\/p>\n\n\n\n<p>La jornada finaliz\u00f3 con un conversatorio donde participaron Luis Barboza, Seremi del Ministerio de Vivienda y Urbanismo, la Seremi de Obras P\u00fablica, Mar\u00eda de los \u00c1ngeles Latorre y el coordinador de SECTRA. Instancia en donde las y los asistentes pudieron plantear consultas y reflexiones sobre los temas abordados.<\/p>\n","protected":false},"excerpt":{"rendered":"\u00b7&nbsp;&nbsp;&nbsp;&nbsp;&nbsp;&nbsp;&nbsp; En el marco del Plan Nacional de Infraestructura P\u00fablica se desarroll\u00f3 un seminario enfocado en los desaf\u00edos&hellip;\n","protected":false},"author":1,"featured_media":6753,"comment_status":"open","ping_status":"open","sticky":false,"template":"","format":"standard","meta":{"_monsterinsights_skip_tracking":false,"_monsterinsights_sitenote_active":false,"_monsterinsights_sitenote_note":"","_monsterinsights_sitenote_category":0,"footnotes":""},"categories":[8],"tags":[],"class_list":{"0":"post-6744","1":"post","2":"type-post","3":"status-publish","4":"format-standard","5":"has-post-thumbnail","7":"category-portada"},"aioseo_notices":[],"_links":{"self":[{"href":"https:\/\/www.rengoenlanoticia.cl\/prensa\/wp-json\/wp\/v2\/posts\/6744","targetHints":{"allow":["GET"]}}],"collection":[{"href":"https:\/\/www.rengoenlanoticia.cl\/prensa\/wp-json\/wp\/v2\/posts"}],"about":[{"href":"https:\/\/www.rengoenlanoticia.cl\/prensa\/wp-json\/wp\/v2\/types\/post"}],"author":[{"embeddable":true,"href":"https:\/\/www.rengoenlanoticia.cl\/prensa\/wp-json\/wp\/v2\/users\/1"}],"replies":[{"embeddable":true,"href":"https:\/\/www.rengoenlanoticia.cl\/prensa\/wp-json\/wp\/v2\/comments?post=6744"}],"version-history":[{"count":3,"href":"https:\/\/www.rengoenlanoticia.cl\/prensa\/wp-json\/wp\/v2\/posts\/6744\/revisions"}],"predecessor-version":[{"id":6770,"href":"https:\/\/www.rengoenlanoticia.cl\/prensa\/wp-json\/wp\/v2\/posts\/6744\/revisions\/6770"}],"wp:featuredmedia":[{"embeddable":true,"href":"https:\/\/www.rengoenlanoticia.cl\/prensa\/wp-json\/wp\/v2\/media\/6753"}],"wp:attachment":[{"href":"https:\/\/www.rengoenlanoticia.cl\/prensa\/wp-json\/wp\/v2\/media?parent=6744"}],"wp:term":[{"taxonomy":"category","embeddable":true,"href":"https:\/\/www.rengoenlanoticia.cl\/prensa\/wp-json\/wp\/v2\/categories?post=6744"},{"taxonomy":"post_tag","embeddable":true,"href":"https:\/\/www.rengoenlanoticia.cl\/prensa\/wp-json\/wp\/v2\/tags?post=6744"}],"curies":[{"name":"wp","href":"https:\/\/api.w.org\/{rel}","templated":true}]}}