{"id":6737,"date":"2025-10-14T12:26:04","date_gmt":"2025-10-14T12:26:04","guid":{"rendered":"https:\/\/www.rengoenlanoticia.cl\/prensa\/?p=6737"},"modified":"2025-10-14T12:26:06","modified_gmt":"2025-10-14T12:26:06","slug":"cchc-ohiggins-reconocio-a-estudiantes-destacados-en-la-ceremonia-de-premiacion-del-programa-construyo-mi-futuro","status":"publish","type":"post","link":"https:\/\/www.rengoenlanoticia.cl\/prensa\/2025\/10\/14\/cchc-ohiggins-reconocio-a-estudiantes-destacados-en-la-ceremonia-de-premiacion-del-programa-construyo-mi-futuro\/","title":{"rendered":"CChC O\u2019Higgins reconoci\u00f3 a estudiantes destacados en la Ceremonia de Premiaci\u00f3n del Programa \u201cConstruyo Mi Futuro\u201d"},"content":{"rendered":"\n<p>La actividad destac\u00f3 el compromiso y talento de alumnos de establecimientos t\u00e9cnico-profesionales de la Regi\u00f3n de O\u2019Higgins, fortaleciendo el v\u00ednculo entre educaci\u00f3n y construcci\u00f3n.<\/p>\n\n\n\n<p>En una emotiva jornada se realiz\u00f3 la ceremonia de premiaci\u00f3n del programa \u201cConstruyo Mi Futuro\u201d, iniciativa impulsada por la C\u00e1mara Chilena de la Construcci\u00f3n O\u2019Higgins (CChC), que busca fortalecer la relaci\u00f3n entre el mundo t\u00e9cnico-profesional y el sector de la construcci\u00f3n, promoviendo la empleabilidad y el desarrollo de nuevas competencias en j\u00f3venes de la regi\u00f3n.<\/p>\n\n\n\n<p>El evento cont\u00f3 con la participaci\u00f3n del Seremi de Energ\u00eda, Claudio Mart\u00ednez; Stefano Limardo, en representaci\u00f3n del Seremi del Trabajo y Previsi\u00f3n Social; Magdalena Lund, coordinadora nacional del programa \u201cConstruyo Mi Futuro\u201d; y la presidenta de la Comisi\u00f3n de Educaci\u00f3n (CAE) de la CChC O\u2019Higgins, Elizabeth Contreras. Todos ellos coincidieron en la importancia de fortalecer la educaci\u00f3n t\u00e9cnico-profesional como una herramienta clave para el desarrollo productivo y social de la Regi\u00f3n de O\u2019Higgins.<\/p>\n\n\n\n<p>Durante la ceremonia se reconoci\u00f3 a los alumnos destacados de los siguientes establecimientos educacionales:<\/p>\n\n\n\n<figure class=\"wp-block-image size-large\"><img loading=\"lazy\" decoding=\"async\" width=\"1024\" height=\"768\" src=\"https:\/\/www.rengoenlanoticia.cl\/prensa\/wp-content\/uploads\/2025\/10\/WhatsApp-Image-2025-10-13-at-08.33.31-1024x768.jpeg\" alt=\"\" class=\"wp-image-6740\" srcset=\"https:\/\/www.rengoenlanoticia.cl\/prensa\/wp-content\/uploads\/2025\/10\/WhatsApp-Image-2025-10-13-at-08.33.31-1024x768.jpeg 1024w, https:\/\/www.rengoenlanoticia.cl\/prensa\/wp-content\/uploads\/2025\/10\/WhatsApp-Image-2025-10-13-at-08.33.31-300x225.jpeg 300w, https:\/\/www.rengoenlanoticia.cl\/prensa\/wp-content\/uploads\/2025\/10\/WhatsApp-Image-2025-10-13-at-08.33.31-768x576.jpeg 768w, https:\/\/www.rengoenlanoticia.cl\/prensa\/wp-content\/uploads\/2025\/10\/WhatsApp-Image-2025-10-13-at-08.33.31-1536x1152.jpeg 1536w, https:\/\/www.rengoenlanoticia.cl\/prensa\/wp-content\/uploads\/2025\/10\/WhatsApp-Image-2025-10-13-at-08.33.31-110x83.jpeg 110w, https:\/\/www.rengoenlanoticia.cl\/prensa\/wp-content\/uploads\/2025\/10\/WhatsApp-Image-2025-10-13-at-08.33.31-200x150.jpeg 200w, https:\/\/www.rengoenlanoticia.cl\/prensa\/wp-content\/uploads\/2025\/10\/WhatsApp-Image-2025-10-13-at-08.33.31-380x285.jpeg 380w, https:\/\/www.rengoenlanoticia.cl\/prensa\/wp-content\/uploads\/2025\/10\/WhatsApp-Image-2025-10-13-at-08.33.31-255x191.jpeg 255w, https:\/\/www.rengoenlanoticia.cl\/prensa\/wp-content\/uploads\/2025\/10\/WhatsApp-Image-2025-10-13-at-08.33.31-550x413.jpeg 550w, https:\/\/www.rengoenlanoticia.cl\/prensa\/wp-content\/uploads\/2025\/10\/WhatsApp-Image-2025-10-13-at-08.33.31-800x600.jpeg 800w, https:\/\/www.rengoenlanoticia.cl\/prensa\/wp-content\/uploads\/2025\/10\/WhatsApp-Image-2025-10-13-at-08.33.31-1160x870.jpeg 1160w, https:\/\/www.rengoenlanoticia.cl\/prensa\/wp-content\/uploads\/2025\/10\/WhatsApp-Image-2025-10-13-at-08.33.31.jpeg 1600w\" sizes=\"auto, (max-width: 1024px) 100vw, 1024px\" \/><\/figure>\n\n\n\n<ul class=\"wp-block-list\">\n<li>Colegio Ena Bellemans<\/li>\n\n\n\n<li>Liceo Industrial Ernesto Pinto Lagarrigue<\/li>\n\n\n\n<li>Complejo Educacional de Chimbarongo<\/li>\n\n\n\n<li>Liceo Industrial de San Fernando<\/li>\n\n\n\n<li>Liceo Industrial Esteban Leython Soto de Rengo<\/li>\n<\/ul>\n\n\n\n<p>\u201cLa formaci\u00f3n t\u00e9cnica juega un papel fundamental en el desarrollo sostenible y energ\u00e9tico de nuestra regi\u00f3n. Estos j\u00f3venes no solo representan el futuro de la construcci\u00f3n, sino tambi\u00e9n el compromiso con un Chile m\u00e1s eficiente, innovador y preparado para los desaf\u00edos energ\u00e9ticos del ma\u00f1ana\u201d, destac\u00f3 Claudio Mart\u00ednez, Seremi de Energ\u00eda de la Regi\u00f3n de O\u2019Higgins.<\/p>\n\n\n\n<p>Por su parte, Magdalena Lund, coordinadora nacional del programa \u201cConstruyo Mi Futuro\u201d, se\u00f1al\u00f3 que \u201ceste programa busca abrir oportunidades reales para que los estudiantes t\u00e9cnico-profesionales puedan visualizar un futuro laboral en la industria de la construcci\u00f3n, fortaleciendo su formaci\u00f3n y su v\u00ednculo con las empresas del sector. Hoy celebramos su esfuerzo y talento, que son un orgullo para sus comunidades educativas\u201d.<\/p>\n\n\n\n<figure class=\"wp-block-image size-large\"><img loading=\"lazy\" decoding=\"async\" width=\"1024\" height=\"768\" src=\"https:\/\/www.rengoenlanoticia.cl\/prensa\/wp-content\/uploads\/2025\/10\/WhatsApp-Image-2025-10-13-at-08.33.29-1024x768.jpeg\" alt=\"\" class=\"wp-image-6738\" srcset=\"https:\/\/www.rengoenlanoticia.cl\/prensa\/wp-content\/uploads\/2025\/10\/WhatsApp-Image-2025-10-13-at-08.33.29-1024x768.jpeg 1024w, https:\/\/www.rengoenlanoticia.cl\/prensa\/wp-content\/uploads\/2025\/10\/WhatsApp-Image-2025-10-13-at-08.33.29-300x225.jpeg 300w, https:\/\/www.rengoenlanoticia.cl\/prensa\/wp-content\/uploads\/2025\/10\/WhatsApp-Image-2025-10-13-at-08.33.29-768x576.jpeg 768w, https:\/\/www.rengoenlanoticia.cl\/prensa\/wp-content\/uploads\/2025\/10\/WhatsApp-Image-2025-10-13-at-08.33.29-1536x1152.jpeg 1536w, https:\/\/www.rengoenlanoticia.cl\/prensa\/wp-content\/uploads\/2025\/10\/WhatsApp-Image-2025-10-13-at-08.33.29-110x83.jpeg 110w, https:\/\/www.rengoenlanoticia.cl\/prensa\/wp-content\/uploads\/2025\/10\/WhatsApp-Image-2025-10-13-at-08.33.29-200x150.jpeg 200w, https:\/\/www.rengoenlanoticia.cl\/prensa\/wp-content\/uploads\/2025\/10\/WhatsApp-Image-2025-10-13-at-08.33.29-380x285.jpeg 380w, https:\/\/www.rengoenlanoticia.cl\/prensa\/wp-content\/uploads\/2025\/10\/WhatsApp-Image-2025-10-13-at-08.33.29-255x191.jpeg 255w, https:\/\/www.rengoenlanoticia.cl\/prensa\/wp-content\/uploads\/2025\/10\/WhatsApp-Image-2025-10-13-at-08.33.29-550x413.jpeg 550w, https:\/\/www.rengoenlanoticia.cl\/prensa\/wp-content\/uploads\/2025\/10\/WhatsApp-Image-2025-10-13-at-08.33.29-800x600.jpeg 800w, https:\/\/www.rengoenlanoticia.cl\/prensa\/wp-content\/uploads\/2025\/10\/WhatsApp-Image-2025-10-13-at-08.33.29-1160x870.jpeg 1160w, https:\/\/www.rengoenlanoticia.cl\/prensa\/wp-content\/uploads\/2025\/10\/WhatsApp-Image-2025-10-13-at-08.33.29.jpeg 1600w\" sizes=\"auto, (max-width: 1024px) 100vw, 1024px\" \/><\/figure>\n\n\n\n<p>En tanto, Elizabeth Contreras, presidenta de la CAE de la CChC O\u2019Higgins, destac\u00f3 que \u201ccomo gremio, creemos firmemente en el rol de la educaci\u00f3n t\u00e9cnico-profesional y en el impacto que tiene para construir un Chile m\u00e1s equitativo y con mayores oportunidades. Estos j\u00f3venes son el reflejo del talento y la motivaci\u00f3n que necesitamos para seguir creciendo como industria\u201d.<\/p>\n\n\n\n<p>La ceremonia finaliz\u00f3 con un llamado a seguir fortaleciendo el trabajo colaborativo entre instituciones p\u00fablicas, establecimientos educacionales y empresas del rubro, reafirmando el compromiso de la CChC O\u2019Higgins con la formaci\u00f3n, empleabilidad y desarrollo de las futuras generaciones.<\/p>\n","protected":false},"excerpt":{"rendered":"La actividad destac\u00f3 el compromiso y talento de alumnos de establecimientos t\u00e9cnico-profesionales de la Regi\u00f3n de O\u2019Higgins, fortaleciendo&hellip;\n","protected":false},"author":1,"featured_media":6739,"comment_status":"open","ping_status":"open","sticky":false,"template":"","format":"standard","meta":{"_monsterinsights_skip_tracking":false,"_monsterinsights_sitenote_active":false,"_monsterinsights_sitenote_note":"","_monsterinsights_sitenote_category":0,"footnotes":""},"categories":[8],"tags":[],"class_list":{"0":"post-6737","1":"post","2":"type-post","3":"status-publish","4":"format-standard","5":"has-post-thumbnail","7":"category-portada"},"aioseo_notices":[],"_links":{"self":[{"href":"https:\/\/www.rengoenlanoticia.cl\/prensa\/wp-json\/wp\/v2\/posts\/6737","targetHints":{"allow":["GET"]}}],"collection":[{"href":"https:\/\/www.rengoenlanoticia.cl\/prensa\/wp-json\/wp\/v2\/posts"}],"about":[{"href":"https:\/\/www.rengoenlanoticia.cl\/prensa\/wp-json\/wp\/v2\/types\/post"}],"author":[{"embeddable":true,"href":"https:\/\/www.rengoenlanoticia.cl\/prensa\/wp-json\/wp\/v2\/users\/1"}],"replies":[{"embeddable":true,"href":"https:\/\/www.rengoenlanoticia.cl\/prensa\/wp-json\/wp\/v2\/comments?post=6737"}],"version-history":[{"count":3,"href":"https:\/\/www.rengoenlanoticia.cl\/prensa\/wp-json\/wp\/v2\/posts\/6737\/revisions"}],"predecessor-version":[{"id":6743,"href":"https:\/\/www.rengoenlanoticia.cl\/prensa\/wp-json\/wp\/v2\/posts\/6737\/revisions\/6743"}],"wp:featuredmedia":[{"embeddable":true,"href":"https:\/\/www.rengoenlanoticia.cl\/prensa\/wp-json\/wp\/v2\/media\/6739"}],"wp:attachment":[{"href":"https:\/\/www.rengoenlanoticia.cl\/prensa\/wp-json\/wp\/v2\/media?parent=6737"}],"wp:term":[{"taxonomy":"category","embeddable":true,"href":"https:\/\/www.rengoenlanoticia.cl\/prensa\/wp-json\/wp\/v2\/categories?post=6737"},{"taxonomy":"post_tag","embeddable":true,"href":"https:\/\/www.rengoenlanoticia.cl\/prensa\/wp-json\/wp\/v2\/tags?post=6737"}],"curies":[{"name":"wp","href":"https:\/\/api.w.org\/{rel}","templated":true}]}}