{"id":673,"date":"2024-12-30T22:41:49","date_gmt":"2024-12-30T22:41:49","guid":{"rendered":"https:\/\/www.rengoenlanoticia.cl\/prensa\/?p=673"},"modified":"2025-01-03T22:42:42","modified_gmt":"2025-01-03T22:42:42","slug":"comenzo-verano-seguro-en-zonas-de-mayor-afluencia-turistica-en-region-de-ohiggins","status":"publish","type":"post","link":"https:\/\/www.rengoenlanoticia.cl\/prensa\/2024\/12\/30\/comenzo-verano-seguro-en-zonas-de-mayor-afluencia-turistica-en-region-de-ohiggins\/","title":{"rendered":"Comenz\u00f3 Verano Seguro en zonas de mayor afluencia tur\u00edstica en Regi\u00f3n de O\u2019Higgins"},"content":{"rendered":"\n<p>En el marco del Plan Regional 2024-2025, que incluye a\u00a0m\u00e1s de 80 efectivos de Carabineros distribuidos en los distintos destacamentos en el borde costero, Lago Rapel y en las Termas del Flaco. \u00a0<\/p>\n\n\n\n<p>Destacando el despliegue de funcionarios de Carabineros y la implementaci\u00f3n de unidades operativas en distintos balnearios costeros de la regi\u00f3n de O\u2019Higgins, el Delegado Presidencial Fabio L\u00f3pez Aguilera, junto a autoridades de Carabineros, alcalde de Pichilemu, Delegada Provincial de Cardenal Caro,&nbsp;Coordinador Seguridad P\u00fablica&nbsp;y parlamentarios, realiz\u00f3 el lanzamiento regional del Plan Verano Seguro 2024-2025.<\/p>\n\n\n\n<figure class=\"wp-block-image size-large\"><img decoding=\"async\" src=\"https:\/\/www.rengoenlanoticia.cl\/prensa\/wp-content\/uploads\/2025\/01\/Verano_seguro-1-1024x576.jpeg\" alt=\"\" class=\"wp-image-675\"\/><\/figure>\n\n\n\n<p>En pleno borde costero de Pichilemu, el Delegado indic\u00f3 que este plan busca reforzar la seguridad en los destinos tur\u00edsticos y zonas de alta afluencia durante el periodo estival, mediante la implementaci\u00f3n de un despliegue estrat\u00e9gico de personal policial y unidades operativas temporales. \u201cEllo es parte del compromiso del Gobierno, tal como lo indic\u00f3 el Presidente Gabriel Boric en el lanzamiento de este plan a nivel nacional, busca reforzar la seguridad y confianza, para que nuestros vecinos, vecinas y tambi\u00e9n los turistas, disfruten de las bondades de nuestras playas y distintos sectores tur\u00edsticos, sin temor a actos delictuales, en especial en estas fechas donde aumenta significativamente la poblaci\u00f3n flotante\u201d, resalt\u00f3 Fabio L\u00f3pez.<\/p>\n\n\n\n<p>La autoridad regional agreg\u00f3 que \u201cestamos en presencia de un trabajo coordinado con distintas instituciones para asegurar el orden p\u00fablico y dar tranquilidad a quienes viven en estas zonas, y a quienes nos visitan, priorizando la prevenci\u00f3n de delitos, y par ello,&nbsp;m\u00e1s de 80 efectivos de Carabineros van a estar en los distintos destacamentos, distribuidos en el borde costero, Lago Rapel y en las Termas del Flaco. &nbsp;Por lo mismo, quiero agradecer el esfuerzo que est\u00e1n realizando nuestros carabineros porque esto no solamente apunta a dar mayor seguridad a los veraneantes sino que tambi\u00e9n a aumentar la sensaci\u00f3n de seguridad para los emprendedores que se encuentran a lo largo de nuestra regi\u00f3n\u201d.<\/p>\n\n\n\n<figure class=\"wp-block-image size-large\"><img decoding=\"async\" src=\"https:\/\/www.rengoenlanoticia.cl\/prensa\/wp-content\/uploads\/2025\/01\/Verano_seguro-2-1024x576.jpeg\" alt=\"\" class=\"wp-image-676\"\/><\/figure>\n\n\n\n<p>Respecto a ello, el Jefe de Zona O\u2019Higgins, General Max Jim\u00e9nez Fleming, se\u00f1al\u00f3 que \u00abcomo Carabineros siempre mantenemos una presencia activa y permanente en la regi\u00f3n y el Plan Verano nos permite reforzar y potenciar con recurso humano y medios log\u00edsticos los servicios para entregar mayor seguridad a residentes, comerciantes y a los miles de turistas que llegan cada a\u00f1o a disfrutar de sus vacaciones en Pichilemu y sus alrededores\u00bb.<\/p>\n\n\n\n<p>El General Jim\u00e9nez adem\u00e1s hizo un llamado a la ciudadan\u00eda al autocuidado, a cuidar a su familia, a sus hijos, a que no se expongan de forma innecesaria a situaciones de riesgo, especialmente cuando la autoridad emite una alerta, por ejemplo de marejadas o alerta de incendio forestal. \u00abEsperamos -dijo el General- que este sea un per\u00edodo estival tranquilo. Los Carabineros estaremos desplegados para brindar prevenci\u00f3n y seguridad a la comunidad como siempre y trabajando de forma mancomunadamente junto a municipios, bomberos, Conaf y a todas las instituciones de seguridad para dar tranquilidad a los veraneantes\u00bb.<\/p>\n\n\n\n<p>Cabe indicar que el Plan Verano Seguro se divide en dos etapas, la primera se extiende hasta fines de enero y la segunda es para enfrentar el mes de febrero, con la llegada de Carabineros que son distribuidos estrat\u00e9gicamente en los lugares m\u00e1s concurridos. Es as\u00ed que en esta oportunidad, son destinados a: 3\u00b0 Comisar\u00eda de Pichilemu; Tenencia temporal de Paredones, Tenencia El Manzano, Tenencia de Navidad, y para ello, vienen Carabineros desde la Direcci\u00f3n de Educaci\u00f3n, Doctrina e Historia, siendo algunos de ellos de la Escuela de Suboficiales de Carabineros y de la Academia de Ciencias Policiales.<\/p>\n\n\n\n<p>Por su parte, el alcalde de Pichilemu, Roberto C\u00f3rdova,&nbsp;coment\u00f3 la importancia que tiene este lanzamiento, ya que \u201ces una acci\u00f3n fundamental para la Comuna de Pichilemu, dado que nos permite generar una sensaci\u00f3n de tranquilidad previa a la llegada del verano, y esto va a permanecer durante los meses de temporada, que es lo que la gente espera y quiere. La comunidad nos exige a las autoridades locales que realicemos las articulaciones necesarias para contar con mayor seguridad, y eso se ve reflejado en este Plan del Verano Seguro, y tal como dec\u00eda el Delegado Presidencial, estamos en presencia de una buena articulaci\u00f3n de todos los servicios p\u00fablicos, para que el verano sea seguro\u201d.<\/p>\n\n\n\n<p>A\u00f1adi\u00f3 el alcalde que \u201cestamos disponibles para liderar todos los esfuerzos necesarios a nivel comunal para dar tranquilidad a nuestra comunidad y, por supuesto, a toda la gente que prefiere nuestra querida comuna para pasar sus vacaciones\u201d.<\/p>\n\n\n\n<p>Finalmente durante el lanzamiento, se destac\u00f3 el trabajo coordinado con CONAF, bomberos, las distintas oficinas de seguridad de los municipios y la polic\u00eda mar\u00edtima de la Armada de Chile.<\/p>\n\n\n\n<p><\/p>\n","protected":false},"excerpt":{"rendered":"En el marco del Plan Regional 2024-2025, que incluye a\u00a0m\u00e1s de 80 efectivos de Carabineros distribuidos en los&hellip;\n","protected":false},"author":2,"featured_media":0,"comment_status":"open","ping_status":"open","sticky":false,"template":"","format":"standard","meta":{"_monsterinsights_skip_tracking":false,"_monsterinsights_sitenote_active":false,"_monsterinsights_sitenote_note":"","_monsterinsights_sitenote_category":0,"footnotes":""},"categories":[8],"tags":[],"class_list":{"0":"post-673","1":"post","2":"type-post","3":"status-publish","4":"format-standard","6":"category-portada"},"aioseo_notices":[],"_links":{"self":[{"href":"https:\/\/www.rengoenlanoticia.cl\/prensa\/wp-json\/wp\/v2\/posts\/673","targetHints":{"allow":["GET"]}}],"collection":[{"href":"https:\/\/www.rengoenlanoticia.cl\/prensa\/wp-json\/wp\/v2\/posts"}],"about":[{"href":"https:\/\/www.rengoenlanoticia.cl\/prensa\/wp-json\/wp\/v2\/types\/post"}],"author":[{"embeddable":true,"href":"https:\/\/www.rengoenlanoticia.cl\/prensa\/wp-json\/wp\/v2\/users\/2"}],"replies":[{"embeddable":true,"href":"https:\/\/www.rengoenlanoticia.cl\/prensa\/wp-json\/wp\/v2\/comments?post=673"}],"version-history":[{"count":1,"href":"https:\/\/www.rengoenlanoticia.cl\/prensa\/wp-json\/wp\/v2\/posts\/673\/revisions"}],"predecessor-version":[{"id":677,"href":"https:\/\/www.rengoenlanoticia.cl\/prensa\/wp-json\/wp\/v2\/posts\/673\/revisions\/677"}],"wp:attachment":[{"href":"https:\/\/www.rengoenlanoticia.cl\/prensa\/wp-json\/wp\/v2\/media?parent=673"}],"wp:term":[{"taxonomy":"category","embeddable":true,"href":"https:\/\/www.rengoenlanoticia.cl\/prensa\/wp-json\/wp\/v2\/categories?post=673"},{"taxonomy":"post_tag","embeddable":true,"href":"https:\/\/www.rengoenlanoticia.cl\/prensa\/wp-json\/wp\/v2\/tags?post=673"}],"curies":[{"name":"wp","href":"https:\/\/api.w.org\/{rel}","templated":true}]}}