{"id":6705,"date":"2025-10-14T00:47:38","date_gmt":"2025-10-14T00:47:38","guid":{"rendered":"https:\/\/www.rengoenlanoticia.cl\/prensa\/?p=6705"},"modified":"2025-10-14T00:47:47","modified_gmt":"2025-10-14T00:47:47","slug":"botiquin-de-saberes-y-cuidado-natural-se-tomaron-graneros","status":"publish","type":"post","link":"https:\/\/www.rengoenlanoticia.cl\/prensa\/2025\/10\/14\/botiquin-de-saberes-y-cuidado-natural-se-tomaron-graneros\/","title":{"rendered":"Botiqu\u00edn de Saberes y Cuidado Natural se tomaron Graneros"},"content":{"rendered":"\n<p>Como parte de las actividades por el D\u00eda de la Salud Mental y del Alzheimer.<\/p>\n\n\n\n<p>Encuentros de herbolaria denominados \u201cBotiqu\u00edn de Saberes y Cuidado Natural\u201d, han sido parte de las actividades desarrolladas por el hospital de Graneros con el prop\u00f3sito de promover el bienestar f\u00edsico, emocional y sensorial de las personas mayores con diagn\u00f3stico de Alzheimer y de sus cuidadores, a trav\u00e9s de experiencias significativas y de autocuidado.<\/p>\n\n\n\n<p>A lo largo de tres talleres, los participantes elaboraron productos naturales como tinturas, ung\u00fcentos, jabones e infusiones, conectando con sus capacidades, emociones y creatividad. Esta experiencia, realizada para conmemorar el D\u00eda Mundial del Alzheimer y D\u00eda Mundial de la Salud Mental, permiti\u00f3 estimular la memoria olfativa, fortalecer la motricidad fina y reforzar el sentido de pertenencia, en un ambiente participativo, respetuoso y afectuoso.<\/p>\n\n\n\n<figure class=\"wp-block-image size-large\"><img loading=\"lazy\" decoding=\"async\" width=\"1024\" height=\"768\" src=\"https:\/\/www.rengoenlanoticia.cl\/prensa\/wp-content\/uploads\/2025\/10\/WhatsApp-Image-2025-10-13-at-12.23.39-1024x768.jpeg\" alt=\"\" class=\"wp-image-6709\" srcset=\"https:\/\/www.rengoenlanoticia.cl\/prensa\/wp-content\/uploads\/2025\/10\/WhatsApp-Image-2025-10-13-at-12.23.39-1024x768.jpeg 1024w, https:\/\/www.rengoenlanoticia.cl\/prensa\/wp-content\/uploads\/2025\/10\/WhatsApp-Image-2025-10-13-at-12.23.39-300x225.jpeg 300w, https:\/\/www.rengoenlanoticia.cl\/prensa\/wp-content\/uploads\/2025\/10\/WhatsApp-Image-2025-10-13-at-12.23.39-768x576.jpeg 768w, https:\/\/www.rengoenlanoticia.cl\/prensa\/wp-content\/uploads\/2025\/10\/WhatsApp-Image-2025-10-13-at-12.23.39-110x83.jpeg 110w, https:\/\/www.rengoenlanoticia.cl\/prensa\/wp-content\/uploads\/2025\/10\/WhatsApp-Image-2025-10-13-at-12.23.39-200x150.jpeg 200w, https:\/\/www.rengoenlanoticia.cl\/prensa\/wp-content\/uploads\/2025\/10\/WhatsApp-Image-2025-10-13-at-12.23.39-380x285.jpeg 380w, https:\/\/www.rengoenlanoticia.cl\/prensa\/wp-content\/uploads\/2025\/10\/WhatsApp-Image-2025-10-13-at-12.23.39-255x191.jpeg 255w, https:\/\/www.rengoenlanoticia.cl\/prensa\/wp-content\/uploads\/2025\/10\/WhatsApp-Image-2025-10-13-at-12.23.39-550x413.jpeg 550w, https:\/\/www.rengoenlanoticia.cl\/prensa\/wp-content\/uploads\/2025\/10\/WhatsApp-Image-2025-10-13-at-12.23.39-800x600.jpeg 800w, https:\/\/www.rengoenlanoticia.cl\/prensa\/wp-content\/uploads\/2025\/10\/WhatsApp-Image-2025-10-13-at-12.23.39-1160x870.jpeg 1160w, https:\/\/www.rengoenlanoticia.cl\/prensa\/wp-content\/uploads\/2025\/10\/WhatsApp-Image-2025-10-13-at-12.23.39.jpeg 1280w\" sizes=\"auto, (max-width: 1024px) 100vw, 1024px\" \/><\/figure>\n\n\n\n<p>Cada asistente confeccion\u00f3 su propio botiqu\u00edn natural personalizado, que se transform\u00f3 en un s\u00edmbolo de memoria, cuidado y comunidad. M\u00e1s que productos, se elaboraron lazos y experiencias compartidas, poniendo en valor los saberes tradicionales y la importancia de cuidar con dignidad y afecto.<\/p>\n\n\n\n<p>Sobre la actividad, que fue guiada por la natur\u00f3pata, Karina Nilo y la terapeuta ocupacional, Valentina Gallardo, se destac\u00f3 que este taller \u201cbusc\u00f3 reconectar con la naturaleza y con nuestras memorias m\u00e1s profundas a trav\u00e9s de los sentidos. Cada aroma y textura permiti\u00f3 trabajar desde el bienestar y la conexi\u00f3n emocional, algo fundamental en el acompa\u00f1amiento de personas mayores con Alzheimer\u201d, se\u00f1al\u00f3 la subdirectora m\u00e9dica del hospital de Graneros, Dra. Fernanda Anich.<\/p>\n\n\n\n<p>Asimismo, Valentina Gallardo explic\u00f3 que \u201cm\u00e1s all\u00e1 de la elaboraci\u00f3n de productos, esta instancia fue un espacio de encuentro. Vimos c\u00f3mo los participantes se involucraron desde su historia, su creatividad y su afecto, fortaleciendo v\u00ednculos entre cuidadores y personas mayores\u201d.<\/p>\n\n\n\n<figure class=\"wp-block-image size-large\"><img loading=\"lazy\" decoding=\"async\" width=\"1024\" height=\"576\" src=\"https:\/\/www.rengoenlanoticia.cl\/prensa\/wp-content\/uploads\/2025\/10\/WhatsApp-Image-2025-10-13-at-12.23.38-2-1024x576.jpeg\" alt=\"\" class=\"wp-image-6707\" srcset=\"https:\/\/www.rengoenlanoticia.cl\/prensa\/wp-content\/uploads\/2025\/10\/WhatsApp-Image-2025-10-13-at-12.23.38-2-1024x576.jpeg 1024w, https:\/\/www.rengoenlanoticia.cl\/prensa\/wp-content\/uploads\/2025\/10\/WhatsApp-Image-2025-10-13-at-12.23.38-2-300x169.jpeg 300w, https:\/\/www.rengoenlanoticia.cl\/prensa\/wp-content\/uploads\/2025\/10\/WhatsApp-Image-2025-10-13-at-12.23.38-2-768x432.jpeg 768w, https:\/\/www.rengoenlanoticia.cl\/prensa\/wp-content\/uploads\/2025\/10\/WhatsApp-Image-2025-10-13-at-12.23.38-2-1536x864.jpeg 1536w, https:\/\/www.rengoenlanoticia.cl\/prensa\/wp-content\/uploads\/2025\/10\/WhatsApp-Image-2025-10-13-at-12.23.38-2-110x62.jpeg 110w, https:\/\/www.rengoenlanoticia.cl\/prensa\/wp-content\/uploads\/2025\/10\/WhatsApp-Image-2025-10-13-at-12.23.38-2-200x113.jpeg 200w, https:\/\/www.rengoenlanoticia.cl\/prensa\/wp-content\/uploads\/2025\/10\/WhatsApp-Image-2025-10-13-at-12.23.38-2-380x214.jpeg 380w, https:\/\/www.rengoenlanoticia.cl\/prensa\/wp-content\/uploads\/2025\/10\/WhatsApp-Image-2025-10-13-at-12.23.38-2-255x143.jpeg 255w, https:\/\/www.rengoenlanoticia.cl\/prensa\/wp-content\/uploads\/2025\/10\/WhatsApp-Image-2025-10-13-at-12.23.38-2-550x309.jpeg 550w, https:\/\/www.rengoenlanoticia.cl\/prensa\/wp-content\/uploads\/2025\/10\/WhatsApp-Image-2025-10-13-at-12.23.38-2-800x450.jpeg 800w, https:\/\/www.rengoenlanoticia.cl\/prensa\/wp-content\/uploads\/2025\/10\/WhatsApp-Image-2025-10-13-at-12.23.38-2-1160x653.jpeg 1160w, https:\/\/www.rengoenlanoticia.cl\/prensa\/wp-content\/uploads\/2025\/10\/WhatsApp-Image-2025-10-13-at-12.23.38-2.jpeg 1600w\" sizes=\"auto, (max-width: 1024px) 100vw, 1024px\" \/><\/figure>\n\n\n\n<p>Esta actividad cobra gran relevancia cuando se conmemora el D\u00eda Mundial de la Salud Mental, reafirmado el Hospital de Graneros su compromiso con la promoci\u00f3n de la salud mental y el bienestar integral de las personas mayores.<\/p>\n\n\n\n<figure class=\"wp-block-image size-large\"><img loading=\"lazy\" decoding=\"async\" width=\"576\" height=\"1024\" src=\"https:\/\/www.rengoenlanoticia.cl\/prensa\/wp-content\/uploads\/2025\/10\/WhatsApp-Image-2025-10-13-at-12.23.38-1-576x1024.jpeg\" alt=\"\" class=\"wp-image-6706\" srcset=\"https:\/\/www.rengoenlanoticia.cl\/prensa\/wp-content\/uploads\/2025\/10\/WhatsApp-Image-2025-10-13-at-12.23.38-1-576x1024.jpeg 576w, https:\/\/www.rengoenlanoticia.cl\/prensa\/wp-content\/uploads\/2025\/10\/WhatsApp-Image-2025-10-13-at-12.23.38-1-169x300.jpeg 169w, https:\/\/www.rengoenlanoticia.cl\/prensa\/wp-content\/uploads\/2025\/10\/WhatsApp-Image-2025-10-13-at-12.23.38-1-768x1365.jpeg 768w, https:\/\/www.rengoenlanoticia.cl\/prensa\/wp-content\/uploads\/2025\/10\/WhatsApp-Image-2025-10-13-at-12.23.38-1-864x1536.jpeg 864w, https:\/\/www.rengoenlanoticia.cl\/prensa\/wp-content\/uploads\/2025\/10\/WhatsApp-Image-2025-10-13-at-12.23.38-1-110x196.jpeg 110w, https:\/\/www.rengoenlanoticia.cl\/prensa\/wp-content\/uploads\/2025\/10\/WhatsApp-Image-2025-10-13-at-12.23.38-1-200x356.jpeg 200w, https:\/\/www.rengoenlanoticia.cl\/prensa\/wp-content\/uploads\/2025\/10\/WhatsApp-Image-2025-10-13-at-12.23.38-1-380x676.jpeg 380w, https:\/\/www.rengoenlanoticia.cl\/prensa\/wp-content\/uploads\/2025\/10\/WhatsApp-Image-2025-10-13-at-12.23.38-1-255x453.jpeg 255w, https:\/\/www.rengoenlanoticia.cl\/prensa\/wp-content\/uploads\/2025\/10\/WhatsApp-Image-2025-10-13-at-12.23.38-1-300x533.jpeg 300w, https:\/\/www.rengoenlanoticia.cl\/prensa\/wp-content\/uploads\/2025\/10\/WhatsApp-Image-2025-10-13-at-12.23.38-1-550x978.jpeg 550w, https:\/\/www.rengoenlanoticia.cl\/prensa\/wp-content\/uploads\/2025\/10\/WhatsApp-Image-2025-10-13-at-12.23.38-1-800x1422.jpeg 800w, https:\/\/www.rengoenlanoticia.cl\/prensa\/wp-content\/uploads\/2025\/10\/WhatsApp-Image-2025-10-13-at-12.23.38-1.jpeg 900w\" sizes=\"auto, (max-width: 576px) 100vw, 576px\" \/><\/figure>\n","protected":false},"excerpt":{"rendered":"Como parte de las actividades por el D\u00eda de la Salud Mental y del Alzheimer. Encuentros de herbolaria&hellip;\n","protected":false},"author":1,"featured_media":6708,"comment_status":"open","ping_status":"open","sticky":false,"template":"","format":"standard","meta":{"_monsterinsights_skip_tracking":false,"_monsterinsights_sitenote_active":false,"_monsterinsights_sitenote_note":"","_monsterinsights_sitenote_category":0,"footnotes":""},"categories":[8],"tags":[],"class_list":{"0":"post-6705","1":"post","2":"type-post","3":"status-publish","4":"format-standard","5":"has-post-thumbnail","7":"category-portada"},"aioseo_notices":[],"_links":{"self":[{"href":"https:\/\/www.rengoenlanoticia.cl\/prensa\/wp-json\/wp\/v2\/posts\/6705","targetHints":{"allow":["GET"]}}],"collection":[{"href":"https:\/\/www.rengoenlanoticia.cl\/prensa\/wp-json\/wp\/v2\/posts"}],"about":[{"href":"https:\/\/www.rengoenlanoticia.cl\/prensa\/wp-json\/wp\/v2\/types\/post"}],"author":[{"embeddable":true,"href":"https:\/\/www.rengoenlanoticia.cl\/prensa\/wp-json\/wp\/v2\/users\/1"}],"replies":[{"embeddable":true,"href":"https:\/\/www.rengoenlanoticia.cl\/prensa\/wp-json\/wp\/v2\/comments?post=6705"}],"version-history":[{"count":3,"href":"https:\/\/www.rengoenlanoticia.cl\/prensa\/wp-json\/wp\/v2\/posts\/6705\/revisions"}],"predecessor-version":[{"id":6721,"href":"https:\/\/www.rengoenlanoticia.cl\/prensa\/wp-json\/wp\/v2\/posts\/6705\/revisions\/6721"}],"wp:featuredmedia":[{"embeddable":true,"href":"https:\/\/www.rengoenlanoticia.cl\/prensa\/wp-json\/wp\/v2\/media\/6708"}],"wp:attachment":[{"href":"https:\/\/www.rengoenlanoticia.cl\/prensa\/wp-json\/wp\/v2\/media?parent=6705"}],"wp:term":[{"taxonomy":"category","embeddable":true,"href":"https:\/\/www.rengoenlanoticia.cl\/prensa\/wp-json\/wp\/v2\/categories?post=6705"},{"taxonomy":"post_tag","embeddable":true,"href":"https:\/\/www.rengoenlanoticia.cl\/prensa\/wp-json\/wp\/v2\/tags?post=6705"}],"curies":[{"name":"wp","href":"https:\/\/api.w.org\/{rel}","templated":true}]}}