{"id":6692,"date":"2025-10-14T00:58:20","date_gmt":"2025-10-14T00:58:20","guid":{"rendered":"https:\/\/www.rengoenlanoticia.cl\/prensa\/?p=6692"},"modified":"2025-10-14T00:58:22","modified_gmt":"2025-10-14T00:58:22","slug":"gobierno-regional-entrega-subsidios-para-renovacion-de-taxis-colectivos-en-ohiggins","status":"publish","type":"post","link":"https:\/\/www.rengoenlanoticia.cl\/prensa\/2025\/10\/14\/gobierno-regional-entrega-subsidios-para-renovacion-de-taxis-colectivos-en-ohiggins\/","title":{"rendered":"Gobierno Regional entrega subsidios para renovaci\u00f3n de taxis colectivos en O\u00b4Higgins"},"content":{"rendered":"\n<p>\u2022 A trav\u00e9s del Programa \u201cRenueva tu Colectivo\u201d, 157 propietarios de estos veh\u00edculos de transporte p\u00fablico fueron beneficiados en 18 comunas de la regi\u00f3n.<\/p>\n\n\n\n<p>El Gobierno Regional entreg\u00f3 subsidios a 157 propietarios de taxis colectivos de la Regi\u00f3n de O\u00b4Higgins, quienes se adjudicaron fondos del programa \u201cRenueva tu Colectivo\u201d, del a\u00f1o 2024, que les permitir\u00e1n renovar sus veh\u00edculos, mejorando la seguridad, eficiencia y calidad del transporte p\u00fablico menor.<\/p>\n\n\n\n<p>El programa es ejecutado por el Ministerio de Transportes y Telecomunicaciones, y busca renovar los taxis colectivos antiguos, apoyando la reactivaci\u00f3n econ\u00f3mica regional.<\/p>\n\n\n\n<p>Para ello, el Gobierno Regional de O\u00b4Higgins destin\u00f3 492 millones 900 mil pesos, beneficiando a transportistas de 18 comunas de la regi\u00f3n, pertenecientes- en su gran mayor\u00eda- a las comunas de Rancagua, Rengo, San Fernando y Pichilemu.<\/p>\n\n\n\n<p>Al respecto, la Gobernadora Regional (S), Natalia S\u00e1nchez Aceituno, asegur\u00f3 que \u201cesta es una regi\u00f3n que tiene un Gobernador, Pablo Silva Amaya, y un Consejo Regional, que a la hora de aprobar recursos para subsidios que permiten el recambio de la flota de taxis colectivos, no existe ninguna duda, hay un apoyo transversal y el acento que se le pone al sentido del transporte p\u00fablico es algo que nos llena de orgullo. Nosotros estamos entregando casi 500 millones de pesos en subsidios, se est\u00e1n beneficiando 157 conductores de taxis colectivos de la Regi\u00f3n de O\u00b4Higgins, amortiguando los costos que implica la renovaci\u00f3n de ese colectivo. Y desde esa perspectiva, vamos teniendo una flota moderna, dignificando la labor de los conductores de colectivos, mejorando un servicio tan importante para la gente que necesita trasladarse en nuestras comunas. Somos la regi\u00f3n que invierte m\u00e1s recursos p\u00fablicos para que este gremio pueda renovar su flota y eso nos enorgullece\u201d.<\/p>\n\n\n\n<figure class=\"wp-block-image size-large\"><img loading=\"lazy\" decoding=\"async\" width=\"1024\" height=\"682\" src=\"https:\/\/www.rengoenlanoticia.cl\/prensa\/wp-content\/uploads\/2025\/10\/WhatsApp-Image-2025-10-13-at-16.23.52-1024x682.jpeg\" alt=\"\" class=\"wp-image-6726\" srcset=\"https:\/\/www.rengoenlanoticia.cl\/prensa\/wp-content\/uploads\/2025\/10\/WhatsApp-Image-2025-10-13-at-16.23.52-1024x682.jpeg 1024w, https:\/\/www.rengoenlanoticia.cl\/prensa\/wp-content\/uploads\/2025\/10\/WhatsApp-Image-2025-10-13-at-16.23.52-300x200.jpeg 300w, https:\/\/www.rengoenlanoticia.cl\/prensa\/wp-content\/uploads\/2025\/10\/WhatsApp-Image-2025-10-13-at-16.23.52-768x512.jpeg 768w, https:\/\/www.rengoenlanoticia.cl\/prensa\/wp-content\/uploads\/2025\/10\/WhatsApp-Image-2025-10-13-at-16.23.52-110x73.jpeg 110w, https:\/\/www.rengoenlanoticia.cl\/prensa\/wp-content\/uploads\/2025\/10\/WhatsApp-Image-2025-10-13-at-16.23.52-200x133.jpeg 200w, https:\/\/www.rengoenlanoticia.cl\/prensa\/wp-content\/uploads\/2025\/10\/WhatsApp-Image-2025-10-13-at-16.23.52-380x253.jpeg 380w, https:\/\/www.rengoenlanoticia.cl\/prensa\/wp-content\/uploads\/2025\/10\/WhatsApp-Image-2025-10-13-at-16.23.52-255x170.jpeg 255w, https:\/\/www.rengoenlanoticia.cl\/prensa\/wp-content\/uploads\/2025\/10\/WhatsApp-Image-2025-10-13-at-16.23.52-550x367.jpeg 550w, https:\/\/www.rengoenlanoticia.cl\/prensa\/wp-content\/uploads\/2025\/10\/WhatsApp-Image-2025-10-13-at-16.23.52-800x533.jpeg 800w, https:\/\/www.rengoenlanoticia.cl\/prensa\/wp-content\/uploads\/2025\/10\/WhatsApp-Image-2025-10-13-at-16.23.52-1160x773.jpeg 1160w, https:\/\/www.rengoenlanoticia.cl\/prensa\/wp-content\/uploads\/2025\/10\/WhatsApp-Image-2025-10-13-at-16.23.52.jpeg 1280w\" sizes=\"auto, (max-width: 1024px) 100vw, 1024px\" \/><\/figure>\n\n\n\n<p>Eduardo Lillo, presidente de la Federaci\u00f3n Regional de Taxis Colectivos de O\u00b4Higgins, Feretacol, enfatiz\u00f3 que \u201cesta es una iniciativa muy importante, que nos brinda apoyo, y que felizmente esta regi\u00f3n lidera a nivel nacional. Esta es la regi\u00f3n que m\u00e1s recursos ha destinado al programa Renueva tu Colectivo. Por lo tanto, esto nos llena de orgullo a los gremios, porque hemos podido interactuar, de muy buena manera, tanto con el Gobernador Regional que nos ha apoyado siempre, como con todos sus consejeros regionales. Estamos muy agradecidos, porque hemos traspasado a nuestros asociados estos beneficios que, de una u otra manera, viene a aliviar la renovaci\u00f3n de los taxis colectivos\u201d.<\/p>\n\n\n\n<p>El Programa \u201cRenueva tu Colectivo\u201d busca modernizar la flota de veh\u00edculos de transporte p\u00fablico menor, otorgando una mayor seguridad para conductores y pasajeros; reduciendo las emisiones y aportando a una mayor eficiencia energ\u00e9tica; fortaleciendo la asociatividad y brindando apoyo al trabajo gremial, con miras a una movilidad regional m\u00e1s sustentable.<\/p>\n\n\n\n<p>Al respecto, Manuel Toledano, presidente de la l\u00ednea Jumbo-Fusat, asegur\u00f3 que \u201ceste programa es muy fundamental para nosotros, los due\u00f1os de colectivos. Necesitamos el apoyo para poder llevar a cabo la renovaci\u00f3n de nuestros autos, porque cuando los veh\u00edculos tienen cierto tiempo de antig\u00fcedad, se pierde mucho la calidad del servicio. Todos estamos muy felices, y m\u00e1s sabiendo que somos la regi\u00f3n que va a la vanguardia en estas iniciativas. Estos aportes nos incentivan para renovar los veh\u00edculos y as\u00ed brindarles un buen servicio a los pasajeros\u201d.<\/p>\n\n\n\n<p>Asimismo, Rodrigo Pavez, vocero y dirigente de los taxis colectivos de San Fernando, agreg\u00f3 que \u201cprincipalmente, este es un beneficio para nuestros usuarios, produce un incentivo en los colegas para poder renovar sus autos, con mayor tecnolog\u00eda y m\u00e1s modernos, y para el usuario tambi\u00e9n es importante porque andar\u00e1n en veh\u00edculos m\u00e1s c\u00f3modos, m\u00e1s nuevos, con aire acondicionado. Es un buen incentivo para que el endeudamiento del socio sea menor, en relaci\u00f3n a 10 y 15 a\u00f1os atr\u00e1s\u201d.<\/p>\n\n\n\n<p>En tanto, Pablo Contreras, presidente del sindicato n\u00famero 1, l\u00ednea roja de Rengo, recalc\u00f3 que \u201ceste subsidio es bastante bueno, porque se incentiva a la renovaci\u00f3n de los taxis colectivos y se mejore el servicio, con veh\u00edculos de mayor calidad, lo que otorga una mayor satisfacci\u00f3n a los pasajeros. Este es un logro grande para nosotros, un beneficio ideal, y es muy valorado por los pasajeros, porque la gente agradece andar en veh\u00edculos nuevos y c\u00f3modos\u201d.<\/p>\n","protected":false},"excerpt":{"rendered":"\u2022 A trav\u00e9s del Programa \u201cRenueva tu Colectivo\u201d, 157 propietarios de estos veh\u00edculos de transporte p\u00fablico fueron beneficiados&hellip;\n","protected":false},"author":1,"featured_media":6727,"comment_status":"open","ping_status":"open","sticky":false,"template":"","format":"standard","meta":{"_monsterinsights_skip_tracking":false,"_monsterinsights_sitenote_active":false,"_monsterinsights_sitenote_note":"","_monsterinsights_sitenote_category":0,"footnotes":""},"categories":[8],"tags":[],"class_list":{"0":"post-6692","1":"post","2":"type-post","3":"status-publish","4":"format-standard","5":"has-post-thumbnail","7":"category-portada"},"aioseo_notices":[],"_links":{"self":[{"href":"https:\/\/www.rengoenlanoticia.cl\/prensa\/wp-json\/wp\/v2\/posts\/6692","targetHints":{"allow":["GET"]}}],"collection":[{"href":"https:\/\/www.rengoenlanoticia.cl\/prensa\/wp-json\/wp\/v2\/posts"}],"about":[{"href":"https:\/\/www.rengoenlanoticia.cl\/prensa\/wp-json\/wp\/v2\/types\/post"}],"author":[{"embeddable":true,"href":"https:\/\/www.rengoenlanoticia.cl\/prensa\/wp-json\/wp\/v2\/users\/1"}],"replies":[{"embeddable":true,"href":"https:\/\/www.rengoenlanoticia.cl\/prensa\/wp-json\/wp\/v2\/comments?post=6692"}],"version-history":[{"count":3,"href":"https:\/\/www.rengoenlanoticia.cl\/prensa\/wp-json\/wp\/v2\/posts\/6692\/revisions"}],"predecessor-version":[{"id":6731,"href":"https:\/\/www.rengoenlanoticia.cl\/prensa\/wp-json\/wp\/v2\/posts\/6692\/revisions\/6731"}],"wp:featuredmedia":[{"embeddable":true,"href":"https:\/\/www.rengoenlanoticia.cl\/prensa\/wp-json\/wp\/v2\/media\/6727"}],"wp:attachment":[{"href":"https:\/\/www.rengoenlanoticia.cl\/prensa\/wp-json\/wp\/v2\/media?parent=6692"}],"wp:term":[{"taxonomy":"category","embeddable":true,"href":"https:\/\/www.rengoenlanoticia.cl\/prensa\/wp-json\/wp\/v2\/categories?post=6692"},{"taxonomy":"post_tag","embeddable":true,"href":"https:\/\/www.rengoenlanoticia.cl\/prensa\/wp-json\/wp\/v2\/tags?post=6692"}],"curies":[{"name":"wp","href":"https:\/\/api.w.org\/{rel}","templated":true}]}}