{"id":6684,"date":"2025-10-14T00:19:10","date_gmt":"2025-10-14T00:19:10","guid":{"rendered":"https:\/\/www.rengoenlanoticia.cl\/prensa\/?p=6684"},"modified":"2025-10-14T00:44:35","modified_gmt":"2025-10-14T00:44:35","slug":"avanza-proyecto-que-modernizara-el-hospital-de-graneros-en-beneficio-de-la-comunidad","status":"publish","type":"post","link":"https:\/\/www.rengoenlanoticia.cl\/prensa\/2025\/10\/14\/avanza-proyecto-que-modernizara-el-hospital-de-graneros-en-beneficio-de-la-comunidad\/","title":{"rendered":"Avanza proyecto que modernizar\u00e1 el Hospital de Graneros en beneficio de la comunidad"},"content":{"rendered":"\n<p>\u00b7Con el traslado del Laboratorio a un nuevo edificio modular se dio inicio a la habilitaci\u00f3n de las obras realizadas, que permitir\u00e1n contar con espacios m\u00e1s dignos, seguros y funcionales para la atenci\u00f3n de pacientes y el trabajo de los equipos de salud.<\/p>\n\n\n\n<p>El Hospital de Graneros dio oficialmente el paso necesario que permitir\u00e1 ejecutar el Proyecto de Conservaci\u00f3n, iniciativa que modernizar\u00e1 la infraestructura del recinto y mejorar\u00e1 las condiciones de atenci\u00f3n para usuarios y funcionarios.<\/p>\n\n\n\n<p>Este hito inicial corresponde a obras previas, necesarias antes del inicio formal del proyecto de conservaci\u00f3n, hace referencia al traslado del Laboratorio al nuevo edificio modular, con acceso por Policl\u00ednico (ex Box 16), donde continuar\u00e1 entregando sus prestaciones habituales. Este cambio fue previamente socializado con funcionarios, gremios y dirigentes sociales, como parte de la estrategia de comunicaci\u00f3n interna y comunitaria impulsada por el hospital.<\/p>\n\n\n\n<p>En el marco de estas acciones preparatorias, se instal\u00f3 un modular informativo en el ingreso del hospital, donde tres funcionarios apoyan a los usuarios indic\u00e1ndoles donde deben concurrir seg\u00fan lo que requieran para optimizar su llegada oportuna, entregando informaci\u00f3n de los cambios que forman parte de esta etapa previa al proyecto.<\/p>\n\n\n\n<figure class=\"wp-block-image size-full\"><img loading=\"lazy\" decoding=\"async\" width=\"720\" height=\"726\" src=\"https:\/\/www.rengoenlanoticia.cl\/prensa\/wp-content\/uploads\/2025\/10\/recorrido_nuevas_instalaciones-1.jpeg\" alt=\"\" class=\"wp-image-6696\" srcset=\"https:\/\/www.rengoenlanoticia.cl\/prensa\/wp-content\/uploads\/2025\/10\/recorrido_nuevas_instalaciones-1.jpeg 720w, https:\/\/www.rengoenlanoticia.cl\/prensa\/wp-content\/uploads\/2025\/10\/recorrido_nuevas_instalaciones-1-298x300.jpeg 298w, https:\/\/www.rengoenlanoticia.cl\/prensa\/wp-content\/uploads\/2025\/10\/recorrido_nuevas_instalaciones-1-150x150.jpeg 150w, https:\/\/www.rengoenlanoticia.cl\/prensa\/wp-content\/uploads\/2025\/10\/recorrido_nuevas_instalaciones-1-80x80.jpeg 80w, https:\/\/www.rengoenlanoticia.cl\/prensa\/wp-content\/uploads\/2025\/10\/recorrido_nuevas_instalaciones-1-110x110.jpeg 110w, https:\/\/www.rengoenlanoticia.cl\/prensa\/wp-content\/uploads\/2025\/10\/recorrido_nuevas_instalaciones-1-200x202.jpeg 200w, https:\/\/www.rengoenlanoticia.cl\/prensa\/wp-content\/uploads\/2025\/10\/recorrido_nuevas_instalaciones-1-380x383.jpeg 380w, https:\/\/www.rengoenlanoticia.cl\/prensa\/wp-content\/uploads\/2025\/10\/recorrido_nuevas_instalaciones-1-255x257.jpeg 255w, https:\/\/www.rengoenlanoticia.cl\/prensa\/wp-content\/uploads\/2025\/10\/recorrido_nuevas_instalaciones-1-300x303.jpeg 300w, https:\/\/www.rengoenlanoticia.cl\/prensa\/wp-content\/uploads\/2025\/10\/recorrido_nuevas_instalaciones-1-550x555.jpeg 550w\" sizes=\"auto, (max-width: 720px) 100vw, 720px\" \/><\/figure>\n\n\n\n<p>\u201cExiste un constante trabajo por potenciar y fortalecer la infraestructura hospitalaria en la red asistencial y ello ha sido una prioridad para el Servicio de Salud O\u2019Higgins, y el proyecto de conservaci\u00f3n de nuestro Hospital es un claro ejemplo de este compromiso y todo lo que estamos avanzando actualmente con varios cambios, es en el marco de los trabajos previos al inicio del proyecto de conservaci\u00f3n del establecimiento y va en beneficio de todos los funcionarios y usuarios de la comuna\u201d, destac\u00f3 el director del hospital de Graneros, Dr. Mauricio Aedo.<\/p>\n\n\n\n<p>\u201cSabemos que toda mejora implica ajustes y a veces incomodidades, pero estos cambios son necesarios para ofrecer un mejor hospital a nuestros usuarios y tambi\u00e9n a nuestros equipos de salud. Agradecemos profundamente la comprensi\u00f3n y el compromiso de la comunidad y de nuestros funcionarios en este proceso que traer\u00e1 grandes beneficios para todos\u201d, se\u00f1al\u00f3 Aedo.<\/p>\n\n\n\n<p>En lo espec\u00edfico, el director resalt\u00f3 que \u201clos dem\u00e1s cambios de lugares de atenci\u00f3n al interior del recinto, que se ir\u00e1n dando, se informar\u00e1n oportunamente a trav\u00e9s de nuestro modular de informaci\u00f3n y en las distintas redes sociales del hospital\u201d.<\/p>\n\n\n\n<figure class=\"wp-block-image size-large\"><img loading=\"lazy\" decoding=\"async\" width=\"1024\" height=\"576\" src=\"https:\/\/www.rengoenlanoticia.cl\/prensa\/wp-content\/uploads\/2025\/10\/graneros-11-1024x576.jpeg\" alt=\"\" class=\"wp-image-6694\" srcset=\"https:\/\/www.rengoenlanoticia.cl\/prensa\/wp-content\/uploads\/2025\/10\/graneros-11-1024x576.jpeg 1024w, https:\/\/www.rengoenlanoticia.cl\/prensa\/wp-content\/uploads\/2025\/10\/graneros-11-300x169.jpeg 300w, https:\/\/www.rengoenlanoticia.cl\/prensa\/wp-content\/uploads\/2025\/10\/graneros-11-768x432.jpeg 768w, https:\/\/www.rengoenlanoticia.cl\/prensa\/wp-content\/uploads\/2025\/10\/graneros-11-110x62.jpeg 110w, https:\/\/www.rengoenlanoticia.cl\/prensa\/wp-content\/uploads\/2025\/10\/graneros-11-200x113.jpeg 200w, https:\/\/www.rengoenlanoticia.cl\/prensa\/wp-content\/uploads\/2025\/10\/graneros-11-380x214.jpeg 380w, https:\/\/www.rengoenlanoticia.cl\/prensa\/wp-content\/uploads\/2025\/10\/graneros-11-255x143.jpeg 255w, https:\/\/www.rengoenlanoticia.cl\/prensa\/wp-content\/uploads\/2025\/10\/graneros-11-550x309.jpeg 550w, https:\/\/www.rengoenlanoticia.cl\/prensa\/wp-content\/uploads\/2025\/10\/graneros-11-800x450.jpeg 800w, https:\/\/www.rengoenlanoticia.cl\/prensa\/wp-content\/uploads\/2025\/10\/graneros-11-1160x653.jpeg 1160w, https:\/\/www.rengoenlanoticia.cl\/prensa\/wp-content\/uploads\/2025\/10\/graneros-11.jpeg 1280w\" sizes=\"auto, (max-width: 1024px) 100vw, 1024px\" \/><\/figure>\n\n\n\n<p>Cabe destacar que el Proyecto de Conservaci\u00f3n -que se iniciar\u00e1 luego del traslado de \u00e9sta y otras \u00e1reas del recinto asistencial- cuenta con financiamiento del Gobierno Regional a trav\u00e9s del Fondo Nacional de Desarrollo Regional (FNDR) y ser\u00e1 ejecutado por una empresa con experiencia en infraestructura hospitalaria.<\/p>\n\n\n\n<p>Una vez en marcha, el Proyecto de Conservaci\u00f3n permitir\u00e1 contar con espacios m\u00e1s dignos, funcionales y seguros, mediante mejoras en infraestructura cr\u00edtica, climatizaci\u00f3n, sistemas el\u00e9ctricos, sanitarios y flujos cl\u00ednicos.<\/p>\n\n\n\n<figure class=\"wp-block-image size-full\"><img loading=\"lazy\" decoding=\"async\" width=\"720\" height=\"658\" src=\"https:\/\/www.rengoenlanoticia.cl\/prensa\/wp-content\/uploads\/2025\/10\/graneros-10.jpeg\" alt=\"\" class=\"wp-image-6693\" srcset=\"https:\/\/www.rengoenlanoticia.cl\/prensa\/wp-content\/uploads\/2025\/10\/graneros-10.jpeg 720w, https:\/\/www.rengoenlanoticia.cl\/prensa\/wp-content\/uploads\/2025\/10\/graneros-10-300x274.jpeg 300w, https:\/\/www.rengoenlanoticia.cl\/prensa\/wp-content\/uploads\/2025\/10\/graneros-10-110x101.jpeg 110w, https:\/\/www.rengoenlanoticia.cl\/prensa\/wp-content\/uploads\/2025\/10\/graneros-10-200x183.jpeg 200w, https:\/\/www.rengoenlanoticia.cl\/prensa\/wp-content\/uploads\/2025\/10\/graneros-10-380x347.jpeg 380w, https:\/\/www.rengoenlanoticia.cl\/prensa\/wp-content\/uploads\/2025\/10\/graneros-10-255x233.jpeg 255w, https:\/\/www.rengoenlanoticia.cl\/prensa\/wp-content\/uploads\/2025\/10\/graneros-10-550x503.jpeg 550w\" sizes=\"auto, (max-width: 720px) 100vw, 720px\" \/><\/figure>\n\n\n\n<p>Sin duda que, con esta obra, el Hospital de Graneros avanzar\u00e1 en los pr\u00f3ximos meses, hacia un recinto totalmente conservado, mejorando no solo su infraestructura, sino tambi\u00e9n la experiencia de atenci\u00f3n y las condiciones laborales de quienes trabajan cada d\u00eda por la salud de la comunidad.<\/p>\n","protected":false},"excerpt":{"rendered":"\u00b7Con el traslado del Laboratorio a un nuevo edificio modular se dio inicio a la habilitaci\u00f3n de las&hellip;\n","protected":false},"author":1,"featured_media":6697,"comment_status":"open","ping_status":"open","sticky":false,"template":"","format":"standard","meta":{"_monsterinsights_skip_tracking":false,"_monsterinsights_sitenote_active":false,"_monsterinsights_sitenote_note":"","_monsterinsights_sitenote_category":0,"footnotes":""},"categories":[8],"tags":[],"class_list":{"0":"post-6684","1":"post","2":"type-post","3":"status-publish","4":"format-standard","5":"has-post-thumbnail","7":"category-portada"},"aioseo_notices":[],"_links":{"self":[{"href":"https:\/\/www.rengoenlanoticia.cl\/prensa\/wp-json\/wp\/v2\/posts\/6684","targetHints":{"allow":["GET"]}}],"collection":[{"href":"https:\/\/www.rengoenlanoticia.cl\/prensa\/wp-json\/wp\/v2\/posts"}],"about":[{"href":"https:\/\/www.rengoenlanoticia.cl\/prensa\/wp-json\/wp\/v2\/types\/post"}],"author":[{"embeddable":true,"href":"https:\/\/www.rengoenlanoticia.cl\/prensa\/wp-json\/wp\/v2\/users\/1"}],"replies":[{"embeddable":true,"href":"https:\/\/www.rengoenlanoticia.cl\/prensa\/wp-json\/wp\/v2\/comments?post=6684"}],"version-history":[{"count":3,"href":"https:\/\/www.rengoenlanoticia.cl\/prensa\/wp-json\/wp\/v2\/posts\/6684\/revisions"}],"predecessor-version":[{"id":6718,"href":"https:\/\/www.rengoenlanoticia.cl\/prensa\/wp-json\/wp\/v2\/posts\/6684\/revisions\/6718"}],"wp:featuredmedia":[{"embeddable":true,"href":"https:\/\/www.rengoenlanoticia.cl\/prensa\/wp-json\/wp\/v2\/media\/6697"}],"wp:attachment":[{"href":"https:\/\/www.rengoenlanoticia.cl\/prensa\/wp-json\/wp\/v2\/media?parent=6684"}],"wp:term":[{"taxonomy":"category","embeddable":true,"href":"https:\/\/www.rengoenlanoticia.cl\/prensa\/wp-json\/wp\/v2\/categories?post=6684"},{"taxonomy":"post_tag","embeddable":true,"href":"https:\/\/www.rengoenlanoticia.cl\/prensa\/wp-json\/wp\/v2\/tags?post=6684"}],"curies":[{"name":"wp","href":"https:\/\/api.w.org\/{rel}","templated":true}]}}