{"id":6679,"date":"2025-10-12T02:56:26","date_gmt":"2025-10-12T02:56:26","guid":{"rendered":"https:\/\/www.rengoenlanoticia.cl\/prensa\/?p=6679"},"modified":"2025-10-12T02:56:28","modified_gmt":"2025-10-12T02:56:28","slug":"diputada-marta-gonzalez-denuncia-demora-en-atencion-medica-a-trabajadores-del-accidente-en-el-teniente","status":"publish","type":"post","link":"https:\/\/www.rengoenlanoticia.cl\/prensa\/2025\/10\/12\/diputada-marta-gonzalez-denuncia-demora-en-atencion-medica-a-trabajadores-del-accidente-en-el-teniente\/","title":{"rendered":"Diputada Marta Gonz\u00e1lez denuncia demora en atenci\u00f3n m\u00e9dica a trabajadores del accidente en El Teniente"},"content":{"rendered":"\n<p>La diputada Marta Gonz\u00e1lez, representante del distrito 15 de Ohiggins, manifest\u00f3 su profunda indignaci\u00f3n ante la grave situaci\u00f3n vivida por los trabajadores involucrados en el accidente del bus que transportaba a personal de la divisi\u00f3n El Teniente de Codelco, quienes \u2014seg\u00fan denuncias\u2014 habr\u00edan esperado m\u00e1s de cuatro horas en la posta Col\u00f3n sin recibir atenci\u00f3n m\u00e9dica adecuada.<\/p>\n\n\n\n<p>El accidente se report\u00f3 a las 19:45 hrs. en la ruta de acceso a la mina, dejando a varios trabajadores con lesiones de diversa consideraci\u00f3n. Sin embargo, pese a la gravedad del hecho, los afectados habr\u00edan permanecido sin ser trasladados a un centro asistencial durante un tiempo excesivo.<\/p>\n\n\n\n<p>En conversaci\u00f3n v\u00eda telef\u00f3nica con nuestro medio, la diputada manifest\u00f3, \u201cEs inaceptable que en pleno 2025, trabajadores que sufren un accidente laboral tan grave deban esperar m\u00e1s de cuatro horas por atenci\u00f3n m\u00e9dica. Estamos hablando de vidas humanas, no de n\u00fameros\u201d, declar\u00f3 la parlamentaria visiblemente molesta.<\/p>\n\n\n\n<p><strong>FOTO ARCHIVO<\/strong><\/p>\n\n\n\n<figure class=\"wp-block-image size-full\"><img loading=\"lazy\" decoding=\"async\" width=\"768\" height=\"610\" src=\"https:\/\/www.rengoenlanoticia.cl\/prensa\/wp-content\/uploads\/2025\/08\/WhatsApp-Image-2025-08-03-at-22.21.08-768x610-3.jpeg\" alt=\"\" class=\"wp-image-5445\" srcset=\"https:\/\/www.rengoenlanoticia.cl\/prensa\/wp-content\/uploads\/2025\/08\/WhatsApp-Image-2025-08-03-at-22.21.08-768x610-3.jpeg 768w, https:\/\/www.rengoenlanoticia.cl\/prensa\/wp-content\/uploads\/2025\/08\/WhatsApp-Image-2025-08-03-at-22.21.08-768x610-3-300x238.jpeg 300w, https:\/\/www.rengoenlanoticia.cl\/prensa\/wp-content\/uploads\/2025\/08\/WhatsApp-Image-2025-08-03-at-22.21.08-768x610-3-110x87.jpeg 110w, https:\/\/www.rengoenlanoticia.cl\/prensa\/wp-content\/uploads\/2025\/08\/WhatsApp-Image-2025-08-03-at-22.21.08-768x610-3-200x159.jpeg 200w, https:\/\/www.rengoenlanoticia.cl\/prensa\/wp-content\/uploads\/2025\/08\/WhatsApp-Image-2025-08-03-at-22.21.08-768x610-3-380x302.jpeg 380w, https:\/\/www.rengoenlanoticia.cl\/prensa\/wp-content\/uploads\/2025\/08\/WhatsApp-Image-2025-08-03-at-22.21.08-768x610-3-255x203.jpeg 255w, https:\/\/www.rengoenlanoticia.cl\/prensa\/wp-content\/uploads\/2025\/08\/WhatsApp-Image-2025-08-03-at-22.21.08-768x610-3-550x437.jpeg 550w\" sizes=\"auto, (max-width: 768px) 100vw, 768px\" \/><\/figure>\n\n\n\n<p>Gonz\u00e1lez exigi\u00f3 respuestas inmediatas por parte de Codelco y de las autoridades regionales, y que se esclarescan los motivos de la demora. Tambi\u00e9n anunci\u00f3 que llevar\u00e1 el caso a la Comisi\u00f3n de Miner\u00eda y Energ\u00eda de la C\u00e1mara de Diputados para establecer responsabilidades y evitar que hechos similares vuelvan a repetirse.<\/p>\n\n\n\n<p>\u201cLos trabajadores y trabajadoras merecen respeto y condiciones dignas. Lo ocurrido se pudo evitar trasladando de forma inmediata a centros de salud correspondiente evitando horas de espera y preocupaci\u00f3n a sus familiares .<\/p>\n\n\n\n<p>Hasta el momento, Codelco no ha emitido una declaraci\u00f3n oficial sobre lo ocurrido<\/p>\n","protected":false},"excerpt":{"rendered":"La diputada Marta Gonz\u00e1lez, representante del distrito 15 de Ohiggins, manifest\u00f3 su profunda indignaci\u00f3n ante la grave situaci\u00f3n&hellip;\n","protected":false},"author":2,"featured_media":6639,"comment_status":"open","ping_status":"open","sticky":false,"template":"","format":"standard","meta":{"_monsterinsights_skip_tracking":false,"_monsterinsights_sitenote_active":false,"_monsterinsights_sitenote_note":"","_monsterinsights_sitenote_category":0,"footnotes":""},"categories":[11,8],"tags":[],"class_list":{"0":"post-6679","1":"post","2":"type-post","3":"status-publish","4":"format-standard","5":"has-post-thumbnail","7":"category-politica","8":"category-portada"},"aioseo_notices":[],"_links":{"self":[{"href":"https:\/\/www.rengoenlanoticia.cl\/prensa\/wp-json\/wp\/v2\/posts\/6679","targetHints":{"allow":["GET"]}}],"collection":[{"href":"https:\/\/www.rengoenlanoticia.cl\/prensa\/wp-json\/wp\/v2\/posts"}],"about":[{"href":"https:\/\/www.rengoenlanoticia.cl\/prensa\/wp-json\/wp\/v2\/types\/post"}],"author":[{"embeddable":true,"href":"https:\/\/www.rengoenlanoticia.cl\/prensa\/wp-json\/wp\/v2\/users\/2"}],"replies":[{"embeddable":true,"href":"https:\/\/www.rengoenlanoticia.cl\/prensa\/wp-json\/wp\/v2\/comments?post=6679"}],"version-history":[{"count":3,"href":"https:\/\/www.rengoenlanoticia.cl\/prensa\/wp-json\/wp\/v2\/posts\/6679\/revisions"}],"predecessor-version":[{"id":6683,"href":"https:\/\/www.rengoenlanoticia.cl\/prensa\/wp-json\/wp\/v2\/posts\/6679\/revisions\/6683"}],"wp:featuredmedia":[{"embeddable":true,"href":"https:\/\/www.rengoenlanoticia.cl\/prensa\/wp-json\/wp\/v2\/media\/6639"}],"wp:attachment":[{"href":"https:\/\/www.rengoenlanoticia.cl\/prensa\/wp-json\/wp\/v2\/media?parent=6679"}],"wp:term":[{"taxonomy":"category","embeddable":true,"href":"https:\/\/www.rengoenlanoticia.cl\/prensa\/wp-json\/wp\/v2\/categories?post=6679"},{"taxonomy":"post_tag","embeddable":true,"href":"https:\/\/www.rengoenlanoticia.cl\/prensa\/wp-json\/wp\/v2\/tags?post=6679"}],"curies":[{"name":"wp","href":"https:\/\/api.w.org\/{rel}","templated":true}]}}