{"id":666,"date":"2025-01-03T22:25:44","date_gmt":"2025-01-03T22:25:44","guid":{"rendered":"https:\/\/www.rengoenlanoticia.cl\/prensa\/?p=666"},"modified":"2025-01-03T22:25:47","modified_gmt":"2025-01-03T22:25:47","slug":"asume-nuevo-director-en-hospital-de-litueche","status":"publish","type":"post","link":"https:\/\/www.rengoenlanoticia.cl\/prensa\/2025\/01\/03\/asume-nuevo-director-en-hospital-de-litueche\/","title":{"rendered":"ASUME NUEVO DIRECTOR EN HOSPITAL DE LITUECHE"},"content":{"rendered":"\n<p>El cirujano dentista Edson Vivanco asumi\u00f3 la direcci\u00f3n con una serie de desaf\u00edos en materia de salud en beneficio de la comunidad de Litueche.<\/p>\n\n\n\n<p>A contar del 2 de enero del presente a\u00f1o el principal recinto de salud de la comuna de Litueche, cuenta formalmente con nuevo director, se trata del cirujano dentista Edson Vivanco. Egresado de la Universidad de Concepci\u00f3n y oriundo de la regi\u00f3n del Biob\u00edo, ha desempe\u00f1ado su labor en el <a><\/a>hospital como odont\u00f3logo en Etapa de Destinaci\u00f3n y Formaci\u00f3n (EDF) desde el a\u00f1o 2021.<\/p>\n\n\n\n<p>Con una vasta experiencia en el \u00e1rea de la salud, desempe\u00f1\u00e1ndose anteriormente como encargado de la unidad dental del recinto, jefe de la unidad de SOME, encargado de Relaci\u00f3n Asistencial Docente y actualmente delegado regional EDF. Se ha caracterizado siempre por su profesionalismo y compromiso en la gesti\u00f3n cl\u00ednica y en el fortalecimiento de las prestaciones odontol\u00f3gicas en beneficio de la poblaci\u00f3n usuaria.<\/p>\n\n\n\n<p>El Dr. Vivanco se\u00f1al\u00f3 que \u201ceste nombramiento representa no s\u00f3lo un desaf\u00edo, sino tambi\u00e9n la continuidad de una historia compartida con el equipo del hospital. Sin duda que este nuevo cap\u00edtulo para el Hospital de Litueche promete estar marcado por un liderazgo basado en la humildad, la responsabilidad y la convicci\u00f3n de que el trabajo conjunto permitir\u00e1 alcanzar grandes logros para la comunidad usuaria de nuestra comuna\u201d.<\/p>\n\n\n\n<p>Asimismo, destac\u00f3 su compromiso con el aprendizaje constante, reflejado en sus estudios de postgrado, que incluyen un diplomado en Salud Familiar y actualmente cursando un Mag\u00edster en Salud P\u00fablica. \u00abUno de mis ideales y propuestas es seguir mejorando como profesional, con el fin de crear y confeccionar propuestas tanto para la salud oral como para la medicina en general\u00bb, se\u00f1al\u00f3.<\/p>\n\n\n\n<p>El odont\u00f3logo reconoci\u00f3 el papel fundamental de su familia, amigos y colegas, quienes lo han acompa\u00f1ado en este largo camino. \u201cEl apoyo incondicional de mi novia, mi familia y mis amigos ha sido clave para llegar hasta aqu\u00ed. Este logro no ser\u00eda posible sin su amor, comprensi\u00f3n y confianza en mis ideas\u00bb, subray\u00f3.<\/p>\n\n\n\n<p>Adem\u00e1s, agradeci\u00f3 la gesti\u00f3n y el compromiso de la directora saliente, Dra. Andrea Vald\u00e9s, \u201cquien realiz\u00f3 una destacable labor, basado en el compromiso con la salud p\u00fablica y los usuarios de la comuna de Litueche\u201d.<\/p>\n\n\n\n<p>Este nuevo desaf\u00edo viene acompa\u00f1ado de la mano del trabajo del equipo directivo, integrado por el Dr. Pablo Riesle, subdirector m\u00e9dico, y la Dra. Vanessa Carrasco, como directora (s).<\/p>\n","protected":false},"excerpt":{"rendered":"El cirujano dentista Edson Vivanco asumi\u00f3 la direcci\u00f3n con una serie de desaf\u00edos en materia de salud en&hellip;\n","protected":false},"author":2,"featured_media":0,"comment_status":"open","ping_status":"open","sticky":false,"template":"","format":"standard","meta":{"_monsterinsights_skip_tracking":false,"_monsterinsights_sitenote_active":false,"_monsterinsights_sitenote_note":"","_monsterinsights_sitenote_category":0,"footnotes":""},"categories":[8],"tags":[],"class_list":{"0":"post-666","1":"post","2":"type-post","3":"status-publish","4":"format-standard","6":"category-portada"},"aioseo_notices":[],"_links":{"self":[{"href":"https:\/\/www.rengoenlanoticia.cl\/prensa\/wp-json\/wp\/v2\/posts\/666","targetHints":{"allow":["GET"]}}],"collection":[{"href":"https:\/\/www.rengoenlanoticia.cl\/prensa\/wp-json\/wp\/v2\/posts"}],"about":[{"href":"https:\/\/www.rengoenlanoticia.cl\/prensa\/wp-json\/wp\/v2\/types\/post"}],"author":[{"embeddable":true,"href":"https:\/\/www.rengoenlanoticia.cl\/prensa\/wp-json\/wp\/v2\/users\/2"}],"replies":[{"embeddable":true,"href":"https:\/\/www.rengoenlanoticia.cl\/prensa\/wp-json\/wp\/v2\/comments?post=666"}],"version-history":[{"count":1,"href":"https:\/\/www.rengoenlanoticia.cl\/prensa\/wp-json\/wp\/v2\/posts\/666\/revisions"}],"predecessor-version":[{"id":668,"href":"https:\/\/www.rengoenlanoticia.cl\/prensa\/wp-json\/wp\/v2\/posts\/666\/revisions\/668"}],"wp:attachment":[{"href":"https:\/\/www.rengoenlanoticia.cl\/prensa\/wp-json\/wp\/v2\/media?parent=666"}],"wp:term":[{"taxonomy":"category","embeddable":true,"href":"https:\/\/www.rengoenlanoticia.cl\/prensa\/wp-json\/wp\/v2\/categories?post=666"},{"taxonomy":"post_tag","embeddable":true,"href":"https:\/\/www.rengoenlanoticia.cl\/prensa\/wp-json\/wp\/v2\/tags?post=666"}],"curies":[{"name":"wp","href":"https:\/\/api.w.org\/{rel}","templated":true}]}}