{"id":6656,"date":"2025-10-12T02:14:58","date_gmt":"2025-10-12T02:14:58","guid":{"rendered":"https:\/\/www.rengoenlanoticia.cl\/prensa\/?p=6656"},"modified":"2025-10-12T02:15:00","modified_gmt":"2025-10-12T02:15:00","slug":"congestion-vehicular-en-el-sector-de-rosario-tras-instalacion-de-pasarela-en-el-kilometro-107-1","status":"publish","type":"post","link":"https:\/\/www.rengoenlanoticia.cl\/prensa\/2025\/10\/12\/congestion-vehicular-en-el-sector-de-rosario-tras-instalacion-de-pasarela-en-el-kilometro-107-1\/","title":{"rendered":"Congesti\u00f3n vehicular en el sector de Rosario tras instalaci\u00f3n de pasarela en el kil\u00f3metro 107.1"},"content":{"rendered":"\n<p><\/p>\n\n\n\n<p>Desde el pasado 10 de octubre, los conductores que transitan por el kil\u00f3metro 107.1 en el sector de Rosario han enfrentado una considerable congesti\u00f3n vehicular debido a los trabajos de instalaci\u00f3n de una nueva pasarela peatonal.<\/p>\n\n\n\n<p>Las obras, que se extender\u00e1n hasta el domingo 12 de octubre alrededor de las 15:00 horas, buscan mejorar la seguridad de los vecinos y ofrecer importantes beneficios para la comunidad local, facilitando el cruce seguro de peatones en una zona de alto tr\u00e1nsito.<\/p>\n\n\n\n<figure class=\"wp-block-image size-full\"><img loading=\"lazy\" decoding=\"async\" width=\"607\" height=\"344\" src=\"https:\/\/www.rengoenlanoticia.cl\/prensa\/wp-content\/uploads\/2025\/10\/WhatsApp-Image-2025-10-11-at-23.05.50.jpeg\" alt=\"\" class=\"wp-image-6659\" srcset=\"https:\/\/www.rengoenlanoticia.cl\/prensa\/wp-content\/uploads\/2025\/10\/WhatsApp-Image-2025-10-11-at-23.05.50.jpeg 607w, https:\/\/www.rengoenlanoticia.cl\/prensa\/wp-content\/uploads\/2025\/10\/WhatsApp-Image-2025-10-11-at-23.05.50-300x170.jpeg 300w, https:\/\/www.rengoenlanoticia.cl\/prensa\/wp-content\/uploads\/2025\/10\/WhatsApp-Image-2025-10-11-at-23.05.50-110x62.jpeg 110w, https:\/\/www.rengoenlanoticia.cl\/prensa\/wp-content\/uploads\/2025\/10\/WhatsApp-Image-2025-10-11-at-23.05.50-200x113.jpeg 200w, https:\/\/www.rengoenlanoticia.cl\/prensa\/wp-content\/uploads\/2025\/10\/WhatsApp-Image-2025-10-11-at-23.05.50-380x215.jpeg 380w, https:\/\/www.rengoenlanoticia.cl\/prensa\/wp-content\/uploads\/2025\/10\/WhatsApp-Image-2025-10-11-at-23.05.50-255x145.jpeg 255w, https:\/\/www.rengoenlanoticia.cl\/prensa\/wp-content\/uploads\/2025\/10\/WhatsApp-Image-2025-10-11-at-23.05.50-550x312.jpeg 550w\" sizes=\"auto, (max-width: 607px) 100vw, 607px\" \/><\/figure>\n\n\n\n<p>Las autoridades piden paciencia a los conductores y recomiendan planificar sus viajes con anticipaci\u00f3n para evitar demoras.<\/p>\n\n\n\n<p><\/p>\n\n\n\n<p><\/p>\n","protected":false},"excerpt":{"rendered":"Desde el pasado 10 de octubre, los conductores que transitan por el kil\u00f3metro 107.1 en el sector de&hellip;\n","protected":false},"author":2,"featured_media":6658,"comment_status":"open","ping_status":"open","sticky":false,"template":"","format":"standard","meta":{"_monsterinsights_skip_tracking":false,"_monsterinsights_sitenote_active":false,"_monsterinsights_sitenote_note":"","_monsterinsights_sitenote_category":0,"footnotes":""},"categories":[8],"tags":[],"class_list":{"0":"post-6656","1":"post","2":"type-post","3":"status-publish","4":"format-standard","5":"has-post-thumbnail","7":"category-portada"},"aioseo_notices":[],"_links":{"self":[{"href":"https:\/\/www.rengoenlanoticia.cl\/prensa\/wp-json\/wp\/v2\/posts\/6656","targetHints":{"allow":["GET"]}}],"collection":[{"href":"https:\/\/www.rengoenlanoticia.cl\/prensa\/wp-json\/wp\/v2\/posts"}],"about":[{"href":"https:\/\/www.rengoenlanoticia.cl\/prensa\/wp-json\/wp\/v2\/types\/post"}],"author":[{"embeddable":true,"href":"https:\/\/www.rengoenlanoticia.cl\/prensa\/wp-json\/wp\/v2\/users\/2"}],"replies":[{"embeddable":true,"href":"https:\/\/www.rengoenlanoticia.cl\/prensa\/wp-json\/wp\/v2\/comments?post=6656"}],"version-history":[{"count":3,"href":"https:\/\/www.rengoenlanoticia.cl\/prensa\/wp-json\/wp\/v2\/posts\/6656\/revisions"}],"predecessor-version":[{"id":6661,"href":"https:\/\/www.rengoenlanoticia.cl\/prensa\/wp-json\/wp\/v2\/posts\/6656\/revisions\/6661"}],"wp:featuredmedia":[{"embeddable":true,"href":"https:\/\/www.rengoenlanoticia.cl\/prensa\/wp-json\/wp\/v2\/media\/6658"}],"wp:attachment":[{"href":"https:\/\/www.rengoenlanoticia.cl\/prensa\/wp-json\/wp\/v2\/media?parent=6656"}],"wp:term":[{"taxonomy":"category","embeddable":true,"href":"https:\/\/www.rengoenlanoticia.cl\/prensa\/wp-json\/wp\/v2\/categories?post=6656"},{"taxonomy":"post_tag","embeddable":true,"href":"https:\/\/www.rengoenlanoticia.cl\/prensa\/wp-json\/wp\/v2\/tags?post=6656"}],"curies":[{"name":"wp","href":"https:\/\/api.w.org\/{rel}","templated":true}]}}