{"id":6635,"date":"2025-10-12T01:45:24","date_gmt":"2025-10-12T01:45:24","guid":{"rendered":"https:\/\/www.rengoenlanoticia.cl\/prensa\/?p=6635"},"modified":"2025-10-12T02:49:47","modified_gmt":"2025-10-12T02:49:47","slug":"volcamiento-de-bus-de-empresa-link-en-machali-deja-tres-personas-lesionadas","status":"publish","type":"post","link":"https:\/\/www.rengoenlanoticia.cl\/prensa\/2025\/10\/12\/volcamiento-de-bus-de-empresa-link-en-machali-deja-tres-personas-lesionadas\/","title":{"rendered":"Volcamiento de bus de empresa Link en Machal\u00ed deja tres personas lesionadas"},"content":{"rendered":"\n<p>Alrededor de las 19:45 horas de este martes, un bus de la empresa Link volc\u00f3 en el kil\u00f3metro 42 de la carretera El Cobre, en el sector Coya, comuna de Machal\u00ed, dentro del recinto de Divisi\u00f3n El Teniente. Por causas que a\u00fan se investigan, el conductor habr\u00eda perdido el control del veh\u00edculo al tomar una curva, provocando que el bus se volcara sobre la pista de circulaci\u00f3n.<\/p>\n\n\n\n<p>El bus transportaba a 46 trabajadores salientes de turno, adem\u00e1s del conductor. Como resultado del accidente, tres personas resultaron con lesiones leves, sin riesgo vital ni gravedad, y fueron trasladadas a las postas Barahona y Col\u00f3n Bajo para recibir atenci\u00f3n m\u00e9dica.<\/p>\n\n\n\n<p>Las autoridades confirmaron que al conductor se le practic\u00f3 la prueba respiratoria, arrojando resultado negativo con 0.00 gramos por litro de alcohol en la sangre. Adem\u00e1s, la documentaci\u00f3n del veh\u00edculo se encontraba al d\u00eda.<\/p>\n\n\n\n<p>La investigaci\u00f3n del accidente contin\u00faa para esclarecer las causas exactas del volcamiento.<\/p>\n","protected":false},"excerpt":{"rendered":"Alrededor de las 19:45 horas de este martes, un bus de la empresa Link volc\u00f3 en el kil\u00f3metro&hellip;\n","protected":false},"author":2,"featured_media":6639,"comment_status":"open","ping_status":"open","sticky":false,"template":"","format":"standard","meta":{"_monsterinsights_skip_tracking":false,"_monsterinsights_sitenote_active":false,"_monsterinsights_sitenote_note":"","_monsterinsights_sitenote_category":0,"footnotes":""},"categories":[5,8],"tags":[],"class_list":{"0":"post-6635","1":"post","2":"type-post","3":"status-publish","4":"format-standard","5":"has-post-thumbnail","7":"category-policial","8":"category-portada"},"aioseo_notices":[],"_links":{"self":[{"href":"https:\/\/www.rengoenlanoticia.cl\/prensa\/wp-json\/wp\/v2\/posts\/6635","targetHints":{"allow":["GET"]}}],"collection":[{"href":"https:\/\/www.rengoenlanoticia.cl\/prensa\/wp-json\/wp\/v2\/posts"}],"about":[{"href":"https:\/\/www.rengoenlanoticia.cl\/prensa\/wp-json\/wp\/v2\/types\/post"}],"author":[{"embeddable":true,"href":"https:\/\/www.rengoenlanoticia.cl\/prensa\/wp-json\/wp\/v2\/users\/2"}],"replies":[{"embeddable":true,"href":"https:\/\/www.rengoenlanoticia.cl\/prensa\/wp-json\/wp\/v2\/comments?post=6635"}],"version-history":[{"count":3,"href":"https:\/\/www.rengoenlanoticia.cl\/prensa\/wp-json\/wp\/v2\/posts\/6635\/revisions"}],"predecessor-version":[{"id":6680,"href":"https:\/\/www.rengoenlanoticia.cl\/prensa\/wp-json\/wp\/v2\/posts\/6635\/revisions\/6680"}],"wp:featuredmedia":[{"embeddable":true,"href":"https:\/\/www.rengoenlanoticia.cl\/prensa\/wp-json\/wp\/v2\/media\/6639"}],"wp:attachment":[{"href":"https:\/\/www.rengoenlanoticia.cl\/prensa\/wp-json\/wp\/v2\/media?parent=6635"}],"wp:term":[{"taxonomy":"category","embeddable":true,"href":"https:\/\/www.rengoenlanoticia.cl\/prensa\/wp-json\/wp\/v2\/categories?post=6635"},{"taxonomy":"post_tag","embeddable":true,"href":"https:\/\/www.rengoenlanoticia.cl\/prensa\/wp-json\/wp\/v2\/tags?post=6635"}],"curies":[{"name":"wp","href":"https:\/\/api.w.org\/{rel}","templated":true}]}}