{"id":6621,"date":"2025-10-12T01:38:41","date_gmt":"2025-10-12T01:38:41","guid":{"rendered":"https:\/\/www.rengoenlanoticia.cl\/prensa\/?p=6621"},"modified":"2025-10-12T01:38:57","modified_gmt":"2025-10-12T01:38:57","slug":"requinoa-rugira-con-el-desafio-los-leones-una-fiesta-nacional-del-mountain-bike-en-hacienda-cauquenes","status":"publish","type":"post","link":"https:\/\/www.rengoenlanoticia.cl\/prensa\/2025\/10\/12\/requinoa-rugira-con-el-desafio-los-leones-una-fiesta-nacional-del-mountain-bike-en-hacienda-cauquenes\/","title":{"rendered":"Requ\u00ednoa rugir\u00e1 con el \u201cDesaf\u00edo Los Leones\u201d: una fiesta nacional del Mountain Bike en Hacienda Cauquenes"},"content":{"rendered":"\n<p>El pr\u00f3ximo domingo 19 de octubre, Requ\u00ednoa volver\u00e1 a ser el epicentro del Mountain Bike nacional con una nueva edici\u00f3n del Desaf\u00edo Los Leones, competencia que este a\u00f1o adquiere especial relevancia al ser sexta fecha del Campeonato Regional de MTB y, adem\u00e1s, s\u00e9ptima fecha de la Copa Chile.<\/p>\n\n\n\n<p>El evento, organizado por Requ\u00ednoa Bike Team, promete reunir a los mejores exponentes del MTB nacional y regional, consolid\u00e1ndose como una de las citas imperdibles del calendario deportivo.<\/p>\n\n\n\n<p>La competencia se desarrollar\u00e1 en el imponente entorno natural de la Hacienda Cauquenes, en el sector precordillerano de la comuna, un escenario que combina senderos exigentes, paisajes \u00fanicos y una fuerte conciencia ambiental.<\/p>\n\n\n\n<p>\u201cEl Desaf\u00edo Los Leones es mucho m\u00e1s que una carrera: es una experiencia que une deporte, naturaleza y comunidad. Este a\u00f1o esperamos a corredores de todo Chile, familias y aficionados que hacen del MTB una verdadera pasi\u00f3n compartida\u201d, destac\u00f3 Jos\u00e9 Mart\u00ednez, Presidente de Requ\u00ednoa Bike Team.<\/p>\n\n\n\n<p>El circuito \u2014inspirado en la figura del puma chileno, s\u00edmbolo de fuerza y respeto por el ecosistema local\u2014 busca tambi\u00e9n promover la protecci\u00f3n de la flora y fauna nativa del territorio.<\/p>\n\n\n\n<p>Desde temprano, la jornada contar\u00e1 con un campamento base en la Hacienda Cauquenes (Ruta El \u00c1cido), con servicios para los competidores, zonas de descanso, carros de comida, caf\u00e9, stands de emprendedores locales, actividades para ni\u00f1os y mucho m\u00e1s. La invitaci\u00f3n es a disfrutar de un encuentro familiar y deportivo en torno al esp\u00edritu del MTB.<\/p>\n\n\n\n<p>Las inscripciones siguen abiertas en&nbsp;<a href=\"http:\/\/cronoticket.cl\/\" target=\"_blank\" rel=\"noreferrer noopener\">cronoticket.cl<\/a>.<\/p>\n\n\n\n<figure class=\"wp-block-image size-large\"><img loading=\"lazy\" decoding=\"async\" width=\"1024\" height=\"881\" src=\"https:\/\/www.rengoenlanoticia.cl\/prensa\/wp-content\/uploads\/2025\/10\/WhatsApp-Image-2025-10-10-at-8.59.47-AM-copia-1024x881.jpeg\" alt=\"\" class=\"wp-image-6628\" srcset=\"https:\/\/www.rengoenlanoticia.cl\/prensa\/wp-content\/uploads\/2025\/10\/WhatsApp-Image-2025-10-10-at-8.59.47-AM-copia-1024x881.jpeg 1024w, https:\/\/www.rengoenlanoticia.cl\/prensa\/wp-content\/uploads\/2025\/10\/WhatsApp-Image-2025-10-10-at-8.59.47-AM-copia-300x258.jpeg 300w, https:\/\/www.rengoenlanoticia.cl\/prensa\/wp-content\/uploads\/2025\/10\/WhatsApp-Image-2025-10-10-at-8.59.47-AM-copia-768x661.jpeg 768w, https:\/\/www.rengoenlanoticia.cl\/prensa\/wp-content\/uploads\/2025\/10\/WhatsApp-Image-2025-10-10-at-8.59.47-AM-copia-110x95.jpeg 110w, https:\/\/www.rengoenlanoticia.cl\/prensa\/wp-content\/uploads\/2025\/10\/WhatsApp-Image-2025-10-10-at-8.59.47-AM-copia-200x172.jpeg 200w, https:\/\/www.rengoenlanoticia.cl\/prensa\/wp-content\/uploads\/2025\/10\/WhatsApp-Image-2025-10-10-at-8.59.47-AM-copia-380x327.jpeg 380w, https:\/\/www.rengoenlanoticia.cl\/prensa\/wp-content\/uploads\/2025\/10\/WhatsApp-Image-2025-10-10-at-8.59.47-AM-copia-255x219.jpeg 255w, https:\/\/www.rengoenlanoticia.cl\/prensa\/wp-content\/uploads\/2025\/10\/WhatsApp-Image-2025-10-10-at-8.59.47-AM-copia-550x473.jpeg 550w, https:\/\/www.rengoenlanoticia.cl\/prensa\/wp-content\/uploads\/2025\/10\/WhatsApp-Image-2025-10-10-at-8.59.47-AM-copia-800x688.jpeg 800w, https:\/\/www.rengoenlanoticia.cl\/prensa\/wp-content\/uploads\/2025\/10\/WhatsApp-Image-2025-10-10-at-8.59.47-AM-copia.jpeg 1131w\" sizes=\"auto, (max-width: 1024px) 100vw, 1024px\" \/><\/figure>\n","protected":false},"excerpt":{"rendered":"El pr\u00f3ximo domingo 19 de octubre, Requ\u00ednoa volver\u00e1 a ser el epicentro del Mountain Bike nacional con una&hellip;\n","protected":false},"author":1,"featured_media":6627,"comment_status":"open","ping_status":"open","sticky":false,"template":"","format":"standard","meta":{"_monsterinsights_skip_tracking":false,"_monsterinsights_sitenote_active":false,"_monsterinsights_sitenote_note":"","_monsterinsights_sitenote_category":0,"footnotes":""},"categories":[8],"tags":[],"class_list":{"0":"post-6621","1":"post","2":"type-post","3":"status-publish","4":"format-standard","5":"has-post-thumbnail","7":"category-portada"},"aioseo_notices":[],"_links":{"self":[{"href":"https:\/\/www.rengoenlanoticia.cl\/prensa\/wp-json\/wp\/v2\/posts\/6621","targetHints":{"allow":["GET"]}}],"collection":[{"href":"https:\/\/www.rengoenlanoticia.cl\/prensa\/wp-json\/wp\/v2\/posts"}],"about":[{"href":"https:\/\/www.rengoenlanoticia.cl\/prensa\/wp-json\/wp\/v2\/types\/post"}],"author":[{"embeddable":true,"href":"https:\/\/www.rengoenlanoticia.cl\/prensa\/wp-json\/wp\/v2\/users\/1"}],"replies":[{"embeddable":true,"href":"https:\/\/www.rengoenlanoticia.cl\/prensa\/wp-json\/wp\/v2\/comments?post=6621"}],"version-history":[{"count":3,"href":"https:\/\/www.rengoenlanoticia.cl\/prensa\/wp-json\/wp\/v2\/posts\/6621\/revisions"}],"predecessor-version":[{"id":6644,"href":"https:\/\/www.rengoenlanoticia.cl\/prensa\/wp-json\/wp\/v2\/posts\/6621\/revisions\/6644"}],"wp:featuredmedia":[{"embeddable":true,"href":"https:\/\/www.rengoenlanoticia.cl\/prensa\/wp-json\/wp\/v2\/media\/6627"}],"wp:attachment":[{"href":"https:\/\/www.rengoenlanoticia.cl\/prensa\/wp-json\/wp\/v2\/media?parent=6621"}],"wp:term":[{"taxonomy":"category","embeddable":true,"href":"https:\/\/www.rengoenlanoticia.cl\/prensa\/wp-json\/wp\/v2\/categories?post=6621"},{"taxonomy":"post_tag","embeddable":true,"href":"https:\/\/www.rengoenlanoticia.cl\/prensa\/wp-json\/wp\/v2\/tags?post=6621"}],"curies":[{"name":"wp","href":"https:\/\/api.w.org\/{rel}","templated":true}]}}