{"id":6515,"date":"2025-10-09T01:50:37","date_gmt":"2025-10-09T01:50:37","guid":{"rendered":"https:\/\/www.rengoenlanoticia.cl\/prensa\/?p=6515"},"modified":"2025-10-09T01:50:59","modified_gmt":"2025-10-09T01:50:59","slug":"16-festival-regional-de-microcortos-escolares-2025-anuncia-obras-seleccionadas","status":"publish","type":"post","link":"https:\/\/www.rengoenlanoticia.cl\/prensa\/2025\/10\/09\/16-festival-regional-de-microcortos-escolares-2025-anuncia-obras-seleccionadas\/","title":{"rendered":"16\u00b0 FESTIVAL REGIONAL DE MICROCORTOS ESCOLARES 2025 ANUNCIA OBRAS SELECCIONADAS"},"content":{"rendered":"\n<p>El 16\u00b0 Festival Regional de Microcortos Escolares 2025, organizado por Fundaci\u00f3n Conecta Cultura junto al Teatro Regional Lucho&nbsp;Gatica para promover la creatividad audiovisual en las aulas, dio a conocer hoy la lista oficial de obras seleccionadas que competir\u00e1n en su gran final. Un total de&nbsp;<strong>26 producciones<\/strong>&nbsp;audiovisuales conforman la selecci\u00f3n oficial, distribuida en las categor\u00edas de&nbsp;<strong>Ense\u00f1anza B\u00e1sica (10 obras) y Ense\u00f1anza Media (16 obras)<\/strong>, adem\u00e1s de los&nbsp;<strong>Ensayo Escritos de Profesores (8 obras)<\/strong>.<\/p>\n\n\n\n<p>La edici\u00f3n 2025 ha marcado un hito en la historia del festival, no solo por la cantidad de postulaciones recibidas \u2013superando las 70 obras\u2013, sino por la&nbsp;<strong>excepcional calidad t\u00e9cnica y narrativa<\/strong>&nbsp;demostrada por estudiantes de toda la Regi\u00f3n de O\u2019Higgins. Las obras seleccionadas abordan tem\u00e1ticas diversas con una profundidad y originalidad que reflejan la voz de una generaci\u00f3n comprometida con su entorno y cultura.<\/p>\n\n\n\n<p>El evento de premiaci\u00f3n se realizar\u00e1 el&nbsp;<strong>lunes 13 de octubre de 2025 a las 10:00 horas<\/strong>&nbsp;en el&nbsp;<strong>Teatro Regional Lucho Gatica<\/strong>, donde se proyectar\u00e1n las obras finalistas y se dar\u00e1n a conocer los ganadores de cada categor\u00eda. Se espera que el teatro reciba a cientos de estudiantes, docentes, familiares y amantes del cine local, convirtiendo la jornada en&nbsp;<strong>un suceso cultural y educativo.<\/strong><\/p>\n\n\n\n<p>\u201cEstamos frente a una generaci\u00f3n de j\u00f3venes que piensa, siente y se expresa a trav\u00e9s del lenguaje audiovisual con una madurez asombrosa. La calidad de los trabajos recibidos confirma que el cine regional tiene un futuro brillante\u201d, se\u00f1al\u00f3 Francisca Fox productora del evento.&nbsp;<\/p>\n\n\n\n<p>El festival, que cuenta con el apoyo de instituciones educativas y culturales de la regi\u00f3n, busca ser una plataforma de visibilidad para el talento emergente y un incentivo para la producci\u00f3n audiovisual escolar.<\/p>\n\n\n\n<p><strong>Detalles del evento:<\/strong><\/p>\n\n\n\n<p><strong>Fecha:<\/strong>&nbsp;Lunes 13 de octubre de 2025<\/p>\n\n\n\n<p><strong>Lugar:<\/strong>&nbsp;Teatro Regional Lucho Gatica<\/p>\n\n\n\n<p><strong>Hora:<\/strong>&nbsp;10:00 horas<\/p>\n\n\n\n<p><strong>Actividad:<\/strong>&nbsp;Proyecci\u00f3n de obras seleccionadas y ceremonia de premiaci\u00f3n<\/p>\n\n\n\n<p>Para consultas sobre asistencia con cursos o cobertura period\u00edstica, contactar a:&nbsp;<a href=\"https:\/\/mailto:produccion@microcortosescolares.cl\/\" target=\"_blank\" rel=\"noreferrer noopener\"><strong>produccion@microcortosescolares.cl<\/strong><\/a>.<\/p>\n\n\n\n<p>LISTADO DE OBRAS SELECCIONADAS:<\/p>\n\n\n\n<p>ENSE\u00d1ANZA B\u00c1SICA<\/p>\n\n\n\n<p>1.- ROBOTIN: MISI\u00d3N TRANSPARENCIA<\/p>\n\n\n\n<p>Dir. Antonia Poblete<\/p>\n\n\n\n<p>Escuela Rep\u00fablica de Alemania de Rengo<\/p>\n\n\n\n<p>2.- CUIDAR EL PLANETA EMPIEZA CON UNA BOLSA<\/p>\n\n\n\n<p>Dir. Rodrigo Corona<\/p>\n\n\n\n<p>Escuela Pelequ\u00e9n de Malloa<\/p>\n\n\n\n<p>3.- NOTICIERO MARINO \u00bb NOTIKIDS\u00bb<\/p>\n\n\n\n<p>Dir. Sim\u00f3n Donoso Bravo<\/p>\n\n\n\n<p>Villa Mar\u00eda College de Machal\u00ed<\/p>\n\n\n\n<p>4.- YANIS<\/p>\n\n\n\n<p>Dir. Renata Lorca<\/p>\n\n\n\n<p>Colegio Manquem\u00e1vida de Santa Cruz<\/p>\n\n\n\n<p>5.- MI MOCHILA&#8230; MI PASAPORTE A LA EDUCACI\u00d3N<\/p>\n\n\n\n<p>Dir. Agustina Ignacia Pe\u00f1a Bellocchio<\/p>\n\n\n\n<p>Olivar College de Olivar<\/p>\n\n\n\n<p>6.- ECO-MAN VS BASUR\u00cdN<\/p>\n\n\n\n<p>Dir. Ivy Pascale Soto Robles<\/p>\n\n\n\n<p>Colegio Intermamericano de Rancagua<\/p>\n\n\n\n<p>7.- BRILLO INTERIOR<\/p>\n\n\n\n<p>Dir. Heidy Herrera Cano<\/p>\n\n\n\n<p>Liceo Francisco Tello Gonzalez de Rancagua<\/p>\n\n\n\n<p>8.- A MIS OJOS<\/p>\n\n\n\n<p>Dir. Isabella Lira<\/p>\n\n\n\n<p>Colegio Manquem\u00e1vida de Santa Cruz<\/p>\n\n\n\n<p>9.- LO QUE EL SILENCIO CUENTA<\/p>\n\n\n\n<p>Dir. M\u00e1ximo Rojas Celis<\/p>\n\n\n\n<p>Escuela la Cantera de Callejones de Codegua<\/p>\n\n\n\n<p>10.- UN AMIGO DE OTRO PLANETA<\/p>\n\n\n\n<p>Dir. Amparo Espinoza<\/p>\n\n\n\n<p>Colegio Los Cipreses de Do\u00f1ihue<\/p>\n\n\n\n<p><strong>ENSE\u00d1ANZA MEDIA<\/strong><\/p>\n\n\n\n<p>1.- NOTICIAS DEL FUTURO: J\u00d3VENES CREANDO TECNOLOG\u00cdA<\/p>\n\n\n\n<p>Dir. Matilda Gomolan Blanco<\/p>\n\n\n\n<p>Colegio Nahuelcura de Machal\u00ed<\/p>\n\n\n\n<p>2.- EL HOMBRE ELEFANTE<\/p>\n\n\n\n<p>Dir. Sebasti\u00e1n Huerta Aros<\/p>\n\n\n\n<p>Colegio Antilen de Rengo<\/p>\n\n\n\n<p>3.- REFLEJOS PERFECTOS<\/p>\n\n\n\n<p>Dir. Angielyna V\u00e1squez<\/p>\n\n\n\n<p>Colegio Gabriela Mistral de Rancagua<\/p>\n\n\n\n<p>4.- NO ES ELLA<\/p>\n\n\n\n<p>Dir. Vicente Molina L\u00f3pez<\/p>\n\n\n\n<p>Colegio El Salvador de San Vicente de Tagua Tagua<\/p>\n\n\n\n<p>5.- ENTRE MUROS Y SUE\u00d1OS<\/p>\n\n\n\n<p>Dir. Joaquin Sellado Acevedo<\/p>\n\n\n\n<p>Olivar College de Olivar<\/p>\n\n\n\n<p>6.- EL PALPITAR<\/p>\n\n\n\n<p>Dir. Monserrat Catalina Arenas Rom\u00e1n<\/p>\n\n\n\n<p>Liceo Bicentenario Oriente de Rengo<\/p>\n\n\n\n<p>7.- MISI\u00d3N ZANAHORIA<\/p>\n\n\n\n<p>Dir. Sebasti\u00e1n Sanhueza<\/p>\n\n\n\n<p>Liceo Misael Lobos Monroy de Graneros<\/p>\n\n\n\n<p>8.- METAMORFOSIS<\/p>\n\n\n\n<p>Dir. Alyson Somonei Coliqueo Cayul<\/p>\n\n\n\n<p>Colegio Sixto M\u00e9ndez Parada de Graneros<\/p>\n\n\n\n<p>9.- TODO CAMBI\u00d3<\/p>\n\n\n\n<p>Dir. Sara Parra Chavez<\/p>\n\n\n\n<p>Colegio Tecnol\u00f3gico Pulmahue de Rancagua<\/p>\n\n\n\n<p>10.- IRENE<\/p>\n\n\n\n<p>Dir. Alondra Barra<\/p>\n\n\n\n<p>Liceo Sim\u00f3n Bolivar de Rancagua<\/p>\n\n\n\n<p>11.- MIENTRAS TANTO<\/p>\n\n\n\n<p>Alejandra Palma Ram\u00edrez<\/p>\n\n\n\n<p>Instituto Regional Federico Err\u00e1zuriz de Santa Cruz<\/p>\n\n\n\n<p>12.- VIAJE A LA LUNA<\/p>\n\n\n\n<p>Dir. Daniela Rojas<\/p>\n\n\n\n<p>Liceo Bicentenario Oriente de Rengo<\/p>\n\n\n\n<p>13.- LO QUE QUEDA DE NOSOTRAS<\/p>\n\n\n\n<p>Dir. Montserrat Villagra Nicolai<\/p>\n\n\n\n<p>Liceo Misael Lobos Monroy de Graneros<\/p>\n\n\n\n<p>14.- VIDA ESCOLAR<\/p>\n\n\n\n<p>Dir. Carlos Ochoa Romero<\/p>\n\n\n\n<p>Liceo Agr\u00edcola El Carmen de San Fernando<\/p>\n\n\n\n<p>15.- LA CASA DE LOS GATOS<\/p>\n\n\n\n<p>Dir. Robinson Navarro Pinto<\/p>\n\n\n\n<p>Colegio Graneros de Graneros<\/p>\n\n\n\n<p>16.- CUANDO EL RUIDO SE TRANSFORMA EN M\u00daSICA<\/p>\n\n\n\n<p>Fabiana G\u00f3mez<\/p>\n\n\n\n<p>Colegio Asunci\u00f3n de Rengo<\/p>\n\n\n\n<p><strong>ENSAYO PROFESORES<\/strong><\/p>\n\n\n\n<p>1.- Yois Daniela Barahona Bustamante<\/p>\n\n\n\n<p>Instituto Hans Christian Andersen de San Fernando<\/p>\n\n\n\n<p>2.- Yoendris Solis Garcia<\/p>\n\n\n\n<p>Escuela Rep\u00fablica de Alemania de Rengo<\/p>\n\n\n\n<p>3.- Pablo Rojas Olivares&nbsp;<\/p>\n\n\n\n<p>Colegio Nahuelcura Machal\u00ed<\/p>\n\n\n\n<p>4.- Tamara Isabel Salinas P\u00e9rez<\/p>\n\n\n\n<p>Colegio Magister de Rancagua<\/p>\n\n\n\n<p>5.- Patricio Cubillo<\/p>\n\n\n\n<p>Escuela de Barreales\/ Colegio Manquem\u00e1vida\/ Liceo Mar\u00eda Auxiliadora de Santa Cruz<\/p>\n\n\n\n<p>6.- Pietro Fergnani Sep\u00falveda<\/p>\n\n\n\n<p>Colegio Tecnol\u00f3gico Pulmahue de Rancagua<\/p>\n\n\n\n<p>7.- Luis Felipe Toledo Castro<\/p>\n\n\n\n<p>Liceo Bicentenario \u00d3scar Castro Z\u00fa\u00f1iga de Rancagua<\/p>\n\n\n\n<p>8.- Javiera Mar\u00eda Ahumada Cristi<\/p>\n\n\n\n<p>Centro Educacional Asunci\u00f3n de Rengo<\/p>\n","protected":false},"excerpt":{"rendered":"El 16\u00b0 Festival Regional de Microcortos Escolares 2025, organizado por Fundaci\u00f3n Conecta Cultura junto al Teatro Regional Lucho&nbsp;Gatica&hellip;\n","protected":false},"author":2,"featured_media":6527,"comment_status":"open","ping_status":"open","sticky":false,"template":"","format":"standard","meta":{"_monsterinsights_skip_tracking":false,"_monsterinsights_sitenote_active":false,"_monsterinsights_sitenote_note":"","_monsterinsights_sitenote_category":0,"footnotes":""},"categories":[1],"tags":[],"class_list":{"0":"post-6515","1":"post","2":"type-post","3":"status-publish","4":"format-standard","5":"has-post-thumbnail","7":"category-uncategorized"},"aioseo_notices":[],"_links":{"self":[{"href":"https:\/\/www.rengoenlanoticia.cl\/prensa\/wp-json\/wp\/v2\/posts\/6515","targetHints":{"allow":["GET"]}}],"collection":[{"href":"https:\/\/www.rengoenlanoticia.cl\/prensa\/wp-json\/wp\/v2\/posts"}],"about":[{"href":"https:\/\/www.rengoenlanoticia.cl\/prensa\/wp-json\/wp\/v2\/types\/post"}],"author":[{"embeddable":true,"href":"https:\/\/www.rengoenlanoticia.cl\/prensa\/wp-json\/wp\/v2\/users\/2"}],"replies":[{"embeddable":true,"href":"https:\/\/www.rengoenlanoticia.cl\/prensa\/wp-json\/wp\/v2\/comments?post=6515"}],"version-history":[{"count":2,"href":"https:\/\/www.rengoenlanoticia.cl\/prensa\/wp-json\/wp\/v2\/posts\/6515\/revisions"}],"predecessor-version":[{"id":6535,"href":"https:\/\/www.rengoenlanoticia.cl\/prensa\/wp-json\/wp\/v2\/posts\/6515\/revisions\/6535"}],"wp:featuredmedia":[{"embeddable":true,"href":"https:\/\/www.rengoenlanoticia.cl\/prensa\/wp-json\/wp\/v2\/media\/6527"}],"wp:attachment":[{"href":"https:\/\/www.rengoenlanoticia.cl\/prensa\/wp-json\/wp\/v2\/media?parent=6515"}],"wp:term":[{"taxonomy":"category","embeddable":true,"href":"https:\/\/www.rengoenlanoticia.cl\/prensa\/wp-json\/wp\/v2\/categories?post=6515"},{"taxonomy":"post_tag","embeddable":true,"href":"https:\/\/www.rengoenlanoticia.cl\/prensa\/wp-json\/wp\/v2\/tags?post=6515"}],"curies":[{"name":"wp","href":"https:\/\/api.w.org\/{rel}","templated":true}]}}