{"id":6514,"date":"2025-10-09T01:47:37","date_gmt":"2025-10-09T01:47:37","guid":{"rendered":"https:\/\/www.rengoenlanoticia.cl\/prensa\/?p=6514"},"modified":"2025-10-09T01:47:46","modified_gmt":"2025-10-09T01:47:46","slug":"carabineros-detiene-a-autor-de-homicidio-en-villa-galilea","status":"publish","type":"post","link":"https:\/\/www.rengoenlanoticia.cl\/prensa\/2025\/10\/09\/carabineros-detiene-a-autor-de-homicidio-en-villa-galilea\/","title":{"rendered":"Carabineros detiene a autor de homicidio en Villa Galilea"},"content":{"rendered":"\n<p>Carabineros de la 1\u00b0 Comisar\u00eda Rancagua detuvo en horas de la madrugada de este mi\u00e9rcoles 8 de octubre al autor material y confeso del homicidio de un adulto de 28 a\u00f1os, ocurrido en el sector de calle Provincial, Villa Galilea de la comuna de Rancagua.<br>Alrededor de las 23 horas, Carabineros fue alertado de la presencia de un cuerpo en la v\u00eda p\u00fablica con evidente intervenci\u00f3n de terceras personas, debido a que presentaba lesiones de arma cortopunzantes.<br>Tras el hecho, los efectivos policiales aislaron el sitio del suceso e iniciaron diligencias aut\u00f3nomas, lo que permiti\u00f3 a trav\u00e9s de declaraciones de testigos identificar al autor del hecho delictual. Este fue identificado como J.A.J.T. 38 a\u00f1os, chileno, con antecedentes policiales, nada vigente, quien al ser detenido habr\u00eda reconocido de forma voluntaria la autor\u00eda del homicidio, se\u00f1alando que \u00e9ste se habr\u00eda producido a ra\u00edz de una discusi\u00f3n que momentos antes sostuvo con la v\u00edctima.<br>La Fiscal\u00eda instruy\u00f3 a Carabineros que el detenido fuese entregado a personal de la BH de la PDI, quienes se har\u00e1n cargo de la investigaci\u00f3n de este caso.<\/p>\n","protected":false},"excerpt":{"rendered":"Carabineros de la 1\u00b0 Comisar\u00eda Rancagua detuvo en horas de la madrugada de este mi\u00e9rcoles 8 de octubre&hellip;\n","protected":false},"author":1,"featured_media":6524,"comment_status":"open","ping_status":"open","sticky":false,"template":"","format":"standard","meta":{"_monsterinsights_skip_tracking":false,"_monsterinsights_sitenote_active":false,"_monsterinsights_sitenote_note":"","_monsterinsights_sitenote_category":0,"footnotes":""},"categories":[8],"tags":[],"class_list":{"0":"post-6514","1":"post","2":"type-post","3":"status-publish","4":"format-standard","5":"has-post-thumbnail","7":"category-portada"},"aioseo_notices":[],"_links":{"self":[{"href":"https:\/\/www.rengoenlanoticia.cl\/prensa\/wp-json\/wp\/v2\/posts\/6514","targetHints":{"allow":["GET"]}}],"collection":[{"href":"https:\/\/www.rengoenlanoticia.cl\/prensa\/wp-json\/wp\/v2\/posts"}],"about":[{"href":"https:\/\/www.rengoenlanoticia.cl\/prensa\/wp-json\/wp\/v2\/types\/post"}],"author":[{"embeddable":true,"href":"https:\/\/www.rengoenlanoticia.cl\/prensa\/wp-json\/wp\/v2\/users\/1"}],"replies":[{"embeddable":true,"href":"https:\/\/www.rengoenlanoticia.cl\/prensa\/wp-json\/wp\/v2\/comments?post=6514"}],"version-history":[{"count":3,"href":"https:\/\/www.rengoenlanoticia.cl\/prensa\/wp-json\/wp\/v2\/posts\/6514\/revisions"}],"predecessor-version":[{"id":6533,"href":"https:\/\/www.rengoenlanoticia.cl\/prensa\/wp-json\/wp\/v2\/posts\/6514\/revisions\/6533"}],"wp:featuredmedia":[{"embeddable":true,"href":"https:\/\/www.rengoenlanoticia.cl\/prensa\/wp-json\/wp\/v2\/media\/6524"}],"wp:attachment":[{"href":"https:\/\/www.rengoenlanoticia.cl\/prensa\/wp-json\/wp\/v2\/media?parent=6514"}],"wp:term":[{"taxonomy":"category","embeddable":true,"href":"https:\/\/www.rengoenlanoticia.cl\/prensa\/wp-json\/wp\/v2\/categories?post=6514"},{"taxonomy":"post_tag","embeddable":true,"href":"https:\/\/www.rengoenlanoticia.cl\/prensa\/wp-json\/wp\/v2\/tags?post=6514"}],"curies":[{"name":"wp","href":"https:\/\/api.w.org\/{rel}","templated":true}]}}