{"id":6511,"date":"2025-10-09T01:15:37","date_gmt":"2025-10-09T01:15:37","guid":{"rendered":"https:\/\/www.rengoenlanoticia.cl\/prensa\/?p=6511"},"modified":"2025-10-09T01:42:36","modified_gmt":"2025-10-09T01:42:36","slug":"organizaciones-sociales-de-ohiggins-firman-convenios-para-ejecutar-proyectos-8-fndr-comunitario","status":"publish","type":"post","link":"https:\/\/www.rengoenlanoticia.cl\/prensa\/2025\/10\/09\/organizaciones-sociales-de-ohiggins-firman-convenios-para-ejecutar-proyectos-8-fndr-comunitario\/","title":{"rendered":"Organizaciones sociales de O\u00b4Higgins firman convenios para ejecutar proyectos 8% FNDR Comunitario"},"content":{"rendered":"\n<p>\u2022En esta versi\u00f3n del fondo se adjudicaron 341 iniciativas, con un monto de inversi\u00f3n que super\u00f3 los 2 mil 857 millones de pesos.<\/p>\n\n\n\n<p> Organizaciones sociales y juntas de vecinos correspondientes a las 33 comunas de la Regi\u00f3n de O\u00b4Higgins firmaron sus convenios de transferencia que permitir\u00e1 el traspaso de recursos para la ejecuci\u00f3n de proyectos asociados al 8% Comunitario del Gobierno Regional.<\/p>\n\n\n\n<p>Estas iniciativas relacionadas a Seguridad, Cultura, Deportes, Inclusi\u00f3n, Medioambiente y la nueva l\u00ednea de Mascotas; permiten avanzar hacia una mejor calidad de vida para la regi\u00f3n de O\u2019Higgins. \u201cEstamos muy contentos de seguir avanzando en este fondo que llega directamente a la gente. Las organizaciones postulan con sus ideas y necesidades, en las 33 comunas de la Regi\u00f3n de O\u00b4Higgins, en diversas l\u00edneas de financiamiento de acuerdo con las necesidades que hay en la poblaci\u00f3n. Quiero agradecer a cada uno de los dirigentes y dirigentas sociales que se encargaron de presentar muy buenos proyectos\u201d, asegur\u00f3 el Gobernador Regional, Pablo Silva Amaya.<\/p>\n\n\n\n<p>Para formalizar la entrega de los recursos, el equipo de la Divisi\u00f3n de Desarrollo Social y Humano del Gobierno Regional se reuni\u00f3 con las organizaciones p\u00fablicas y privadas que se adjudicaron proyectos. Mar\u00eda Eugenia Cruz, presidenta de la Junta de Vecinos Villa Costa del Sol, primera etapa, Rancagua, destac\u00f3 la importancia de recibir este fondo. \u201cNosotros presentamos un proyecto de cultura para hacer un mosaico en el frontis de nuestra sede comunitaria, para una mejor identidad de nuestra poblaci\u00f3n, y ser\u00e1 construido por ni\u00f1os, j\u00f3venes y adultos, todos vecinos. Estamos muy felices, en especial los ni\u00f1os que quieren colaborar con el mosaico que servir\u00e1 para identificar nuestra comunidad\u201d.<\/p>\n\n\n\n<figure class=\"wp-block-image size-large\"><img loading=\"lazy\" decoding=\"async\" width=\"1024\" height=\"683\" src=\"https:\/\/www.rengoenlanoticia.cl\/prensa\/wp-content\/uploads\/2025\/10\/WhatsApp-Image-2025-10-07-at-17.19.15-1-1024x683.jpeg\" alt=\"\" class=\"wp-image-6516\" srcset=\"https:\/\/www.rengoenlanoticia.cl\/prensa\/wp-content\/uploads\/2025\/10\/WhatsApp-Image-2025-10-07-at-17.19.15-1-1024x683.jpeg 1024w, https:\/\/www.rengoenlanoticia.cl\/prensa\/wp-content\/uploads\/2025\/10\/WhatsApp-Image-2025-10-07-at-17.19.15-1-300x200.jpeg 300w, https:\/\/www.rengoenlanoticia.cl\/prensa\/wp-content\/uploads\/2025\/10\/WhatsApp-Image-2025-10-07-at-17.19.15-1-768x512.jpeg 768w, https:\/\/www.rengoenlanoticia.cl\/prensa\/wp-content\/uploads\/2025\/10\/WhatsApp-Image-2025-10-07-at-17.19.15-1-1536x1024.jpeg 1536w, https:\/\/www.rengoenlanoticia.cl\/prensa\/wp-content\/uploads\/2025\/10\/WhatsApp-Image-2025-10-07-at-17.19.15-1-2048x1365.jpeg 2048w, https:\/\/www.rengoenlanoticia.cl\/prensa\/wp-content\/uploads\/2025\/10\/WhatsApp-Image-2025-10-07-at-17.19.15-1-110x73.jpeg 110w, https:\/\/www.rengoenlanoticia.cl\/prensa\/wp-content\/uploads\/2025\/10\/WhatsApp-Image-2025-10-07-at-17.19.15-1-200x133.jpeg 200w, https:\/\/www.rengoenlanoticia.cl\/prensa\/wp-content\/uploads\/2025\/10\/WhatsApp-Image-2025-10-07-at-17.19.15-1-380x253.jpeg 380w, https:\/\/www.rengoenlanoticia.cl\/prensa\/wp-content\/uploads\/2025\/10\/WhatsApp-Image-2025-10-07-at-17.19.15-1-255x170.jpeg 255w, https:\/\/www.rengoenlanoticia.cl\/prensa\/wp-content\/uploads\/2025\/10\/WhatsApp-Image-2025-10-07-at-17.19.15-1-550x367.jpeg 550w, https:\/\/www.rengoenlanoticia.cl\/prensa\/wp-content\/uploads\/2025\/10\/WhatsApp-Image-2025-10-07-at-17.19.15-1-800x533.jpeg 800w, https:\/\/www.rengoenlanoticia.cl\/prensa\/wp-content\/uploads\/2025\/10\/WhatsApp-Image-2025-10-07-at-17.19.15-1-1160x773.jpeg 1160w, https:\/\/www.rengoenlanoticia.cl\/prensa\/wp-content\/uploads\/2025\/10\/WhatsApp-Image-2025-10-07-at-17.19.15-1-scaled.jpeg 2560w\" sizes=\"auto, (max-width: 1024px) 100vw, 1024px\" \/><\/figure>\n\n\n\n<p>La Junta de Vecinos El Progreso de Do\u00f1ihue se adjudic\u00f3 un proyecto de Luminarias Solares, en la l\u00ednea de Seguridad. Su presidenta, Ana Vergara resalt\u00f3 las caracter\u00edsticas de su iniciativa. \u201cComo vivimos en una zona rural, en el invierno se corta mucho la luz, por lo que tenemos que usar luminarias solares, porque es m\u00e1s seguro. Somos m\u00e1s de cuatrocientos familias que seremos beneficiadas con este proyecto. Estamos muy felices, porque nos ha ido bien con los fondos concursables, y podremos mejorar la calidad de vida de nuestras vecinas y vecinos\u201d, manifest\u00f3.<\/p>\n\n\n\n<p>La junta de vecinos Los Olmos de Palmilla, se adjudic\u00f3 un fondo en la l\u00ednea de Cultura. \u201cPostulamos un proyecto que se llama La Fiesta de la Cereza, consiste en realizar un evento cultural y musical, donde tengan espacio todas las pymes del sector para mostrar sus productos a la comunidad. Estamos muy contentos porque este evento es la primera vez que se realizar\u00e1\u201d, enfatiz\u00f3 su representante, Benjam\u00edn Ib\u00e1\u00f1ez.<\/p>\n\n\n\n<p>En tanto, en la nueva l\u00ednea de Mascotas, la organizaci\u00f3n Acci\u00f3n Animal de Marchig\u00fce, obtuvo recursos para un proyecto que busca reeducar a la poblaci\u00f3n sobre el cuidado y tenencia responsable de animales. \u201cHaremos charlas, informativos y jornadas de adopci\u00f3n. Queremos llegar a los colegios y compartir este mensaje a los ni\u00f1os, para que no haya tanto maltrato y tanto abandono de animales, porque no solo son perjudicados los perros, sino tambi\u00e9n el ganado, estamos conscientes de eso tambi\u00e9n, pero los \u00fanicos responsables de todo esto somos los seres humanos\u201d, reflexion\u00f3 Marcela Pi\u00f1a, de la organizaci\u00f3n beneficiada.<\/p>\n\n\n\n<figure class=\"wp-block-image size-large\"><img loading=\"lazy\" decoding=\"async\" width=\"1024\" height=\"683\" src=\"https:\/\/www.rengoenlanoticia.cl\/prensa\/wp-content\/uploads\/2025\/10\/WhatsApp-Image-2025-10-07-at-17.19.15-1024x683.jpeg\" alt=\"\" class=\"wp-image-6517\" srcset=\"https:\/\/www.rengoenlanoticia.cl\/prensa\/wp-content\/uploads\/2025\/10\/WhatsApp-Image-2025-10-07-at-17.19.15-1024x683.jpeg 1024w, https:\/\/www.rengoenlanoticia.cl\/prensa\/wp-content\/uploads\/2025\/10\/WhatsApp-Image-2025-10-07-at-17.19.15-300x200.jpeg 300w, https:\/\/www.rengoenlanoticia.cl\/prensa\/wp-content\/uploads\/2025\/10\/WhatsApp-Image-2025-10-07-at-17.19.15-768x512.jpeg 768w, https:\/\/www.rengoenlanoticia.cl\/prensa\/wp-content\/uploads\/2025\/10\/WhatsApp-Image-2025-10-07-at-17.19.15-1536x1024.jpeg 1536w, https:\/\/www.rengoenlanoticia.cl\/prensa\/wp-content\/uploads\/2025\/10\/WhatsApp-Image-2025-10-07-at-17.19.15-2048x1365.jpeg 2048w, https:\/\/www.rengoenlanoticia.cl\/prensa\/wp-content\/uploads\/2025\/10\/WhatsApp-Image-2025-10-07-at-17.19.15-110x73.jpeg 110w, https:\/\/www.rengoenlanoticia.cl\/prensa\/wp-content\/uploads\/2025\/10\/WhatsApp-Image-2025-10-07-at-17.19.15-200x133.jpeg 200w, https:\/\/www.rengoenlanoticia.cl\/prensa\/wp-content\/uploads\/2025\/10\/WhatsApp-Image-2025-10-07-at-17.19.15-380x253.jpeg 380w, https:\/\/www.rengoenlanoticia.cl\/prensa\/wp-content\/uploads\/2025\/10\/WhatsApp-Image-2025-10-07-at-17.19.15-255x170.jpeg 255w, https:\/\/www.rengoenlanoticia.cl\/prensa\/wp-content\/uploads\/2025\/10\/WhatsApp-Image-2025-10-07-at-17.19.15-550x367.jpeg 550w, https:\/\/www.rengoenlanoticia.cl\/prensa\/wp-content\/uploads\/2025\/10\/WhatsApp-Image-2025-10-07-at-17.19.15-800x533.jpeg 800w, https:\/\/www.rengoenlanoticia.cl\/prensa\/wp-content\/uploads\/2025\/10\/WhatsApp-Image-2025-10-07-at-17.19.15-1160x773.jpeg 1160w, https:\/\/www.rengoenlanoticia.cl\/prensa\/wp-content\/uploads\/2025\/10\/WhatsApp-Image-2025-10-07-at-17.19.15-scaled.jpeg 2560w\" sizes=\"auto, (max-width: 1024px) 100vw, 1024px\" \/><\/figure>\n\n\n\n<p>En esta versi\u00f3n del fondo 8% FNDR Comunitario se adjudicaron 341 proyectos, con un monto de inversi\u00f3n que super\u00f3 los 2 mil 857 millones de pesos. \u201cEn varias regiones no levantaron el concurso a ra\u00edz del recorte presupuestario que sufrieron los Gobiernos Regionales, pero el compromiso que nosotros tenemos con distintas comunas y especialmente con los dirigentes, que hace una labor social fant\u00e1stica, mantuvimos este proceso y ahora ya se firmaron los convenios\u201d, concluy\u00f3 el Gobernador Regional, Pablo Silva Amaya.<\/p>\n","protected":false},"excerpt":{"rendered":"\u2022En esta versi\u00f3n del fondo se adjudicaron 341 iniciativas, con un monto de inversi\u00f3n que super\u00f3 los 2&hellip;\n","protected":false},"author":1,"featured_media":6518,"comment_status":"open","ping_status":"open","sticky":false,"template":"","format":"standard","meta":{"_monsterinsights_skip_tracking":false,"_monsterinsights_sitenote_active":false,"_monsterinsights_sitenote_note":"","_monsterinsights_sitenote_category":0,"footnotes":""},"categories":[8],"tags":[],"class_list":{"0":"post-6511","1":"post","2":"type-post","3":"status-publish","4":"format-standard","5":"has-post-thumbnail","7":"category-portada"},"aioseo_notices":[],"_links":{"self":[{"href":"https:\/\/www.rengoenlanoticia.cl\/prensa\/wp-json\/wp\/v2\/posts\/6511","targetHints":{"allow":["GET"]}}],"collection":[{"href":"https:\/\/www.rengoenlanoticia.cl\/prensa\/wp-json\/wp\/v2\/posts"}],"about":[{"href":"https:\/\/www.rengoenlanoticia.cl\/prensa\/wp-json\/wp\/v2\/types\/post"}],"author":[{"embeddable":true,"href":"https:\/\/www.rengoenlanoticia.cl\/prensa\/wp-json\/wp\/v2\/users\/1"}],"replies":[{"embeddable":true,"href":"https:\/\/www.rengoenlanoticia.cl\/prensa\/wp-json\/wp\/v2\/comments?post=6511"}],"version-history":[{"count":3,"href":"https:\/\/www.rengoenlanoticia.cl\/prensa\/wp-json\/wp\/v2\/posts\/6511\/revisions"}],"predecessor-version":[{"id":6529,"href":"https:\/\/www.rengoenlanoticia.cl\/prensa\/wp-json\/wp\/v2\/posts\/6511\/revisions\/6529"}],"wp:featuredmedia":[{"embeddable":true,"href":"https:\/\/www.rengoenlanoticia.cl\/prensa\/wp-json\/wp\/v2\/media\/6518"}],"wp:attachment":[{"href":"https:\/\/www.rengoenlanoticia.cl\/prensa\/wp-json\/wp\/v2\/media?parent=6511"}],"wp:term":[{"taxonomy":"category","embeddable":true,"href":"https:\/\/www.rengoenlanoticia.cl\/prensa\/wp-json\/wp\/v2\/categories?post=6511"},{"taxonomy":"post_tag","embeddable":true,"href":"https:\/\/www.rengoenlanoticia.cl\/prensa\/wp-json\/wp\/v2\/tags?post=6511"}],"curies":[{"name":"wp","href":"https:\/\/api.w.org\/{rel}","templated":true}]}}