{"id":6497,"date":"2025-10-08T01:52:52","date_gmt":"2025-10-08T01:52:52","guid":{"rendered":"https:\/\/www.rengoenlanoticia.cl\/prensa\/?p=6497"},"modified":"2025-10-08T01:54:19","modified_gmt":"2025-10-08T01:54:19","slug":"ruta-hospital-amigo-llego-a-santa-cruz","status":"publish","type":"post","link":"https:\/\/www.rengoenlanoticia.cl\/prensa\/2025\/10\/08\/ruta-hospital-amigo-llego-a-santa-cruz\/","title":{"rendered":"\u201cRuta Hospital Amigo\u201d lleg\u00f3 a Santa Cruz"},"content":{"rendered":"\n<p><br>Autoridades del Servicio de Salud O\u2019Higgins y representantes del COSOC visitaron el recinto para conocer c\u00f3mo se aplican las 13 medidas que buscan abrir el establecimiento a la comunidad y poner a las personas en el centro del cuidado.<br>Santa Cruz, Martes 7 de octubre de 2025.- Con el objetivo de conocer en terreno la implementaci\u00f3n del programa \u201cHospital Amigo\u201d, el director del Servicio de Salud O\u2019Higgins, Jaime Guti\u00e9rrez, junto a representantes del Consejo de la Sociedad Civil Regional (COSOC), realizaron una visita al Hospital de Santa Cruz, en el marco de la iniciativa \u201cRuta Hospital Amigo\u201d, que busca acercar la gesti\u00f3n hospitalaria a los dirigentes de la sociedad civil y reforzar el compromiso con una atenci\u00f3n m\u00e1s humana y cercana.<\/p>\n\n\n\n<figure class=\"wp-block-image size-large\"><img loading=\"lazy\" decoding=\"async\" width=\"1024\" height=\"768\" src=\"https:\/\/www.rengoenlanoticia.cl\/prensa\/wp-content\/uploads\/2025\/10\/WhatsApp-Image-2025-10-07-at-16.48.08-1024x768.jpeg\" alt=\"\" class=\"wp-image-6499\" srcset=\"https:\/\/www.rengoenlanoticia.cl\/prensa\/wp-content\/uploads\/2025\/10\/WhatsApp-Image-2025-10-07-at-16.48.08-1024x768.jpeg 1024w, https:\/\/www.rengoenlanoticia.cl\/prensa\/wp-content\/uploads\/2025\/10\/WhatsApp-Image-2025-10-07-at-16.48.08-300x225.jpeg 300w, https:\/\/www.rengoenlanoticia.cl\/prensa\/wp-content\/uploads\/2025\/10\/WhatsApp-Image-2025-10-07-at-16.48.08-768x576.jpeg 768w, https:\/\/www.rengoenlanoticia.cl\/prensa\/wp-content\/uploads\/2025\/10\/WhatsApp-Image-2025-10-07-at-16.48.08-1536x1152.jpeg 1536w, https:\/\/www.rengoenlanoticia.cl\/prensa\/wp-content\/uploads\/2025\/10\/WhatsApp-Image-2025-10-07-at-16.48.08-110x83.jpeg 110w, https:\/\/www.rengoenlanoticia.cl\/prensa\/wp-content\/uploads\/2025\/10\/WhatsApp-Image-2025-10-07-at-16.48.08-200x150.jpeg 200w, https:\/\/www.rengoenlanoticia.cl\/prensa\/wp-content\/uploads\/2025\/10\/WhatsApp-Image-2025-10-07-at-16.48.08-380x285.jpeg 380w, https:\/\/www.rengoenlanoticia.cl\/prensa\/wp-content\/uploads\/2025\/10\/WhatsApp-Image-2025-10-07-at-16.48.08-255x191.jpeg 255w, https:\/\/www.rengoenlanoticia.cl\/prensa\/wp-content\/uploads\/2025\/10\/WhatsApp-Image-2025-10-07-at-16.48.08-550x413.jpeg 550w, https:\/\/www.rengoenlanoticia.cl\/prensa\/wp-content\/uploads\/2025\/10\/WhatsApp-Image-2025-10-07-at-16.48.08-800x600.jpeg 800w, https:\/\/www.rengoenlanoticia.cl\/prensa\/wp-content\/uploads\/2025\/10\/WhatsApp-Image-2025-10-07-at-16.48.08-1160x870.jpeg 1160w, https:\/\/www.rengoenlanoticia.cl\/prensa\/wp-content\/uploads\/2025\/10\/WhatsApp-Image-2025-10-07-at-16.48.08.jpeg 1600w\" sizes=\"auto, (max-width: 1024px) 100vw, 1024px\" \/><\/figure>\n\n\n\n<p><br>Durante el recorrido, las autoridades y representantes del COSOC visitaron diversas unidades del establecimiento, entre ellas Pediatr\u00eda, UTI y la Escuela Hospitalaria, donde constataron la aplicaci\u00f3n de las 13 medidas del programa Hospital Amigo, orientadas a fortalecer el v\u00ednculo entre los equipos de salud, los pacientes y sus familias.<br>\u201cEsta iniciativa nace de un compromiso con el COSOC, para recorrer los hospitales de la red y conocer c\u00f3mo se implementan las 13 medidas del Hospital Amigo. Hemos estado en Rengo, Rancagua y hoy en Santa Cruz, donde vemos c\u00f3mo la estrategia se traduce en un trato m\u00e1s humano y cercano para los pacientes. Nos alegra ver c\u00f3mo estos compromisos se materializan y acercan la salud a las personas de nuestra regi\u00f3n\u201d, indic\u00f3 en la actividad el director del Servicio de Salud, a\u00f1adiendo que en la jornada tambi\u00e9n se realiz\u00f3 una presentaci\u00f3n de las 13 medidas a los dirigentes.<\/p>\n\n\n\n<figure class=\"wp-block-image size-large\"><img loading=\"lazy\" decoding=\"async\" width=\"1024\" height=\"768\" src=\"https:\/\/www.rengoenlanoticia.cl\/prensa\/wp-content\/uploads\/2025\/10\/WhatsApp-Image-2025-10-07-at-16.48.23-1024x768.jpeg\" alt=\"\" class=\"wp-image-6501\" srcset=\"https:\/\/www.rengoenlanoticia.cl\/prensa\/wp-content\/uploads\/2025\/10\/WhatsApp-Image-2025-10-07-at-16.48.23-1024x768.jpeg 1024w, https:\/\/www.rengoenlanoticia.cl\/prensa\/wp-content\/uploads\/2025\/10\/WhatsApp-Image-2025-10-07-at-16.48.23-300x225.jpeg 300w, https:\/\/www.rengoenlanoticia.cl\/prensa\/wp-content\/uploads\/2025\/10\/WhatsApp-Image-2025-10-07-at-16.48.23-768x576.jpeg 768w, https:\/\/www.rengoenlanoticia.cl\/prensa\/wp-content\/uploads\/2025\/10\/WhatsApp-Image-2025-10-07-at-16.48.23-1536x1152.jpeg 1536w, https:\/\/www.rengoenlanoticia.cl\/prensa\/wp-content\/uploads\/2025\/10\/WhatsApp-Image-2025-10-07-at-16.48.23-110x83.jpeg 110w, https:\/\/www.rengoenlanoticia.cl\/prensa\/wp-content\/uploads\/2025\/10\/WhatsApp-Image-2025-10-07-at-16.48.23-200x150.jpeg 200w, https:\/\/www.rengoenlanoticia.cl\/prensa\/wp-content\/uploads\/2025\/10\/WhatsApp-Image-2025-10-07-at-16.48.23-380x285.jpeg 380w, https:\/\/www.rengoenlanoticia.cl\/prensa\/wp-content\/uploads\/2025\/10\/WhatsApp-Image-2025-10-07-at-16.48.23-255x191.jpeg 255w, https:\/\/www.rengoenlanoticia.cl\/prensa\/wp-content\/uploads\/2025\/10\/WhatsApp-Image-2025-10-07-at-16.48.23-550x413.jpeg 550w, https:\/\/www.rengoenlanoticia.cl\/prensa\/wp-content\/uploads\/2025\/10\/WhatsApp-Image-2025-10-07-at-16.48.23-800x600.jpeg 800w, https:\/\/www.rengoenlanoticia.cl\/prensa\/wp-content\/uploads\/2025\/10\/WhatsApp-Image-2025-10-07-at-16.48.23-1160x870.jpeg 1160w, https:\/\/www.rengoenlanoticia.cl\/prensa\/wp-content\/uploads\/2025\/10\/WhatsApp-Image-2025-10-07-at-16.48.23.jpeg 1600w\" sizes=\"auto, (max-width: 1024px) 100vw, 1024px\" \/><\/figure>\n\n\n\n<p><br>Sobre lo anterior, el director del Hospital de Santa Cruz, Dr. Sebasti\u00e1n Urz\u00faa, quien encabez\u00f3 el recorrido junto al equipo directivo, subray\u00f3 que \u201choy es un d\u00eda muy importante para nuestro hospital, porque reafirmamos uno de nuestros ejes de trabajo: avanzar en la evoluci\u00f3n del Hospital Amigo. Esta estrategia busca mejorar la atenci\u00f3n y abrir a\u00fan m\u00e1s nuestras puertas a la comunidad, promoviendo una atenci\u00f3n c\u00e1lida, respetuosa y centrada en las personas\u201d.<\/p>\n\n\n\n<figure class=\"wp-block-image size-large\"><img loading=\"lazy\" decoding=\"async\" width=\"1024\" height=\"768\" src=\"https:\/\/www.rengoenlanoticia.cl\/prensa\/wp-content\/uploads\/2025\/10\/WhatsApp-Image-2025-10-07-at-16.48.24-1024x768.jpeg\" alt=\"\" class=\"wp-image-6504\" srcset=\"https:\/\/www.rengoenlanoticia.cl\/prensa\/wp-content\/uploads\/2025\/10\/WhatsApp-Image-2025-10-07-at-16.48.24-1024x768.jpeg 1024w, https:\/\/www.rengoenlanoticia.cl\/prensa\/wp-content\/uploads\/2025\/10\/WhatsApp-Image-2025-10-07-at-16.48.24-300x225.jpeg 300w, https:\/\/www.rengoenlanoticia.cl\/prensa\/wp-content\/uploads\/2025\/10\/WhatsApp-Image-2025-10-07-at-16.48.24-768x576.jpeg 768w, https:\/\/www.rengoenlanoticia.cl\/prensa\/wp-content\/uploads\/2025\/10\/WhatsApp-Image-2025-10-07-at-16.48.24-1536x1152.jpeg 1536w, https:\/\/www.rengoenlanoticia.cl\/prensa\/wp-content\/uploads\/2025\/10\/WhatsApp-Image-2025-10-07-at-16.48.24-110x83.jpeg 110w, https:\/\/www.rengoenlanoticia.cl\/prensa\/wp-content\/uploads\/2025\/10\/WhatsApp-Image-2025-10-07-at-16.48.24-200x150.jpeg 200w, https:\/\/www.rengoenlanoticia.cl\/prensa\/wp-content\/uploads\/2025\/10\/WhatsApp-Image-2025-10-07-at-16.48.24-380x285.jpeg 380w, https:\/\/www.rengoenlanoticia.cl\/prensa\/wp-content\/uploads\/2025\/10\/WhatsApp-Image-2025-10-07-at-16.48.24-255x191.jpeg 255w, https:\/\/www.rengoenlanoticia.cl\/prensa\/wp-content\/uploads\/2025\/10\/WhatsApp-Image-2025-10-07-at-16.48.24-550x413.jpeg 550w, https:\/\/www.rengoenlanoticia.cl\/prensa\/wp-content\/uploads\/2025\/10\/WhatsApp-Image-2025-10-07-at-16.48.24-800x600.jpeg 800w, https:\/\/www.rengoenlanoticia.cl\/prensa\/wp-content\/uploads\/2025\/10\/WhatsApp-Image-2025-10-07-at-16.48.24-1160x870.jpeg 1160w, https:\/\/www.rengoenlanoticia.cl\/prensa\/wp-content\/uploads\/2025\/10\/WhatsApp-Image-2025-10-07-at-16.48.24.jpeg 1600w\" sizes=\"auto, (max-width: 1024px) 100vw, 1024px\" \/><\/figure>\n\n\n\n<p><br>En tanto, Luz Solar Mu\u00f1oz, representante del COSOC y presidenta del Consejo de Desarrollo Local de Salud de Santa Cruz, expres\u00f3 que esta visita responde a una solicitud realizada por los propios consejeros. \u201cQuer\u00edamos conocer de cerca c\u00f3mo funcionan los hospitales y c\u00f3mo se aplican las medidas del Hospital Amigo. Hoy vemos un trabajo real y comprometido del hospital de Santa Cruz con sus pacientes y con la comunidad\u201d.<br>A lo anterior, la dirigente agreg\u00f3 que \u201cnos vamos muy satisfechos de esta jornada porque nos permiti\u00f3 conocer de primera mano los avances del hospital en la implementaci\u00f3n de la estrategia \u201cHospital Amigo\u201d, orientada a fortalecer el trato digno y la participaci\u00f3n de las familias en la atenci\u00f3n de salud\u201d.<\/p>\n\n\n\n<figure class=\"wp-block-image size-large\"><img loading=\"lazy\" decoding=\"async\" width=\"1024\" height=\"768\" src=\"https:\/\/www.rengoenlanoticia.cl\/prensa\/wp-content\/uploads\/2025\/10\/WhatsApp-Image-2025-10-07-at-16.48.24-2-1024x768.jpeg\" alt=\"\" class=\"wp-image-6503\" srcset=\"https:\/\/www.rengoenlanoticia.cl\/prensa\/wp-content\/uploads\/2025\/10\/WhatsApp-Image-2025-10-07-at-16.48.24-2-1024x768.jpeg 1024w, https:\/\/www.rengoenlanoticia.cl\/prensa\/wp-content\/uploads\/2025\/10\/WhatsApp-Image-2025-10-07-at-16.48.24-2-300x225.jpeg 300w, https:\/\/www.rengoenlanoticia.cl\/prensa\/wp-content\/uploads\/2025\/10\/WhatsApp-Image-2025-10-07-at-16.48.24-2-768x576.jpeg 768w, https:\/\/www.rengoenlanoticia.cl\/prensa\/wp-content\/uploads\/2025\/10\/WhatsApp-Image-2025-10-07-at-16.48.24-2-110x83.jpeg 110w, https:\/\/www.rengoenlanoticia.cl\/prensa\/wp-content\/uploads\/2025\/10\/WhatsApp-Image-2025-10-07-at-16.48.24-2-200x150.jpeg 200w, https:\/\/www.rengoenlanoticia.cl\/prensa\/wp-content\/uploads\/2025\/10\/WhatsApp-Image-2025-10-07-at-16.48.24-2-380x285.jpeg 380w, https:\/\/www.rengoenlanoticia.cl\/prensa\/wp-content\/uploads\/2025\/10\/WhatsApp-Image-2025-10-07-at-16.48.24-2-255x191.jpeg 255w, https:\/\/www.rengoenlanoticia.cl\/prensa\/wp-content\/uploads\/2025\/10\/WhatsApp-Image-2025-10-07-at-16.48.24-2-550x413.jpeg 550w, https:\/\/www.rengoenlanoticia.cl\/prensa\/wp-content\/uploads\/2025\/10\/WhatsApp-Image-2025-10-07-at-16.48.24-2-800x600.jpeg 800w, https:\/\/www.rengoenlanoticia.cl\/prensa\/wp-content\/uploads\/2025\/10\/WhatsApp-Image-2025-10-07-at-16.48.24-2-1160x870.jpeg 1160w, https:\/\/www.rengoenlanoticia.cl\/prensa\/wp-content\/uploads\/2025\/10\/WhatsApp-Image-2025-10-07-at-16.48.24-2.jpeg 1280w\" sizes=\"auto, (max-width: 1024px) 100vw, 1024px\" \/><\/figure>\n\n\n\n<p>Francisca Verdugo, referente del programa Hospital Amigo en el recinto santacruzano, resalt\u00f3 el valor del recorrido, indicando que \u201cla Ruta Hospital Amigo es muy significativa, ya que nos permite mostrar los avances y tambi\u00e9n los desaf\u00edos, reforzando nuestro compromiso con las familias durante todo el proceso de hospitalizaci\u00f3n y recuperaci\u00f3n de sus seres queridos\u201d.<br>Agreg\u00f3 adem\u00e1s que \u201cestamos en presencia de una estrategia humana, y donde las 13 medidas del programa Hospital Amigo promueven la humanizaci\u00f3n de la atenci\u00f3n hospitalaria mediante acciones concretas, como la flexibilizaci\u00f3n de los horarios de visita, la entrega oportuna de informaci\u00f3n m\u00e9dica, el acompa\u00f1amiento diurno y nocturno para ni\u00f1os, personas mayores o en etapa final de vida, y el liderazgo institucional que garantiza la continuidad de este enfoque en todos los niveles del hospital\u201d, finaliz\u00f3 la referente.<\/p>\n\n\n\n<figure class=\"wp-block-image size-large\"><img loading=\"lazy\" decoding=\"async\" width=\"1024\" height=\"768\" src=\"https:\/\/www.rengoenlanoticia.cl\/prensa\/wp-content\/uploads\/2025\/10\/WhatsApp-Image-2025-10-07-at-16.48.24-1-1024x768.jpeg\" alt=\"\" class=\"wp-image-6502\" srcset=\"https:\/\/www.rengoenlanoticia.cl\/prensa\/wp-content\/uploads\/2025\/10\/WhatsApp-Image-2025-10-07-at-16.48.24-1-1024x768.jpeg 1024w, https:\/\/www.rengoenlanoticia.cl\/prensa\/wp-content\/uploads\/2025\/10\/WhatsApp-Image-2025-10-07-at-16.48.24-1-300x225.jpeg 300w, https:\/\/www.rengoenlanoticia.cl\/prensa\/wp-content\/uploads\/2025\/10\/WhatsApp-Image-2025-10-07-at-16.48.24-1-768x576.jpeg 768w, https:\/\/www.rengoenlanoticia.cl\/prensa\/wp-content\/uploads\/2025\/10\/WhatsApp-Image-2025-10-07-at-16.48.24-1-1536x1152.jpeg 1536w, https:\/\/www.rengoenlanoticia.cl\/prensa\/wp-content\/uploads\/2025\/10\/WhatsApp-Image-2025-10-07-at-16.48.24-1-110x83.jpeg 110w, https:\/\/www.rengoenlanoticia.cl\/prensa\/wp-content\/uploads\/2025\/10\/WhatsApp-Image-2025-10-07-at-16.48.24-1-200x150.jpeg 200w, https:\/\/www.rengoenlanoticia.cl\/prensa\/wp-content\/uploads\/2025\/10\/WhatsApp-Image-2025-10-07-at-16.48.24-1-380x285.jpeg 380w, https:\/\/www.rengoenlanoticia.cl\/prensa\/wp-content\/uploads\/2025\/10\/WhatsApp-Image-2025-10-07-at-16.48.24-1-255x191.jpeg 255w, https:\/\/www.rengoenlanoticia.cl\/prensa\/wp-content\/uploads\/2025\/10\/WhatsApp-Image-2025-10-07-at-16.48.24-1-550x413.jpeg 550w, https:\/\/www.rengoenlanoticia.cl\/prensa\/wp-content\/uploads\/2025\/10\/WhatsApp-Image-2025-10-07-at-16.48.24-1-800x600.jpeg 800w, https:\/\/www.rengoenlanoticia.cl\/prensa\/wp-content\/uploads\/2025\/10\/WhatsApp-Image-2025-10-07-at-16.48.24-1-1160x870.jpeg 1160w, https:\/\/www.rengoenlanoticia.cl\/prensa\/wp-content\/uploads\/2025\/10\/WhatsApp-Image-2025-10-07-at-16.48.24-1.jpeg 1600w\" sizes=\"auto, (max-width: 1024px) 100vw, 1024px\" \/><\/figure>\n","protected":false},"excerpt":{"rendered":"Autoridades del Servicio de Salud O\u2019Higgins y representantes del COSOC visitaron el recinto para conocer c\u00f3mo se aplican&hellip;\n","protected":false},"author":1,"featured_media":6500,"comment_status":"open","ping_status":"open","sticky":false,"template":"","format":"standard","meta":{"_monsterinsights_skip_tracking":false,"_monsterinsights_sitenote_active":false,"_monsterinsights_sitenote_note":"","_monsterinsights_sitenote_category":0,"footnotes":""},"categories":[8],"tags":[],"class_list":{"0":"post-6497","1":"post","2":"type-post","3":"status-publish","4":"format-standard","5":"has-post-thumbnail","7":"category-portada"},"aioseo_notices":[],"_links":{"self":[{"href":"https:\/\/www.rengoenlanoticia.cl\/prensa\/wp-json\/wp\/v2\/posts\/6497","targetHints":{"allow":["GET"]}}],"collection":[{"href":"https:\/\/www.rengoenlanoticia.cl\/prensa\/wp-json\/wp\/v2\/posts"}],"about":[{"href":"https:\/\/www.rengoenlanoticia.cl\/prensa\/wp-json\/wp\/v2\/types\/post"}],"author":[{"embeddable":true,"href":"https:\/\/www.rengoenlanoticia.cl\/prensa\/wp-json\/wp\/v2\/users\/1"}],"replies":[{"embeddable":true,"href":"https:\/\/www.rengoenlanoticia.cl\/prensa\/wp-json\/wp\/v2\/comments?post=6497"}],"version-history":[{"count":3,"href":"https:\/\/www.rengoenlanoticia.cl\/prensa\/wp-json\/wp\/v2\/posts\/6497\/revisions"}],"predecessor-version":[{"id":6507,"href":"https:\/\/www.rengoenlanoticia.cl\/prensa\/wp-json\/wp\/v2\/posts\/6497\/revisions\/6507"}],"wp:featuredmedia":[{"embeddable":true,"href":"https:\/\/www.rengoenlanoticia.cl\/prensa\/wp-json\/wp\/v2\/media\/6500"}],"wp:attachment":[{"href":"https:\/\/www.rengoenlanoticia.cl\/prensa\/wp-json\/wp\/v2\/media?parent=6497"}],"wp:term":[{"taxonomy":"category","embeddable":true,"href":"https:\/\/www.rengoenlanoticia.cl\/prensa\/wp-json\/wp\/v2\/categories?post=6497"},{"taxonomy":"post_tag","embeddable":true,"href":"https:\/\/www.rengoenlanoticia.cl\/prensa\/wp-json\/wp\/v2\/tags?post=6497"}],"curies":[{"name":"wp","href":"https:\/\/api.w.org\/{rel}","templated":true}]}}