{"id":6489,"date":"2025-10-07T13:43:16","date_gmt":"2025-10-07T13:43:16","guid":{"rendered":"https:\/\/www.rengoenlanoticia.cl\/prensa\/?p=6489"},"modified":"2025-10-07T13:43:19","modified_gmt":"2025-10-07T13:43:19","slug":"gira-teleton-regresa-a-ohiggins-para-motivar-la-region-para-la-campana-de-este-28-y-29-de-noviembre","status":"publish","type":"post","link":"https:\/\/www.rengoenlanoticia.cl\/prensa\/2025\/10\/07\/gira-teleton-regresa-a-ohiggins-para-motivar-la-region-para-la-campana-de-este-28-y-29-de-noviembre\/","title":{"rendered":"Gira Telet\u00f3n regresa a O\u2019Higgins para motivar la regi\u00f3n para la campa\u00f1a de este 28 y 29 de noviembre"},"content":{"rendered":"\n<p><em>La caravana solidaria llegar\u00e1 a Rengo el martes 18 de noviembre con una parada especial, antes de continuar rumbo a Curic\u00f3.<\/em><\/p>\n\n\n\n<p>La emoci\u00f3n y la solidaridad de la Gira Telet\u00f3n 2024 vuelven a la<strong> regi\u00f3n de O\u2019Higgins<\/strong>. Este a\u00f1o, la tradicional caravana de artistas, animadores e influencers realizar\u00e1 una parada en la comuna de <strong>Rengo <\/strong>el <strong>martes 18 de noviembre<\/strong>, como parte del recorrido por el sur del pa\u00eds que busca motivar a la comunidad para los d\u00edas<strong> 28 y 29 de noviembre<\/strong>, fechas en que se vivir\u00e1 una nueva versi\u00f3n de la cruzada solidaria que apoya la rehabilitaci\u00f3n de m\u00e1s de 32 mil familias de Arica a Ays\u00e9n.<\/p>\n\n\n\n<p>La gira se desarrollar\u00e1 en dos tramos: <strong>del 4 al 8 de noviembre en la zona norte<\/strong>, y del <strong>18 al 22 de noviembre en el sur<\/strong>, luego del receso por las elecciones presidenciales y parlamentarias. Este a\u00f1o, adem\u00e1s, se incorporan escenarios en ciudades que no sol\u00edan ser parte del recorrido principal, como Ovalle, Curic\u00f3 y Castro, en un gesto de descentralizaci\u00f3n y cercan\u00eda con las comunidades regionales.<\/p>\n\n\n\n<p><strong>\u201cEstamos s\u00faper felices porque estamos dando paso a nuestra nueva gira Telet\u00f3n, que lo que busca es acercar la Telet\u00f3n a todo Chile. <\/strong>La Telet\u00f3n es de todos los chilenos y es por eso que es tan importante que podamos llegar y podamos recorrer todo nuestro pa\u00eds. Este a\u00f1o estamos muy contentos de poder llegar por primera vez a lugares que antes no hab\u00edamos estado con los show principales, como Ovalle, Curic\u00f3 y Castro, y adem\u00e1s poder parar en distintas ciudades intermedias para poder llevar toda la solidaridad y toda la fuerza de la Telet\u00f3n a esos lugares que se comprometen de una manera impresionante para poder cumplir con la gran meta de todos los chilenos\u201d, destac\u00f3 la directora general de Fundaci\u00f3n Telet\u00f3n, <strong>Mar\u00eda Jos\u00e9 Zald\u00edvar.<\/strong><\/p>\n\n\n\n<p>Esta no es la primera vez que la regi\u00f3n de O\u2019Higgins es parte del recorrido de la Gira Telet\u00f3n. En 2023, la caravana visit\u00f3 Pichidegua, y en 2024 realiz\u00f3 una parada en Rancagua.<\/p>\n\n\n\n<p>Adem\u00e1s, esta visita tiene un significado especial, ya que O\u2019Higgins ser\u00e1 pr\u00f3ximamente sede de un <a href=\"https:\/\/www.teleton.cl\/proyecto\/rancagua-teleton-instituto\/\"><strong>nuevo Instituto Telet\u00f3n<\/strong><\/a>, cuya apertura se proyecta para finales de 2025 o inicios de 2026. Este nuevo centro permitir\u00e1 ampliar la cobertura y atenci\u00f3n a m\u00e1s de mil familias del centro del pa\u00eds que actualmente se trasladan a Santiago o Talca para recibir rehabilitaci\u00f3n.<\/p>\n\n\n\n<p>Este a\u00f1o, la parada ser\u00e1 en Rengo, donde la comitiva realizar\u00e1 un show abierto a toda la comunidad, como antesala al gran espect\u00e1culo gratuito que se vivir\u00e1 ese mismo d\u00eda por la tarde en la Medialuna de Curic\u00f3, que contar\u00e1 con la presentaci\u00f3n de Sinergia Kids junto a la T\u00eda Pucherito, y donde m\u00e1s tarde se presentar\u00e1n La Combo Tortuga, Paula Rivas, entre otros artistas que ser\u00e1n<strong> anunciados pr\u00f3ximamente<\/strong> <a href=\"https:\/\/www.instagram.com\/teleton_chile\/?hl=es\">a trav\u00e9s de las redes sociales.<\/a><\/p>\n\n\n\n<p>La gira contar\u00e1 tambi\u00e9n con la participaci\u00f3n del actor <a href=\"https:\/\/www.instagram.com\/oliverbornercerda\/?hl=es\">Oliver B\u00f6rner<\/a>. A \u00e9l se sumar\u00e1 el animador del programa \u201cEfecto N\u201d, de NTV,<a href=\"https:\/\/www.instagram.com\/juliorobertmago\/?hl=es\"> Julio Robert, quien recorrer\u00e1 todo el sur junto a la comitiva de artistas<\/a>, quien acompa\u00f1ar\u00e1 todo el recorrido por la zona sur.<\/p>\n\n\n\n<p><strong>Regreso del tren de la Telet\u00f3n<\/strong><\/p>\n\n\n\n<p>Uno de los hitos de este a\u00f1o ser\u00e1 el regreso del tren de la Gira Telet\u00f3n gracias al servicio especial de la Empresa de Ferrocarriles del Estado (EFE). De esta manera, la comitiva de artistas, animadores e influencers viajar\u00e1 en tren desde Estaci\u00f3n Central hasta Los Lagos, para luego continuar el recorrido en bus y en transbordador hacia Castro, en Chilo\u00e9, donde por primera vez se realizar\u00e1 el cierre de la gira.<\/p>\n\n\n\n<p><strong>Jos\u00e9 Solorza,<\/strong> gerente general de EFE, destac\u00f3 que \u201c<strong>es un orgullo ser parte de este hito solidario que une a Chile desde hace m\u00e1s de cuatro d\u00e9cadas. <\/strong>Despu\u00e9s de siete a\u00f1os, la Gira Sur vuelve a realizarse en tren y, por primera vez en 30 a\u00f1os, la comitiva llegar\u00e1 hasta la Regi\u00f3n de Los Lagos. Nuestro compromiso es aportar con la experiencia y seguridad de nuestros trenes para que esta gira tenga un recorrido eficiente, seguro y lleno de emoci\u00f3n\u201d.<\/p>\n\n\n\n<p>El convoy contar\u00e1 con tres coches de pasajeros con capacidad para 135 personas, adem\u00e1s de vagones de comedor, bodega y generador.<\/p>\n\n\n\n<p><strong>Estas son las ciudades de la Gira por el sur<\/strong><\/p>\n\n\n\n<ul class=\"wp-block-list\">\n<li><strong>Curic\u00f3: <\/strong>Martes 18 de noviembre\/18:00\/<a href=\"https:\/\/www.google.com\/maps\/place\/Medialuna+de+Curic%C3%B3\/@-34.9737628,-71.2288731,273m\/data=!3m1!1e3!4m6!3m5!1s0x9664572a4c070b1b:0x70badb4a9cee09a8!8m2!3d-34.9738261!4d-71.228182!16s%2Fg%2F11gv0ndpwv?entry=ttu&amp;g_ep=EgoyMDI1MDkyOS4wIKXMDSoASAFQAw%3D%3D\"><strong>Medialuna de Curic\u00f3.<\/strong><\/a><\/li>\n\n\n\n<li><strong>Concepci\u00f3n: <\/strong>Mi\u00e9rcoles 19 de noviembre\/18:00\/<a href=\"https:\/\/www.google.com\/maps\/place\/Parque+y+Mirador+Laguna+Grande\/@-36.8474658,-73.104398,16z\/data=!4m15!1m8!3m7!1s0x9669c9a76f656b9d:0xac179a68565992fe!2sParque+y+Mirador+Laguna+Grande!8m2!3d-36.8474658!4d-73.104398!10e5!16s%2Fg%2F11fd8gk5jp!3m5!1s0x9669c9a76f656b9d:0xac179a68565992fe!8m2!3d-36.8474658!4d-73.104398!16s%2Fg%2F11fd8gk5jp?entry=ttu&amp;g_ep=EgoyMDI1MDkyOS4wIKXMDSoASAFQAw%3D%3D\"><strong>Parque y Mirador Laguna Grande<\/strong><\/a><strong>,<\/strong> San Pedro de La Paz.<\/li>\n\n\n\n<li><strong>Temuco: <\/strong>Jueves 20 de noviembre\/18:00\/<a href=\"https:\/\/www.google.com\/maps\/place\/Parque+Urbano+Isla+Caut%C3%ADn\/@-38.7503377,-72.6051584,1237m\/data=!3m1!1e3!4m14!1m7!3m6!1s0x9614d15f251ff09b:0x9529f3a3a7e7bf4a!2sParque+Urbano+Isla+Caut%C3%ADn!8m2!3d-38.7476513!4d-72.5985372!16s%2Fg%2F12mkx_8j_!3m5!1s0x9614d15f251ff09b:0x9529f3a3a7e7bf4a!8m2!3d-38.7476513!4d-72.5985372!16s%2Fg%2F12mkx_8j_?entry=ttu&amp;g_ep=EgoyMDI1MDkyOS4wIKXMDSoASAFQAw%3D%3D\"><strong>Explanada interior Parque Urbano Isla Caut\u00edn<\/strong><\/a><strong>.<\/strong><\/li>\n\n\n\n<li><strong>Valdivia:<\/strong> Viernes 21 de noviembre\/18:00\/<a href=\"https:\/\/www.google.com\/maps\/place\/Helipuerto+Valdivia+-+Vista+al+R%C3%ADo\/@-39.8100065,-73.2467572,152m\/data=!3m1!1e3!4m10!1m2!2m1!1sex+helipuerto+valdivia!3m6!1s0x9615edd928f4b51d:0xefd1d08d1e16155c!8m2!3d-39.8100589!4d-73.246404!15sChZleCBoZWxpcHVlcnRvIHZhbGRpdmlhWhgiFmV4IGhlbGlwdWVydG8gdmFsZGl2aWGSAQhoZWxpcG9ydJoBJENoZERTVWhOTUc5blMwVkpRMEZuVFVSdloySjJRamhCUlJBQqoBUhABKhEiDWV4IGhlbGlwdWVydG8oDjIfEAEiGzH9Go1EBlnUOxZKHEc475jork9i95r355kfFDIaEAIiFmV4IGhlbGlwdWVydG8gdmFsZGl2aWHgAQD6AQQIABBC!16s%2Fg%2F11f1kctscf?entry=ttu&amp;g_ep=EgoyMDI1MDkyOS4wIKXMDSoASAFQAw%3D%3D\"><strong>Paseo Costanera (Ex Helipuerto)<\/strong><\/a><strong>.<\/strong><\/li>\n\n\n\n<li><strong>Castro:<\/strong> S\u00e1bado 22 de noviembre\/18:00\/<a href=\"https:\/\/www.google.com\/maps\/place\/Plaza+de+Armas+de+Castro,+Castro,+Los+Lagos\/@-42.482344,-73.7668838,585m\/data=!3m2!1e3!4b1!4m6!3m5!1s0x962219e5c757a3ad:0xf7862cf8a64216b6!8m2!3d-42.4823593!4d-73.7643284!16s%2Fg%2F11b8v80qm_?entry=ttu&amp;g_ep=EgoyMDI1MDkyOS4wIKXMDSoASAFQAw%3D%3D\"><strong>Plaza de Armas.<\/strong><\/a><\/li>\n<\/ul>\n\n\n\n<p>La gira tambi\u00e9n incluir\u00e1 activaciones art\u00edsticas en comunas que cada a\u00f1o desarrollan actividades solidarias locales:<\/p>\n\n\n\n<ul class=\"wp-block-list\">\n<li>Rengo (18 de noviembre)<\/li>\n\n\n\n<li>Lautaro (20 de noviembre)<\/li>\n\n\n\n<li>M\u00e1fil (21 de noviembre)<\/li>\n<\/ul>\n\n\n\n<p>A esto se sumar\u00e1n dos paradas intermedias que se anunciar\u00e1n m\u00e1s adelante.<\/p>\n\n\n\n<p>Aunque por motivos log\u00edsticos la gira no visitar\u00e1 Calama ni Coyhaique, Telet\u00f3n organizar\u00e1 actividades especiales en ambas ciudades, cuyos detalles ser\u00e1n informados pr\u00f3ximamente.<\/p>\n","protected":false},"excerpt":{"rendered":"La caravana solidaria llegar\u00e1 a Rengo el martes 18 de noviembre con una parada especial, antes de continuar&hellip;\n","protected":false},"author":2,"featured_media":6490,"comment_status":"open","ping_status":"open","sticky":false,"template":"","format":"standard","meta":{"_monsterinsights_skip_tracking":false,"_monsterinsights_sitenote_active":false,"_monsterinsights_sitenote_note":"","_monsterinsights_sitenote_category":0,"footnotes":""},"categories":[1],"tags":[],"class_list":{"0":"post-6489","1":"post","2":"type-post","3":"status-publish","4":"format-standard","5":"has-post-thumbnail","7":"category-uncategorized"},"aioseo_notices":[],"_links":{"self":[{"href":"https:\/\/www.rengoenlanoticia.cl\/prensa\/wp-json\/wp\/v2\/posts\/6489","targetHints":{"allow":["GET"]}}],"collection":[{"href":"https:\/\/www.rengoenlanoticia.cl\/prensa\/wp-json\/wp\/v2\/posts"}],"about":[{"href":"https:\/\/www.rengoenlanoticia.cl\/prensa\/wp-json\/wp\/v2\/types\/post"}],"author":[{"embeddable":true,"href":"https:\/\/www.rengoenlanoticia.cl\/prensa\/wp-json\/wp\/v2\/users\/2"}],"replies":[{"embeddable":true,"href":"https:\/\/www.rengoenlanoticia.cl\/prensa\/wp-json\/wp\/v2\/comments?post=6489"}],"version-history":[{"count":2,"href":"https:\/\/www.rengoenlanoticia.cl\/prensa\/wp-json\/wp\/v2\/posts\/6489\/revisions"}],"predecessor-version":[{"id":6496,"href":"https:\/\/www.rengoenlanoticia.cl\/prensa\/wp-json\/wp\/v2\/posts\/6489\/revisions\/6496"}],"wp:featuredmedia":[{"embeddable":true,"href":"https:\/\/www.rengoenlanoticia.cl\/prensa\/wp-json\/wp\/v2\/media\/6490"}],"wp:attachment":[{"href":"https:\/\/www.rengoenlanoticia.cl\/prensa\/wp-json\/wp\/v2\/media?parent=6489"}],"wp:term":[{"taxonomy":"category","embeddable":true,"href":"https:\/\/www.rengoenlanoticia.cl\/prensa\/wp-json\/wp\/v2\/categories?post=6489"},{"taxonomy":"post_tag","embeddable":true,"href":"https:\/\/www.rengoenlanoticia.cl\/prensa\/wp-json\/wp\/v2\/tags?post=6489"}],"curies":[{"name":"wp","href":"https:\/\/api.w.org\/{rel}","templated":true}]}}