{"id":6481,"date":"2025-10-07T13:40:57","date_gmt":"2025-10-07T13:40:57","guid":{"rendered":"https:\/\/www.rengoenlanoticia.cl\/prensa\/?p=6481"},"modified":"2025-10-07T13:41:01","modified_gmt":"2025-10-07T13:41:01","slug":"crea-turismo-2025-reunio-a-mas-de-300-personas-para-fortalecer-el-turismo-con-identidad-en-ohiggins","status":"publish","type":"post","link":"https:\/\/www.rengoenlanoticia.cl\/prensa\/2025\/10\/07\/crea-turismo-2025-reunio-a-mas-de-300-personas-para-fortalecer-el-turismo-con-identidad-en-ohiggins\/","title":{"rendered":"+Crea Turismo 2025 reuni\u00f3 a m\u00e1s de 300 personas para fortalecer el turismo con identidad en O\u2019Higgins"},"content":{"rendered":"\n<p><em>El Hotel Santa Cruz se transform\u00f3 en el punto de encuentro del turismo creativo en la Regi\u00f3n de O\u2019Higgins, gracias a la realizaci\u00f3n de este evento cofinanciado por Corfo, a trav\u00e9s del Comit\u00e9 de Desarrollo Productivo O\u2019Higgins.<\/em><\/p>\n\n\n\n<p>El evento reuni\u00f3 a m\u00e1s de 300 personas en total entre ambas jornadas, entre ellas emprendedores, referentes del turismo, gestores culturales, autoridades, representantes de la industria creativa y comunidades locales. Durante dos d\u00edas se compartieron experiencias nacionales e internacionales que demostraron que la identidad, la creatividad y el turismo, al unirse, generan un c\u00edrculo virtuoso para el desarrollo sostenible y territorial.<\/p>\n\n\n\n<p>Las jornadas confirmaron que O\u2019Higgins cuenta con un potencial \u00fanico en sus recursos naturales, su patrimonio cultural y en el talento de sus creadores y emprendedores, lo que abre oportunidades para posicionar a la regi\u00f3n como un destino innovador y diverso. El turismo, junto a sectores como la agricultura y la miner\u00eda, comienza a consolidarse como una vocaci\u00f3n productiva clave para el futuro regional.<\/p>\n\n\n\n<figure class=\"wp-block-image size-large\"><img loading=\"lazy\" decoding=\"async\" width=\"1024\" height=\"647\" src=\"https:\/\/www.rengoenlanoticia.cl\/prensa\/wp-content\/uploads\/2025\/10\/CREA-TURISMO-DIA-2-1024x647.jpg\" alt=\"\" class=\"wp-image-6485\" srcset=\"https:\/\/www.rengoenlanoticia.cl\/prensa\/wp-content\/uploads\/2025\/10\/CREA-TURISMO-DIA-2-1024x647.jpg 1024w, https:\/\/www.rengoenlanoticia.cl\/prensa\/wp-content\/uploads\/2025\/10\/CREA-TURISMO-DIA-2-300x190.jpg 300w, https:\/\/www.rengoenlanoticia.cl\/prensa\/wp-content\/uploads\/2025\/10\/CREA-TURISMO-DIA-2-768x485.jpg 768w, https:\/\/www.rengoenlanoticia.cl\/prensa\/wp-content\/uploads\/2025\/10\/CREA-TURISMO-DIA-2-110x70.jpg 110w, https:\/\/www.rengoenlanoticia.cl\/prensa\/wp-content\/uploads\/2025\/10\/CREA-TURISMO-DIA-2-200x126.jpg 200w, https:\/\/www.rengoenlanoticia.cl\/prensa\/wp-content\/uploads\/2025\/10\/CREA-TURISMO-DIA-2-380x240.jpg 380w, https:\/\/www.rengoenlanoticia.cl\/prensa\/wp-content\/uploads\/2025\/10\/CREA-TURISMO-DIA-2-255x161.jpg 255w, https:\/\/www.rengoenlanoticia.cl\/prensa\/wp-content\/uploads\/2025\/10\/CREA-TURISMO-DIA-2-550x348.jpg 550w, https:\/\/www.rengoenlanoticia.cl\/prensa\/wp-content\/uploads\/2025\/10\/CREA-TURISMO-DIA-2-800x506.jpg 800w, https:\/\/www.rengoenlanoticia.cl\/prensa\/wp-content\/uploads\/2025\/10\/CREA-TURISMO-DIA-2-1160x733.jpg 1160w, https:\/\/www.rengoenlanoticia.cl\/prensa\/wp-content\/uploads\/2025\/10\/CREA-TURISMO-DIA-2.jpg 1179w\" sizes=\"auto, (max-width: 1024px) 100vw, 1024px\" \/><\/figure>\n\n\n\n<p>Charlas magistrales, conversatorios, talleres colaborativos y espacios de networking marcaron la pauta de un encuentro que no solo inspir\u00f3, sino que tambi\u00e9n dej\u00f3 capacidad instalada y nuevas redes de colaboraci\u00f3n para fortalecer un turismo con identidad. Destacaron presentaciones como la del reconocido Rodrigo Sep\u00falveda, director, productor y guionista de cine y televisi\u00f3n; la exposici\u00f3n internacional de Orlando Araque P\u00e9rez con su charla <em>\u201cPueblos M\u00e1gicos: identidad local como motor de turismo regenerativo\u201d<\/em>; y la inspiradora participaci\u00f3n de Calu Sarroca, directora Creativa de Woment, con su charla <em>\u201c\u00bfC\u00f3mo la publicidad transforma territorios?\u201d<\/em>. A ello se sum\u00f3 la visi\u00f3n de Paulo Luc\u00eda, CEO de Solutions Lo, quien comparti\u00f3 su mirada sobre innovaci\u00f3n y turismo.<\/p>\n\n\n\n<p>+CREA Turismo 2025 fue cofinanciado por Corfo, a trav\u00e9s del Comit\u00e9 de Desarrollo Productivo O\u2019Higgins. &nbsp;y ejecutado por Gedes, con el apoyo de Sernatur y la Seremi de las Culturas, consolid\u00e1ndose como una plataforma estrat\u00e9gica para visibilizar experiencias, generar alianzas y proyectar un modelo de turismo m\u00e1s sostenible y participativo.<\/p>\n\n\n\n<figure class=\"wp-block-image size-large\"><img loading=\"lazy\" decoding=\"async\" width=\"1024\" height=\"630\" src=\"https:\/\/www.rengoenlanoticia.cl\/prensa\/wp-content\/uploads\/2025\/10\/AUTORIDADES-Y-CREATIVOS-DE-LA-REGION-1024x630.jpg\" alt=\"\" class=\"wp-image-6483\" srcset=\"https:\/\/www.rengoenlanoticia.cl\/prensa\/wp-content\/uploads\/2025\/10\/AUTORIDADES-Y-CREATIVOS-DE-LA-REGION-1024x630.jpg 1024w, https:\/\/www.rengoenlanoticia.cl\/prensa\/wp-content\/uploads\/2025\/10\/AUTORIDADES-Y-CREATIVOS-DE-LA-REGION-300x184.jpg 300w, https:\/\/www.rengoenlanoticia.cl\/prensa\/wp-content\/uploads\/2025\/10\/AUTORIDADES-Y-CREATIVOS-DE-LA-REGION-768x472.jpg 768w, https:\/\/www.rengoenlanoticia.cl\/prensa\/wp-content\/uploads\/2025\/10\/AUTORIDADES-Y-CREATIVOS-DE-LA-REGION-110x68.jpg 110w, https:\/\/www.rengoenlanoticia.cl\/prensa\/wp-content\/uploads\/2025\/10\/AUTORIDADES-Y-CREATIVOS-DE-LA-REGION-200x123.jpg 200w, https:\/\/www.rengoenlanoticia.cl\/prensa\/wp-content\/uploads\/2025\/10\/AUTORIDADES-Y-CREATIVOS-DE-LA-REGION-380x234.jpg 380w, https:\/\/www.rengoenlanoticia.cl\/prensa\/wp-content\/uploads\/2025\/10\/AUTORIDADES-Y-CREATIVOS-DE-LA-REGION-255x157.jpg 255w, https:\/\/www.rengoenlanoticia.cl\/prensa\/wp-content\/uploads\/2025\/10\/AUTORIDADES-Y-CREATIVOS-DE-LA-REGION-550x338.jpg 550w, https:\/\/www.rengoenlanoticia.cl\/prensa\/wp-content\/uploads\/2025\/10\/AUTORIDADES-Y-CREATIVOS-DE-LA-REGION-800x492.jpg 800w, https:\/\/www.rengoenlanoticia.cl\/prensa\/wp-content\/uploads\/2025\/10\/AUTORIDADES-Y-CREATIVOS-DE-LA-REGION-1160x713.jpg 1160w, https:\/\/www.rengoenlanoticia.cl\/prensa\/wp-content\/uploads\/2025\/10\/AUTORIDADES-Y-CREATIVOS-DE-LA-REGION.jpg 1179w\" sizes=\"auto, (max-width: 1024px) 100vw, 1024px\" \/><\/figure>\n\n\n\n<p>El turismo con identidad se perfila como una de las grandes vocaciones productivas para la Regi\u00f3n de O\u2019Higgins. As\u00ed lo destac\u00f3 el director regional de Corfo, \u00d3scar \u00c1vila, al se\u00f1alar: \u201cDesde Corfo estamos muy interesados en fortalecer la vocaci\u00f3n productiva de nuestra regi\u00f3n. Tenemos agricultura, tenemos miner\u00eda, pero tambi\u00e9n tenemos turismo. Somos una regi\u00f3n con un gran potencial, tenemos recursos, paisajes naturales que son sin duda una ventaja comparativa con respecto a otras. Pero tambi\u00e9n tenemos nuestra gente, nuestra identidad, nuestra artesan\u00eda, nuestros creadores y creadoras y lo que hemos tratado de hacer estos eventos es justamente poder primero articular a todos nuestros exponentes, a nuestro ecosistema justamente creativo de la regi\u00f3n de O\u2019Higgins para potenciar el turismo. Tenemos una importante cantidad de programas, proyectos, recursos que estamos destinando desde Corfo, del Gobierno Regional, Sernatur, ProChile y tantas otras instituciones. Pero es muy importante que surjan sin duda espacios de discusi\u00f3n, de an\u00e1lisis, conociendo experiencias nacionales y tambi\u00e9n internacionales de c\u00f3mo se ha logrado potenciar territorios. Corfo est\u00e1 muy presente en la regi\u00f3n en el \u00e1mbito del turismo, estamos muy presentes tambi\u00e9n en este territorio en particular, lo que es Colchagua y Cardenal Caro y estoy seguro de que estamos dando un impulso y un salto tremendo para fortalecer nuestro turismo regional\u201d.<\/p>\n\n\n\n<figure class=\"wp-block-image size-large\"><img loading=\"lazy\" decoding=\"async\" width=\"1024\" height=\"636\" src=\"https:\/\/www.rengoenlanoticia.cl\/prensa\/wp-content\/uploads\/2025\/10\/CREA-TURISMO-DIA-1-1024x636.jpg\" alt=\"\" class=\"wp-image-6484\" srcset=\"https:\/\/www.rengoenlanoticia.cl\/prensa\/wp-content\/uploads\/2025\/10\/CREA-TURISMO-DIA-1-1024x636.jpg 1024w, https:\/\/www.rengoenlanoticia.cl\/prensa\/wp-content\/uploads\/2025\/10\/CREA-TURISMO-DIA-1-300x186.jpg 300w, https:\/\/www.rengoenlanoticia.cl\/prensa\/wp-content\/uploads\/2025\/10\/CREA-TURISMO-DIA-1-768x477.jpg 768w, https:\/\/www.rengoenlanoticia.cl\/prensa\/wp-content\/uploads\/2025\/10\/CREA-TURISMO-DIA-1-110x68.jpg 110w, https:\/\/www.rengoenlanoticia.cl\/prensa\/wp-content\/uploads\/2025\/10\/CREA-TURISMO-DIA-1-200x124.jpg 200w, https:\/\/www.rengoenlanoticia.cl\/prensa\/wp-content\/uploads\/2025\/10\/CREA-TURISMO-DIA-1-380x236.jpg 380w, https:\/\/www.rengoenlanoticia.cl\/prensa\/wp-content\/uploads\/2025\/10\/CREA-TURISMO-DIA-1-255x158.jpg 255w, https:\/\/www.rengoenlanoticia.cl\/prensa\/wp-content\/uploads\/2025\/10\/CREA-TURISMO-DIA-1-550x341.jpg 550w, https:\/\/www.rengoenlanoticia.cl\/prensa\/wp-content\/uploads\/2025\/10\/CREA-TURISMO-DIA-1-800x497.jpg 800w, https:\/\/www.rengoenlanoticia.cl\/prensa\/wp-content\/uploads\/2025\/10\/CREA-TURISMO-DIA-1-1160x720.jpg 1160w, https:\/\/www.rengoenlanoticia.cl\/prensa\/wp-content\/uploads\/2025\/10\/CREA-TURISMO-DIA-1.jpg 1179w\" sizes=\"auto, (max-width: 1024px) 100vw, 1024px\" \/><\/figure>\n\n\n\n<p>Desde Gedes tambi\u00e9n subrayaron c\u00f3mo la creatividad y la identidad cultural se convierten en motores de desarrollo. As\u00ed lo expres\u00f3 su Gerente General, Roberto Cervela: \u201cEstos dos d\u00edas de +CREA Turismo nos demostraron que cuando identidad, creatividad y turismo se encuentran, los territorios florecen con fuerza propia. Lo vivido en Santa Cruz confirma que las comunidades poseen un potencial enorme para transformar su patrimonio en motor de desarrollo sostenible. Desde Gedes, junto a Corfo y a los actores locales, reafirmamos nuestro compromiso de seguir impulsando instancias que inspiren, conecten y dejen capacidad instalada en la regi\u00f3n\u201d.<\/p>\n\n\n\n<p>El dise\u00f1o y la innovaci\u00f3n tambi\u00e9n se pusieron sobre la mesa como claves para un turismo que se reinventa. As\u00ed lo destac\u00f3 el director de carrera del \u00c1rea de Dise\u00f1o e Industria Digital en INACAP, Daniel Olgu\u00edn: \u201cHoy d\u00eda estamos celebrando de que tenemos tremendas oportunidades en la regi\u00f3n de O\u2019Higgins para el turismo. Desde el dise\u00f1o de servicios, desde el dise\u00f1o de experiencias a un turismo que hoy d\u00eda cambia de paradigma y que hay que comprenderlo as\u00ed. Hoy d\u00eda tenemos muchos tipos de turistas tanto locales en nuestra regi\u00f3n como gente de afuera que est\u00e1 buscando llegar a este destino. Y qu\u00e9 mejor manera que prepararnos\u201d.<\/p>\n\n\n\n<p>Con +CREA Turismo 2025, la Regi\u00f3n de O\u2019Higgins reafirma su compromiso con un modelo de desarrollo que valora la identidad cultural y la creatividad como motores para impulsar el turismo. Lo vivido en estas jornadas no solo visibiliz\u00f3 el potencial de la regi\u00f3n, sino que tambi\u00e9n dej\u00f3 aprendizajes, alianzas y la convicci\u00f3n de que el turismo sostenible con identidad es un camino posible y lleno de oportunidades.<\/p>\n","protected":false},"excerpt":{"rendered":"El Hotel Santa Cruz se transform\u00f3 en el punto de encuentro del turismo creativo en la Regi\u00f3n de&hellip;\n","protected":false},"author":1,"featured_media":6486,"comment_status":"open","ping_status":"open","sticky":false,"template":"","format":"standard","meta":{"_monsterinsights_skip_tracking":false,"_monsterinsights_sitenote_active":false,"_monsterinsights_sitenote_note":"","_monsterinsights_sitenote_category":0,"footnotes":""},"categories":[8],"tags":[],"class_list":{"0":"post-6481","1":"post","2":"type-post","3":"status-publish","4":"format-standard","5":"has-post-thumbnail","7":"category-portada"},"aioseo_notices":[],"_links":{"self":[{"href":"https:\/\/www.rengoenlanoticia.cl\/prensa\/wp-json\/wp\/v2\/posts\/6481","targetHints":{"allow":["GET"]}}],"collection":[{"href":"https:\/\/www.rengoenlanoticia.cl\/prensa\/wp-json\/wp\/v2\/posts"}],"about":[{"href":"https:\/\/www.rengoenlanoticia.cl\/prensa\/wp-json\/wp\/v2\/types\/post"}],"author":[{"embeddable":true,"href":"https:\/\/www.rengoenlanoticia.cl\/prensa\/wp-json\/wp\/v2\/users\/1"}],"replies":[{"embeddable":true,"href":"https:\/\/www.rengoenlanoticia.cl\/prensa\/wp-json\/wp\/v2\/comments?post=6481"}],"version-history":[{"count":3,"href":"https:\/\/www.rengoenlanoticia.cl\/prensa\/wp-json\/wp\/v2\/posts\/6481\/revisions"}],"predecessor-version":[{"id":6494,"href":"https:\/\/www.rengoenlanoticia.cl\/prensa\/wp-json\/wp\/v2\/posts\/6481\/revisions\/6494"}],"wp:featuredmedia":[{"embeddable":true,"href":"https:\/\/www.rengoenlanoticia.cl\/prensa\/wp-json\/wp\/v2\/media\/6486"}],"wp:attachment":[{"href":"https:\/\/www.rengoenlanoticia.cl\/prensa\/wp-json\/wp\/v2\/media?parent=6481"}],"wp:term":[{"taxonomy":"category","embeddable":true,"href":"https:\/\/www.rengoenlanoticia.cl\/prensa\/wp-json\/wp\/v2\/categories?post=6481"},{"taxonomy":"post_tag","embeddable":true,"href":"https:\/\/www.rengoenlanoticia.cl\/prensa\/wp-json\/wp\/v2\/tags?post=6481"}],"curies":[{"name":"wp","href":"https:\/\/api.w.org\/{rel}","templated":true}]}}