{"id":6476,"date":"2025-10-07T13:38:55","date_gmt":"2025-10-07T13:38:55","guid":{"rendered":"https:\/\/www.rengoenlanoticia.cl\/prensa\/?p=6476"},"modified":"2025-10-07T13:39:02","modified_gmt":"2025-10-07T13:39:02","slug":"la-orquesta-sinfonica-juvenil-regional-de-ohiggins-se-presentara-con-todo-el-talento-de-los-jovenes-musicos-de-la-region-en-nancagua-y-rancagua-con-conciertos-gratuitos","status":"publish","type":"post","link":"https:\/\/www.rengoenlanoticia.cl\/prensa\/2025\/10\/07\/la-orquesta-sinfonica-juvenil-regional-de-ohiggins-se-presentara-con-todo-el-talento-de-los-jovenes-musicos-de-la-region-en-nancagua-y-rancagua-con-conciertos-gratuitos\/","title":{"rendered":"La Orquesta Sinf\u00f3nica Juvenil Regional de O\u2019Higgins se presentar\u00e1 con todo el talento de los j\u00f3venes m\u00fasicos de la regi\u00f3n en Nancagua y Rancagua con conciertos gratuitos"},"content":{"rendered":"\n<p>Las presentaciones parten este viernes 10 de octubre a las 12:00 horas en el Teatro Municipal de Nancagua. El ciclo culminar\u00e1 el viernes 17 de octubre con un Concierto de Gala en el Teatro Regional Lucho Gatica de Rancagua. Ambos con acceso liberado para toda la comunidad.<\/p>\n\n\n\n<p>La Orquesta Sinf\u00f3nica Juvenil Regional de O&#8217;Higgins (OSJR O\u2019Higgins), integrada por becados desde los 12 y hasta los 23 a\u00f1os, perteneciente a la Fundaci\u00f3n de Orquestas Juveniles e Infantiles de Chile (FOJI), oriundos de distintas comunas de la regi\u00f3n, se han preparado durante meses, con clases de teor\u00eda musical, ensayos parciales, seccionales y tutti, para entregar presentaciones de alto nivel que refleje el trabajo, compromiso y talento de sus j\u00f3venes integrantes.<\/p>\n\n\n\n<p>El primer concierto, de car\u00e1cter educativo, tiene el objetivo de acercar la m\u00fasica sinf\u00f3nica a ni\u00f1as, ni\u00f1os y j\u00f3venes estudiantes, a trav\u00e9s de un programa especialmente preparado para despertar la sensibilidad art\u00edstica y el inter\u00e9s por la m\u00fasica en vivo en Nancagua. El segundo concierto en tanto, la gran Gala anual, a efectuarse en el Teatro Regional Lucho Gatica, estar\u00e1 destinado a toda la comunidad rancag\u00fcina y de la regi\u00f3n que desee disfrutar de un variado y hermoso repertorio. En ambas presentaciones podr\u00e1n disfrutar de obras cl\u00e1sicas como la Sinfon\u00eda N\u00b0 25 en Sol menor, K. 183&nbsp; de Wolfgang Amadeus Mozart, Bacanal de la \u00f3pera\u201d Sans\u00f3n y Dalila\u201d, Op. 47, de Camille Saint-Sa\u00ebns y Danza Infernal \u201cBerceause y Finale\u201d de la suite de \u201cEl p\u00e1jaro de fuego\u201c de Igor Stravinsky.<\/p>\n\n\n\n<p>Al respecto el director musical de la OSJR O\u2019Higgins, Leonardo Carvajal Vargas, destac\u00f3 la relevancia de estas presentaciones:<em> \u201cQueremos que los estudiantes y el p\u00fablico tengan la oportunidad de vivir un concierto en vivo, que descubran la fuerza y la emoci\u00f3n de una orquesta completa. Este repertorio est\u00e1 pensado para mostrarles la diversidad de la m\u00fasica sinf\u00f3nica, desde lo cl\u00e1sico hasta lo contempor\u00e1neo, con obras que despiertan la imaginaci\u00f3n y conectan con nuevas generaciones\u201d.<\/em><\/p>\n\n\n\n<p><em>\u201cA prop\u00f3sito de este concierto de la Orquesta Sinf\u00f3nica Juvenil Regional de O\u2019Higgins, que pertenece a la Fundaci\u00f3n de Orquestas Juveniles e Infantiles de Chile, queremos destacar el gran v\u00ednculo de colaboraci\u00f3n que tenemos con FOJI. Como Teatro Regional Lucho Gatica, dependiente de la Corporaci\u00f3n de la Cultura y las Artes, estamos muy contentos de recibirles en este escenario, uno de los m\u00e1s importantes de la regi\u00f3n y del pa\u00eds.\u201d<\/em> y a\u00f1ade<\/p>\n\n\n\n<p><em>\u201cNos enorgullece acercar el movimiento sinf\u00f3nico a la comunidad rancag\u00fcina y aportar tambi\u00e9n a la formaci\u00f3n de nuestros ni\u00f1os, ni\u00f1as y j\u00f3venes de Rancagua y de O\u2019Higgins. Adem\u00e1s, Rancagua tiene una larga tradici\u00f3n sinf\u00f3nica. Nuestra Orquesta Sinf\u00f3nica Juvenil cumple 30 a\u00f1os de historia, y muchos de sus m\u00fasicos hoy integran esta Orquesta Regional de FOJI.&nbsp; Estamos felices de ver c\u00f3mo nuestras y nuestros j\u00f3venes crecen y se proyectan en escenarios tan relevantes, como tambi\u00e9n lo es el Teatro Municipal de Santiago, en el marco del XIX Festival de Orquestas Juveniles Fernando Rosas, un evento de gran prestigio\u201d, sostuvo el Director Ejecutivo de la Corporaci\u00f3n de la Cultura y las Artes de la I. Municipalidad de Rancagua, Alejandro Cantillana Jaque.\u201d<\/em><em><\/em><\/p>\n\n\n\n<p>Por su parte, la coordinadora de la OSJR O\u2019Higgins, Susana D\u00edaz, valor\u00f3 el esfuerzo de los j\u00f3venes int\u00e9rpretes:<em> \u201cCada concierto es fruto del compromiso de decenas de m\u00fasicos que viajan desde distintas comunas de la regi\u00f3n para ensayar y crecer juntos. Su disciplina, pasi\u00f3n y perseverancia son admirables, y este tipo de instancias permite que compartan su talento con la comunidad y motiven a m\u00e1s ni\u00f1as y ni\u00f1os a acercarse a la m\u00fasica\u201d.<\/em><\/p>\n\n\n\n<p><em>E<\/em>l compositor y director ejecutivo de FOJI, Pablo Aranda destac\u00f3 sobre las presentaciones <em>\u201cEs una oportunidad para apreciar el compromiso, la disciplina y el esfuerzo que todos los j\u00f3venes m\u00fasicos han desarrollado durante todo el a\u00f1o. Cada nota que interpretan es fruto de un proceso de formaci\u00f3n exigente, donde el rigor se transforma en crecimiento personal y colectivo\u201d<\/em><\/p>\n\n\n\n<p><strong>Concierto Educativo en Nancagua<\/strong><\/p>\n\n\n\n<p>El primer concierto de la Orquesta se realizar\u00e1 el viernes 10 de octubre a las 12:00 horas en el Teatro Municipal de Nancagua, ubicado en Avenida Armando Jaramillo N\u00b0 344, y si bien es un concierto enfocado en la comunidad educativa, este de igual forma se encuentra abierto a toda la comunidad. El ingreso es por orden de llegada hasta agotar el aforo.<\/p>\n\n\n\n<p><strong>Concierto de Gala en Rancagua<\/strong><\/p>\n\n\n\n<p>La OSJR O\u2019Higgins realizar\u00e1 su tradicional Concierto de Gala, programado para el viernes 17 de octubre a las 19:00 horas en el Teatro Regional Lucho Gatica de Rancagua. El ingreso ser\u00e1 con entrada liberada, previo retiro de invitaciones en las boleter\u00edas del teatro, o tambi\u00e9n mediante inscripci\u00f3n en la p\u00e1gina web del recinto.<\/p>\n\n\n\n<p><strong>Sobre FOJI y la Orquesta Sinf\u00f3nica Juvenil Regional de O\u2019Higgins<\/strong><\/p>\n\n\n\n<p>La Fundaci\u00f3n de Orquestas Juveniles e Infantiles de Chile (FOJI) fue creada en 2001 con el objetivo de apoyar, promover y difundir el desarrollo musical de ni\u00f1os, ni\u00f1as y j\u00f3venes en todo el pa\u00eds. Actualmente cuenta con 15 orquestas juveniles regionales y m\u00e1s de 300 agrupaciones en distintas comunas de Chile, brindando formaci\u00f3n y oportunidades a m\u00e1s de 20 mil j\u00f3venes m\u00fasicos.<\/p>\n\n\n\n<p>La Orquesta Sinf\u00f3nica Juvenil Regional de O\u2019Higgins naci\u00f3 en 2010 y est\u00e1 conformada por 33 m\u00fasicos de entre 12 y 22 a\u00f1os, provenientes de comunas como Chimbarongo, Do\u00f1ihue, Graneros, Machal\u00ed, Mostazal, Olivar, Palmilla, Rancagua, Rengo, San Fernando, San Vicente de Tagua Tagua, Santa Cruz y Coltauco, entre otras.<\/p>\n\n\n\n<p>Con sus presentaciones, la orquesta busca no solo difundir la m\u00fasica sinf\u00f3nica, sino tambi\u00e9n ser un espacio de encuentro, formaci\u00f3n y desarrollo para j\u00f3venes talentos de la regi\u00f3n.<\/p>\n","protected":false},"excerpt":{"rendered":"Las presentaciones parten este viernes 10 de octubre a las 12:00 horas en el Teatro Municipal de Nancagua.&hellip;\n","protected":false},"author":1,"featured_media":6477,"comment_status":"open","ping_status":"open","sticky":false,"template":"","format":"standard","meta":{"_monsterinsights_skip_tracking":false,"_monsterinsights_sitenote_active":false,"_monsterinsights_sitenote_note":"","_monsterinsights_sitenote_category":0,"footnotes":""},"categories":[8],"tags":[],"class_list":{"0":"post-6476","1":"post","2":"type-post","3":"status-publish","4":"format-standard","5":"has-post-thumbnail","7":"category-portada"},"aioseo_notices":[],"_links":{"self":[{"href":"https:\/\/www.rengoenlanoticia.cl\/prensa\/wp-json\/wp\/v2\/posts\/6476","targetHints":{"allow":["GET"]}}],"collection":[{"href":"https:\/\/www.rengoenlanoticia.cl\/prensa\/wp-json\/wp\/v2\/posts"}],"about":[{"href":"https:\/\/www.rengoenlanoticia.cl\/prensa\/wp-json\/wp\/v2\/types\/post"}],"author":[{"embeddable":true,"href":"https:\/\/www.rengoenlanoticia.cl\/prensa\/wp-json\/wp\/v2\/users\/1"}],"replies":[{"embeddable":true,"href":"https:\/\/www.rengoenlanoticia.cl\/prensa\/wp-json\/wp\/v2\/comments?post=6476"}],"version-history":[{"count":3,"href":"https:\/\/www.rengoenlanoticia.cl\/prensa\/wp-json\/wp\/v2\/posts\/6476\/revisions"}],"predecessor-version":[{"id":6492,"href":"https:\/\/www.rengoenlanoticia.cl\/prensa\/wp-json\/wp\/v2\/posts\/6476\/revisions\/6492"}],"wp:featuredmedia":[{"embeddable":true,"href":"https:\/\/www.rengoenlanoticia.cl\/prensa\/wp-json\/wp\/v2\/media\/6477"}],"wp:attachment":[{"href":"https:\/\/www.rengoenlanoticia.cl\/prensa\/wp-json\/wp\/v2\/media?parent=6476"}],"wp:term":[{"taxonomy":"category","embeddable":true,"href":"https:\/\/www.rengoenlanoticia.cl\/prensa\/wp-json\/wp\/v2\/categories?post=6476"},{"taxonomy":"post_tag","embeddable":true,"href":"https:\/\/www.rengoenlanoticia.cl\/prensa\/wp-json\/wp\/v2\/tags?post=6476"}],"curies":[{"name":"wp","href":"https:\/\/api.w.org\/{rel}","templated":true}]}}