{"id":6444,"date":"2025-10-07T01:59:24","date_gmt":"2025-10-07T01:59:24","guid":{"rendered":"https:\/\/www.rengoenlanoticia.cl\/prensa\/?p=6444"},"modified":"2025-10-07T01:59:27","modified_gmt":"2025-10-07T01:59:27","slug":"vecinos-de-pelequen-denuncian-presuntas-irregularidades-en-patente-otorgada-a-planta-de-residuos","status":"publish","type":"post","link":"https:\/\/www.rengoenlanoticia.cl\/prensa\/2025\/10\/07\/vecinos-de-pelequen-denuncian-presuntas-irregularidades-en-patente-otorgada-a-planta-de-residuos\/","title":{"rendered":"Vecinos de Pelequ\u00e9n denuncian presuntas irregularidades en patente otorgada a planta de residuos"},"content":{"rendered":"\n<p><em>La presentaci\u00f3n realizada en la Contralor\u00eda Regional de O\u00b4Higgins se basa en posibles fallas administrativas, ya que la municipalidad otorg\u00f3 una patente comercial a una actividad de car\u00e1cter industrial, argumentan los denunciantes.<\/em><\/p>\n\n\n\n<p><br>La Agrupaci\u00f3n Desarrollo, Progreso y Medio Ambiente de Pelequ\u00e9n present\u00f3 este viernes una denuncia ante la Contralor\u00eda Regional de O\u2019Higgins contra la Municipalidad de Malloa, por el presunto otorgamiento irregular de una patente comercial a la empresa Waste to Energy SpA, dedicada a la generaci\u00f3n de energ\u00eda a partir de residuos.<\/p>\n\n\n\n<p>Seg\u00fan los denunciantes, la naturaleza de la actividad que se desarrolla en el sector San Luis corresponde a una planta industrial, por lo que la patente debi\u00f3 otorgarse en esa categor\u00eda. Sin embargo, el municipio habr\u00eda entregado primero una patente provisoria en 2023 y luego una definitiva en 2024 bajo la categor\u00eda de comercial, pese a informes jur\u00eddicos y t\u00e9cnicos que indicaban lo contrario<\/p>\n\n\n\n<p><strong>\u201cPelequ\u00e9n vuelve a ser el patio trasero de Malloa\u201d<\/strong><\/p>\n\n\n\n<figure class=\"wp-block-image size-large\"><img loading=\"lazy\" decoding=\"async\" width=\"1024\" height=\"576\" src=\"https:\/\/www.rengoenlanoticia.cl\/prensa\/wp-content\/uploads\/2025\/10\/Imagen-de-WhatsApp-2025-10-06-a-las-13.34.11_84b950de-1024x576.jpg\" alt=\"\" class=\"wp-image-6466\" srcset=\"https:\/\/www.rengoenlanoticia.cl\/prensa\/wp-content\/uploads\/2025\/10\/Imagen-de-WhatsApp-2025-10-06-a-las-13.34.11_84b950de-1024x576.jpg 1024w, https:\/\/www.rengoenlanoticia.cl\/prensa\/wp-content\/uploads\/2025\/10\/Imagen-de-WhatsApp-2025-10-06-a-las-13.34.11_84b950de-300x169.jpg 300w, https:\/\/www.rengoenlanoticia.cl\/prensa\/wp-content\/uploads\/2025\/10\/Imagen-de-WhatsApp-2025-10-06-a-las-13.34.11_84b950de-768x432.jpg 768w, https:\/\/www.rengoenlanoticia.cl\/prensa\/wp-content\/uploads\/2025\/10\/Imagen-de-WhatsApp-2025-10-06-a-las-13.34.11_84b950de-1536x864.jpg 1536w, https:\/\/www.rengoenlanoticia.cl\/prensa\/wp-content\/uploads\/2025\/10\/Imagen-de-WhatsApp-2025-10-06-a-las-13.34.11_84b950de-110x62.jpg 110w, https:\/\/www.rengoenlanoticia.cl\/prensa\/wp-content\/uploads\/2025\/10\/Imagen-de-WhatsApp-2025-10-06-a-las-13.34.11_84b950de-200x113.jpg 200w, https:\/\/www.rengoenlanoticia.cl\/prensa\/wp-content\/uploads\/2025\/10\/Imagen-de-WhatsApp-2025-10-06-a-las-13.34.11_84b950de-380x214.jpg 380w, https:\/\/www.rengoenlanoticia.cl\/prensa\/wp-content\/uploads\/2025\/10\/Imagen-de-WhatsApp-2025-10-06-a-las-13.34.11_84b950de-255x143.jpg 255w, https:\/\/www.rengoenlanoticia.cl\/prensa\/wp-content\/uploads\/2025\/10\/Imagen-de-WhatsApp-2025-10-06-a-las-13.34.11_84b950de-550x309.jpg 550w, https:\/\/www.rengoenlanoticia.cl\/prensa\/wp-content\/uploads\/2025\/10\/Imagen-de-WhatsApp-2025-10-06-a-las-13.34.11_84b950de-800x450.jpg 800w, https:\/\/www.rengoenlanoticia.cl\/prensa\/wp-content\/uploads\/2025\/10\/Imagen-de-WhatsApp-2025-10-06-a-las-13.34.11_84b950de-1160x653.jpg 1160w, https:\/\/www.rengoenlanoticia.cl\/prensa\/wp-content\/uploads\/2025\/10\/Imagen-de-WhatsApp-2025-10-06-a-las-13.34.11_84b950de.jpg 1600w\" sizes=\"auto, (max-width: 1024px) 100vw, 1024px\" \/><\/figure>\n\n\n\n<p>V\u00edctor Hugo Mu\u00f1oz Donoso, integrante de la agrupaci\u00f3n ambiental, relat\u00f3 que la comunidad lleva m\u00e1s de una d\u00e9cada enfrentando problemas derivados del funcionamiento de la planta, cuya historia se remonta al a\u00f1o 2008 con la empresa Colhue.<\/p>\n\n\n\n<p>\u201cEn 2012 hubo una protesta y se cort\u00f3 la Ruta 5 Sur. En ese entonces, el due\u00f1o de Colhue prometi\u00f3 p\u00fablicamente el cierre definitivo de la planta, pero diez a\u00f1os despu\u00e9s vuelve a operar bajo otro nombre, arrendada a WTE. Pelequ\u00e9n vuelve a ser el patio trasero de Malloa, con cero preocupaci\u00f3n de las autoridades\u201d, se\u00f1al\u00f3 Mu\u00f1oz.<\/p>\n\n\n\n<p>El dirigente explic\u00f3 que la denuncia actual se basa en posibles fallas administrativas, ya que la municipalidad otorg\u00f3 una patente comercial a una actividad de car\u00e1cter industrial y no fiscaliz\u00f3 su funcionamiento por m\u00e1s de 160 d\u00edas. Adem\u00e1s, advirti\u00f3 que la resoluci\u00f3n se emiti\u00f3 sin contar con todos los informes jur\u00eddicos y t\u00e9cnicos requeridos.<\/p>\n\n\n\n<p>\u201cTuvimos que recurrir al Tribunal de Transparencia para obtener informaci\u00f3n que el municipio se negaba a entregar. Nos preocupa la falta de control ambiental, el riesgo sanitario para los vecinos y el incumplimiento del plan de cierre comprometido hace m\u00e1s de una d\u00e9cada\u201d, a\u00f1adi\u00f3.<\/p>\n\n\n\n<p><strong>Acompa\u00f1amiento parlamentario<\/strong><\/p>\n\n\n\n<figure class=\"wp-block-image size-large\"><img loading=\"lazy\" decoding=\"async\" width=\"1024\" height=\"588\" src=\"https:\/\/www.rengoenlanoticia.cl\/prensa\/wp-content\/uploads\/2025\/10\/Imagen-de-WhatsApp-2025-10-06-a-las-13.34.12_d0b5c437-1024x588.jpg\" alt=\"\" class=\"wp-image-6467\" srcset=\"https:\/\/www.rengoenlanoticia.cl\/prensa\/wp-content\/uploads\/2025\/10\/Imagen-de-WhatsApp-2025-10-06-a-las-13.34.12_d0b5c437-1024x588.jpg 1024w, https:\/\/www.rengoenlanoticia.cl\/prensa\/wp-content\/uploads\/2025\/10\/Imagen-de-WhatsApp-2025-10-06-a-las-13.34.12_d0b5c437-300x172.jpg 300w, https:\/\/www.rengoenlanoticia.cl\/prensa\/wp-content\/uploads\/2025\/10\/Imagen-de-WhatsApp-2025-10-06-a-las-13.34.12_d0b5c437-768x441.jpg 768w, https:\/\/www.rengoenlanoticia.cl\/prensa\/wp-content\/uploads\/2025\/10\/Imagen-de-WhatsApp-2025-10-06-a-las-13.34.12_d0b5c437-110x63.jpg 110w, https:\/\/www.rengoenlanoticia.cl\/prensa\/wp-content\/uploads\/2025\/10\/Imagen-de-WhatsApp-2025-10-06-a-las-13.34.12_d0b5c437-200x115.jpg 200w, https:\/\/www.rengoenlanoticia.cl\/prensa\/wp-content\/uploads\/2025\/10\/Imagen-de-WhatsApp-2025-10-06-a-las-13.34.12_d0b5c437-380x218.jpg 380w, https:\/\/www.rengoenlanoticia.cl\/prensa\/wp-content\/uploads\/2025\/10\/Imagen-de-WhatsApp-2025-10-06-a-las-13.34.12_d0b5c437-255x146.jpg 255w, https:\/\/www.rengoenlanoticia.cl\/prensa\/wp-content\/uploads\/2025\/10\/Imagen-de-WhatsApp-2025-10-06-a-las-13.34.12_d0b5c437-550x316.jpg 550w, https:\/\/www.rengoenlanoticia.cl\/prensa\/wp-content\/uploads\/2025\/10\/Imagen-de-WhatsApp-2025-10-06-a-las-13.34.12_d0b5c437-800x459.jpg 800w, https:\/\/www.rengoenlanoticia.cl\/prensa\/wp-content\/uploads\/2025\/10\/Imagen-de-WhatsApp-2025-10-06-a-las-13.34.12_d0b5c437.jpg 1080w\" sizes=\"auto, (max-width: 1024px) 100vw, 1024px\" \/><\/figure>\n\n\n\n<p>El senador Juan Luis Castro, quien acompa\u00f1\u00f3 a los vecinos durante la presentaci\u00f3n, valor\u00f3 la organizaci\u00f3n y persistencia de la comunidad, destacando la gravedad del caso y la necesidad de que las instituciones fiscalicen.<\/p>\n\n\n\n<p>\u201cEstoy en mi rol parlamentario colaborando con los vecinos de Pelequ\u00e9n, porque aqu\u00ed hay una historia de contaminaci\u00f3n y abandono. No puede ser que, bajo una nueva raz\u00f3n social, se repitan los mismos da\u00f1os a la salud y al medio ambiente. La Contralor\u00eda deber\u00e1 revisar la legalidad de una patente otorgada de forma expr\u00e9s, que debi\u00f3 ser industrial y no comercial\u201d, se\u00f1al\u00f3 el parlamentario.<\/p>\n\n\n\n<p>Castro agreg\u00f3 que la Superintendencia del Medio Ambiente mantiene abiertas denuncias contra la empresa, y que la comunidad espera la pronta resoluci\u00f3n del tribunal sancionatorio en Santiago. \u201cLos vecinos tienen derecho a vivir en un ambiente libre de contaminaci\u00f3n\u201d, enfatiz\u00f3.<\/p>\n\n\n\n<p><strong>Exigen respuestas y soluciones<\/strong><\/p>\n\n\n\n<p>La agrupaci\u00f3n de Pelequ\u00e9n insisti\u00f3 en que la denuncia busca no s\u00f3lo esclarecer la legalidad de la patente, sino tambi\u00e9n proteger la salud de las familias y el entorno natural del sector. Los vecinos adelantaron que, dependiendo de la respuesta de la Contralor\u00eda, no descartan presentar nuevas acciones.<\/p>\n","protected":false},"excerpt":{"rendered":"La presentaci\u00f3n realizada en la Contralor\u00eda Regional de O\u00b4Higgins se basa en posibles fallas administrativas, ya que la&hellip;\n","protected":false},"author":1,"featured_media":6465,"comment_status":"open","ping_status":"open","sticky":false,"template":"","format":"standard","meta":{"_monsterinsights_skip_tracking":false,"_monsterinsights_sitenote_active":false,"_monsterinsights_sitenote_note":"","_monsterinsights_sitenote_category":0,"footnotes":""},"categories":[8],"tags":[],"class_list":{"0":"post-6444","1":"post","2":"type-post","3":"status-publish","4":"format-standard","5":"has-post-thumbnail","7":"category-portada"},"aioseo_notices":[],"_links":{"self":[{"href":"https:\/\/www.rengoenlanoticia.cl\/prensa\/wp-json\/wp\/v2\/posts\/6444","targetHints":{"allow":["GET"]}}],"collection":[{"href":"https:\/\/www.rengoenlanoticia.cl\/prensa\/wp-json\/wp\/v2\/posts"}],"about":[{"href":"https:\/\/www.rengoenlanoticia.cl\/prensa\/wp-json\/wp\/v2\/types\/post"}],"author":[{"embeddable":true,"href":"https:\/\/www.rengoenlanoticia.cl\/prensa\/wp-json\/wp\/v2\/users\/1"}],"replies":[{"embeddable":true,"href":"https:\/\/www.rengoenlanoticia.cl\/prensa\/wp-json\/wp\/v2\/comments?post=6444"}],"version-history":[{"count":3,"href":"https:\/\/www.rengoenlanoticia.cl\/prensa\/wp-json\/wp\/v2\/posts\/6444\/revisions"}],"predecessor-version":[{"id":6475,"href":"https:\/\/www.rengoenlanoticia.cl\/prensa\/wp-json\/wp\/v2\/posts\/6444\/revisions\/6475"}],"wp:featuredmedia":[{"embeddable":true,"href":"https:\/\/www.rengoenlanoticia.cl\/prensa\/wp-json\/wp\/v2\/media\/6465"}],"wp:attachment":[{"href":"https:\/\/www.rengoenlanoticia.cl\/prensa\/wp-json\/wp\/v2\/media?parent=6444"}],"wp:term":[{"taxonomy":"category","embeddable":true,"href":"https:\/\/www.rengoenlanoticia.cl\/prensa\/wp-json\/wp\/v2\/categories?post=6444"},{"taxonomy":"post_tag","embeddable":true,"href":"https:\/\/www.rengoenlanoticia.cl\/prensa\/wp-json\/wp\/v2\/tags?post=6444"}],"curies":[{"name":"wp","href":"https:\/\/api.w.org\/{rel}","templated":true}]}}