{"id":6443,"date":"2025-10-07T01:48:10","date_gmt":"2025-10-07T01:48:10","guid":{"rendered":"https:\/\/www.rengoenlanoticia.cl\/prensa\/?p=6443"},"modified":"2025-10-07T01:56:50","modified_gmt":"2025-10-07T01:56:50","slug":"hospital-de-santa-cruz-celebro-con-emocion-y-gratitud-el-dia-del-hospital","status":"publish","type":"post","link":"https:\/\/www.rengoenlanoticia.cl\/prensa\/2025\/10\/07\/hospital-de-santa-cruz-celebro-con-emocion-y-gratitud-el-dia-del-hospital\/","title":{"rendered":"Hospital de Santa Cruz celebr\u00f3 con emoci\u00f3n y gratitud el D\u00eda del Hospital"},"content":{"rendered":"\n<p>\u00a0La actividad destac\u00f3 el compromiso, la vocaci\u00f3n y los a\u00f1os de servicio de quienes han dedicado su vida laboral al fortalecimiento de la salud p\u00fablica, recibiendo reconocimiento quienes cumplieron entre 20 y 40 a\u00f1os de trabajo.<\/p>\n\n\n\n<p> En el marco de la conmemoraci\u00f3n del D\u00eda del Hospital, que se celebra a nivel nacional cada 3 de octubre, el Hospital de Santa Cruz realiz\u00f3 una Ceremonia de Reconocimiento por A\u00f1os de Servicio, instancia que reuni\u00f3 a funcionarios, jefaturas, gremios y familiares para rendir homenaje a quienes han entregado parte importante de su vida laboral al servicio de la comunidad.<\/p>\n\n\n\n<figure class=\"wp-block-image size-large\"><img loading=\"lazy\" decoding=\"async\" width=\"1024\" height=\"474\" src=\"https:\/\/www.rengoenlanoticia.cl\/prensa\/wp-content\/uploads\/2025\/10\/santa_cruz-11-1-1024x474.jpeg\" alt=\"\" class=\"wp-image-6456\" srcset=\"https:\/\/www.rengoenlanoticia.cl\/prensa\/wp-content\/uploads\/2025\/10\/santa_cruz-11-1-1024x474.jpeg 1024w, https:\/\/www.rengoenlanoticia.cl\/prensa\/wp-content\/uploads\/2025\/10\/santa_cruz-11-1-300x139.jpeg 300w, https:\/\/www.rengoenlanoticia.cl\/prensa\/wp-content\/uploads\/2025\/10\/santa_cruz-11-1-768x355.jpeg 768w, https:\/\/www.rengoenlanoticia.cl\/prensa\/wp-content\/uploads\/2025\/10\/santa_cruz-11-1-110x51.jpeg 110w, https:\/\/www.rengoenlanoticia.cl\/prensa\/wp-content\/uploads\/2025\/10\/santa_cruz-11-1-200x93.jpeg 200w, https:\/\/www.rengoenlanoticia.cl\/prensa\/wp-content\/uploads\/2025\/10\/santa_cruz-11-1-380x176.jpeg 380w, https:\/\/www.rengoenlanoticia.cl\/prensa\/wp-content\/uploads\/2025\/10\/santa_cruz-11-1-255x118.jpeg 255w, https:\/\/www.rengoenlanoticia.cl\/prensa\/wp-content\/uploads\/2025\/10\/santa_cruz-11-1-550x254.jpeg 550w, https:\/\/www.rengoenlanoticia.cl\/prensa\/wp-content\/uploads\/2025\/10\/santa_cruz-11-1-800x370.jpeg 800w, https:\/\/www.rengoenlanoticia.cl\/prensa\/wp-content\/uploads\/2025\/10\/santa_cruz-11-1-1160x537.jpeg 1160w, https:\/\/www.rengoenlanoticia.cl\/prensa\/wp-content\/uploads\/2025\/10\/santa_cruz-11-1.jpeg 1280w\" sizes=\"auto, (max-width: 1024px) 100vw, 1024px\" \/><\/figure>\n\n\n\n<p>Durante la jornada, se vivieron momentos de gran emoci\u00f3n al reconocer la trayectoria y compromiso de trabajadores y trabajadoras que cumplen entre 20 y 40 a\u00f1os de servicio en el establecimiento.<\/p>\n\n\n\n<figure class=\"wp-block-image size-large\"><img loading=\"lazy\" decoding=\"async\" width=\"768\" height=\"1024\" src=\"https:\/\/www.rengoenlanoticia.cl\/prensa\/wp-content\/uploads\/2025\/10\/santa_cruz-12-1-768x1024.jpeg\" alt=\"\" class=\"wp-image-6457\" srcset=\"https:\/\/www.rengoenlanoticia.cl\/prensa\/wp-content\/uploads\/2025\/10\/santa_cruz-12-1-768x1024.jpeg 768w, https:\/\/www.rengoenlanoticia.cl\/prensa\/wp-content\/uploads\/2025\/10\/santa_cruz-12-1-225x300.jpeg 225w, https:\/\/www.rengoenlanoticia.cl\/prensa\/wp-content\/uploads\/2025\/10\/santa_cruz-12-1-110x147.jpeg 110w, https:\/\/www.rengoenlanoticia.cl\/prensa\/wp-content\/uploads\/2025\/10\/santa_cruz-12-1-200x267.jpeg 200w, https:\/\/www.rengoenlanoticia.cl\/prensa\/wp-content\/uploads\/2025\/10\/santa_cruz-12-1-380x507.jpeg 380w, https:\/\/www.rengoenlanoticia.cl\/prensa\/wp-content\/uploads\/2025\/10\/santa_cruz-12-1-255x340.jpeg 255w, https:\/\/www.rengoenlanoticia.cl\/prensa\/wp-content\/uploads\/2025\/10\/santa_cruz-12-1-300x400.jpeg 300w, https:\/\/www.rengoenlanoticia.cl\/prensa\/wp-content\/uploads\/2025\/10\/santa_cruz-12-1-550x733.jpeg 550w, https:\/\/www.rengoenlanoticia.cl\/prensa\/wp-content\/uploads\/2025\/10\/santa_cruz-12-1-800x1067.jpeg 800w, https:\/\/www.rengoenlanoticia.cl\/prensa\/wp-content\/uploads\/2025\/10\/santa_cruz-12-1.jpeg 960w\" sizes=\"auto, (max-width: 768px) 100vw, 768px\" \/><\/figure>\n\n\n\n<p>El director del Hospital de Santa Cruz, Dr. Sebasti\u00e1n Urz\u00faa, destac\u00f3 la relevancia de esta ceremonia, se\u00f1alando que \u201ccada funcionario y funcionaria que hoy reconocemos es parte fundamental de la historia y del presente de nuestro hospital. Su entrega diaria, su profesionalismo y su profundo sentido de vocaci\u00f3n reflejan los valores que dan vida a nuestra instituci\u00f3n y nos inspiran a seguir construyendo un sistema de salud m\u00e1s humano y cercano\u201d.<\/p>\n\n\n\n<p>Asimismo, la autoridad valor\u00f3 la participaci\u00f3n de los gremios y de toda la comunidad hospitalaria en esta conmemoraci\u00f3n: \u201cEl D\u00eda del Hospital es una oportunidad para mirarnos como equipo, agradecer y reconocer la labor de todos quienes, desde sus distintos roles, hacen posible brindar atenci\u00f3n con calidad y calidez a nuestros usuarios\u201d.<\/p>\n\n\n\n<p>En la ocasi\u00f3n, se entregaron diplomas a los funcionarios homenajeados, quienes fueron aplaudidos por sus compa\u00f1eros y familiares en un ambiente de gratitud y orgullo institucional, recibiendo el reconocimiento por 20 a\u00f1os de trayectoria: Laura Gajardo Toledo, Gabriela L\u00f3pez Sandoval, Romina Toro Calder\u00f3n, Ver\u00f3nica Ubilla Morales, Guillermina Ortiz Vidal, Mar\u00eda Leonor Herrera Mej\u00edas, Carolina Flores Duarte, Eva Lorca Lucero, Maribel Donoso Guti\u00e9rrez y Sergio Jofre Vera. Por 25 a\u00f1os: Claudia Gaete Becerra, Rosa Pizarro Ilabaca, Lorena Urra P\u00e1vez y Alejandra Guerrero Rubio.<\/p>\n\n\n\n<p>Asimismo, por 30 a\u00f1os de trayectoria se distingui\u00f3 a Fanny Soto Acevedo y Sara Valdivia Devia. Por 35 a\u00f1os de trayectoria: Fernando Arenas Pino y Jos\u00e9 Marcelo Salvo Torres.<\/p>\n\n\n\n<p>Finalmente, se hizo un reconocimiento muy especial por 40 a\u00f1os de trayectoria a la funcionaria Fanny Castillo Fuenzalida.<\/p>\n\n\n\n<p>\u201cPorque detr\u00e1s de cada atenci\u00f3n hay historia, compromiso y esperanza, el Hospital de Santa Cruz sigue escribiendo su legado al servicio de la vida y la salud de nuestra comunidad. Y hoy estamos ratificando este compromiso con la vocaci\u00f3n y capacidades de nuestros funcionarios\u201d, indic\u00f3 al t\u00e9rmino de la emotiva jornada el director del hospital.<\/p>\n\n\n\n<figure class=\"wp-block-image size-large\"><img loading=\"lazy\" decoding=\"async\" width=\"1024\" height=\"474\" src=\"https:\/\/www.rengoenlanoticia.cl\/prensa\/wp-content\/uploads\/2025\/10\/santa_cruz-16-1-1024x474.jpeg\" alt=\"\" class=\"wp-image-6460\" srcset=\"https:\/\/www.rengoenlanoticia.cl\/prensa\/wp-content\/uploads\/2025\/10\/santa_cruz-16-1-1024x474.jpeg 1024w, https:\/\/www.rengoenlanoticia.cl\/prensa\/wp-content\/uploads\/2025\/10\/santa_cruz-16-1-300x139.jpeg 300w, https:\/\/www.rengoenlanoticia.cl\/prensa\/wp-content\/uploads\/2025\/10\/santa_cruz-16-1-768x355.jpeg 768w, https:\/\/www.rengoenlanoticia.cl\/prensa\/wp-content\/uploads\/2025\/10\/santa_cruz-16-1-1536x710.jpeg 1536w, https:\/\/www.rengoenlanoticia.cl\/prensa\/wp-content\/uploads\/2025\/10\/santa_cruz-16-1-110x51.jpeg 110w, https:\/\/www.rengoenlanoticia.cl\/prensa\/wp-content\/uploads\/2025\/10\/santa_cruz-16-1-200x93.jpeg 200w, https:\/\/www.rengoenlanoticia.cl\/prensa\/wp-content\/uploads\/2025\/10\/santa_cruz-16-1-380x176.jpeg 380w, https:\/\/www.rengoenlanoticia.cl\/prensa\/wp-content\/uploads\/2025\/10\/santa_cruz-16-1-255x118.jpeg 255w, https:\/\/www.rengoenlanoticia.cl\/prensa\/wp-content\/uploads\/2025\/10\/santa_cruz-16-1-550x254.jpeg 550w, https:\/\/www.rengoenlanoticia.cl\/prensa\/wp-content\/uploads\/2025\/10\/santa_cruz-16-1-800x370.jpeg 800w, https:\/\/www.rengoenlanoticia.cl\/prensa\/wp-content\/uploads\/2025\/10\/santa_cruz-16-1-1160x537.jpeg 1160w, https:\/\/www.rengoenlanoticia.cl\/prensa\/wp-content\/uploads\/2025\/10\/santa_cruz-16-1.jpeg 1600w\" sizes=\"auto, (max-width: 1024px) 100vw, 1024px\" \/><\/figure>\n\n\n\n<figure class=\"wp-block-image size-large\"><img loading=\"lazy\" decoding=\"async\" width=\"1024\" height=\"474\" src=\"https:\/\/www.rengoenlanoticia.cl\/prensa\/wp-content\/uploads\/2025\/10\/santa_cruz-15-1-1024x474.jpeg\" alt=\"\" class=\"wp-image-6462\" srcset=\"https:\/\/www.rengoenlanoticia.cl\/prensa\/wp-content\/uploads\/2025\/10\/santa_cruz-15-1-1024x474.jpeg 1024w, https:\/\/www.rengoenlanoticia.cl\/prensa\/wp-content\/uploads\/2025\/10\/santa_cruz-15-1-300x139.jpeg 300w, https:\/\/www.rengoenlanoticia.cl\/prensa\/wp-content\/uploads\/2025\/10\/santa_cruz-15-1-768x355.jpeg 768w, https:\/\/www.rengoenlanoticia.cl\/prensa\/wp-content\/uploads\/2025\/10\/santa_cruz-15-1-1536x710.jpeg 1536w, https:\/\/www.rengoenlanoticia.cl\/prensa\/wp-content\/uploads\/2025\/10\/santa_cruz-15-1-110x51.jpeg 110w, https:\/\/www.rengoenlanoticia.cl\/prensa\/wp-content\/uploads\/2025\/10\/santa_cruz-15-1-200x93.jpeg 200w, https:\/\/www.rengoenlanoticia.cl\/prensa\/wp-content\/uploads\/2025\/10\/santa_cruz-15-1-380x176.jpeg 380w, https:\/\/www.rengoenlanoticia.cl\/prensa\/wp-content\/uploads\/2025\/10\/santa_cruz-15-1-255x118.jpeg 255w, https:\/\/www.rengoenlanoticia.cl\/prensa\/wp-content\/uploads\/2025\/10\/santa_cruz-15-1-550x254.jpeg 550w, https:\/\/www.rengoenlanoticia.cl\/prensa\/wp-content\/uploads\/2025\/10\/santa_cruz-15-1-800x370.jpeg 800w, https:\/\/www.rengoenlanoticia.cl\/prensa\/wp-content\/uploads\/2025\/10\/santa_cruz-15-1-1160x537.jpeg 1160w, https:\/\/www.rengoenlanoticia.cl\/prensa\/wp-content\/uploads\/2025\/10\/santa_cruz-15-1.jpeg 1600w\" sizes=\"auto, (max-width: 1024px) 100vw, 1024px\" \/><\/figure>\n\n\n\n<figure class=\"wp-block-image size-large\"><img loading=\"lazy\" decoding=\"async\" width=\"1024\" height=\"474\" src=\"https:\/\/www.rengoenlanoticia.cl\/prensa\/wp-content\/uploads\/2025\/10\/santa_cruz-17-1-1024x474.jpeg\" alt=\"\" class=\"wp-image-6461\" srcset=\"https:\/\/www.rengoenlanoticia.cl\/prensa\/wp-content\/uploads\/2025\/10\/santa_cruz-17-1-1024x474.jpeg 1024w, https:\/\/www.rengoenlanoticia.cl\/prensa\/wp-content\/uploads\/2025\/10\/santa_cruz-17-1-300x139.jpeg 300w, https:\/\/www.rengoenlanoticia.cl\/prensa\/wp-content\/uploads\/2025\/10\/santa_cruz-17-1-768x355.jpeg 768w, https:\/\/www.rengoenlanoticia.cl\/prensa\/wp-content\/uploads\/2025\/10\/santa_cruz-17-1-1536x710.jpeg 1536w, https:\/\/www.rengoenlanoticia.cl\/prensa\/wp-content\/uploads\/2025\/10\/santa_cruz-17-1-110x51.jpeg 110w, https:\/\/www.rengoenlanoticia.cl\/prensa\/wp-content\/uploads\/2025\/10\/santa_cruz-17-1-200x93.jpeg 200w, https:\/\/www.rengoenlanoticia.cl\/prensa\/wp-content\/uploads\/2025\/10\/santa_cruz-17-1-380x176.jpeg 380w, https:\/\/www.rengoenlanoticia.cl\/prensa\/wp-content\/uploads\/2025\/10\/santa_cruz-17-1-255x118.jpeg 255w, https:\/\/www.rengoenlanoticia.cl\/prensa\/wp-content\/uploads\/2025\/10\/santa_cruz-17-1-550x254.jpeg 550w, https:\/\/www.rengoenlanoticia.cl\/prensa\/wp-content\/uploads\/2025\/10\/santa_cruz-17-1-800x370.jpeg 800w, https:\/\/www.rengoenlanoticia.cl\/prensa\/wp-content\/uploads\/2025\/10\/santa_cruz-17-1-1160x537.jpeg 1160w, https:\/\/www.rengoenlanoticia.cl\/prensa\/wp-content\/uploads\/2025\/10\/santa_cruz-17-1.jpeg 1600w\" sizes=\"auto, (max-width: 1024px) 100vw, 1024px\" \/><\/figure>\n\n\n\n<figure class=\"wp-block-image size-large\"><img loading=\"lazy\" decoding=\"async\" width=\"1024\" height=\"474\" src=\"https:\/\/www.rengoenlanoticia.cl\/prensa\/wp-content\/uploads\/2025\/10\/santa_cruz-14-1-1024x474.jpeg\" alt=\"\" class=\"wp-image-6459\" srcset=\"https:\/\/www.rengoenlanoticia.cl\/prensa\/wp-content\/uploads\/2025\/10\/santa_cruz-14-1-1024x474.jpeg 1024w, https:\/\/www.rengoenlanoticia.cl\/prensa\/wp-content\/uploads\/2025\/10\/santa_cruz-14-1-300x139.jpeg 300w, https:\/\/www.rengoenlanoticia.cl\/prensa\/wp-content\/uploads\/2025\/10\/santa_cruz-14-1-768x355.jpeg 768w, https:\/\/www.rengoenlanoticia.cl\/prensa\/wp-content\/uploads\/2025\/10\/santa_cruz-14-1-1536x710.jpeg 1536w, https:\/\/www.rengoenlanoticia.cl\/prensa\/wp-content\/uploads\/2025\/10\/santa_cruz-14-1-110x51.jpeg 110w, https:\/\/www.rengoenlanoticia.cl\/prensa\/wp-content\/uploads\/2025\/10\/santa_cruz-14-1-200x93.jpeg 200w, https:\/\/www.rengoenlanoticia.cl\/prensa\/wp-content\/uploads\/2025\/10\/santa_cruz-14-1-380x176.jpeg 380w, https:\/\/www.rengoenlanoticia.cl\/prensa\/wp-content\/uploads\/2025\/10\/santa_cruz-14-1-255x118.jpeg 255w, https:\/\/www.rengoenlanoticia.cl\/prensa\/wp-content\/uploads\/2025\/10\/santa_cruz-14-1-550x254.jpeg 550w, https:\/\/www.rengoenlanoticia.cl\/prensa\/wp-content\/uploads\/2025\/10\/santa_cruz-14-1-800x370.jpeg 800w, https:\/\/www.rengoenlanoticia.cl\/prensa\/wp-content\/uploads\/2025\/10\/santa_cruz-14-1-1160x537.jpeg 1160w, https:\/\/www.rengoenlanoticia.cl\/prensa\/wp-content\/uploads\/2025\/10\/santa_cruz-14-1.jpeg 1600w\" sizes=\"auto, (max-width: 1024px) 100vw, 1024px\" \/><\/figure>\n","protected":false},"excerpt":{"rendered":"\u00a0La actividad destac\u00f3 el compromiso, la vocaci\u00f3n y los a\u00f1os de servicio de quienes han dedicado su vida&hellip;\n","protected":false},"author":1,"featured_media":6458,"comment_status":"open","ping_status":"open","sticky":false,"template":"","format":"standard","meta":{"_monsterinsights_skip_tracking":false,"_monsterinsights_sitenote_active":false,"_monsterinsights_sitenote_note":"","_monsterinsights_sitenote_category":0,"footnotes":""},"categories":[8],"tags":[],"class_list":{"0":"post-6443","1":"post","2":"type-post","3":"status-publish","4":"format-standard","5":"has-post-thumbnail","7":"category-portada"},"aioseo_notices":[],"_links":{"self":[{"href":"https:\/\/www.rengoenlanoticia.cl\/prensa\/wp-json\/wp\/v2\/posts\/6443","targetHints":{"allow":["GET"]}}],"collection":[{"href":"https:\/\/www.rengoenlanoticia.cl\/prensa\/wp-json\/wp\/v2\/posts"}],"about":[{"href":"https:\/\/www.rengoenlanoticia.cl\/prensa\/wp-json\/wp\/v2\/types\/post"}],"author":[{"embeddable":true,"href":"https:\/\/www.rengoenlanoticia.cl\/prensa\/wp-json\/wp\/v2\/users\/1"}],"replies":[{"embeddable":true,"href":"https:\/\/www.rengoenlanoticia.cl\/prensa\/wp-json\/wp\/v2\/comments?post=6443"}],"version-history":[{"count":3,"href":"https:\/\/www.rengoenlanoticia.cl\/prensa\/wp-json\/wp\/v2\/posts\/6443\/revisions"}],"predecessor-version":[{"id":6473,"href":"https:\/\/www.rengoenlanoticia.cl\/prensa\/wp-json\/wp\/v2\/posts\/6443\/revisions\/6473"}],"wp:featuredmedia":[{"embeddable":true,"href":"https:\/\/www.rengoenlanoticia.cl\/prensa\/wp-json\/wp\/v2\/media\/6458"}],"wp:attachment":[{"href":"https:\/\/www.rengoenlanoticia.cl\/prensa\/wp-json\/wp\/v2\/media?parent=6443"}],"wp:term":[{"taxonomy":"category","embeddable":true,"href":"https:\/\/www.rengoenlanoticia.cl\/prensa\/wp-json\/wp\/v2\/categories?post=6443"},{"taxonomy":"post_tag","embeddable":true,"href":"https:\/\/www.rengoenlanoticia.cl\/prensa\/wp-json\/wp\/v2\/tags?post=6443"}],"curies":[{"name":"wp","href":"https:\/\/api.w.org\/{rel}","templated":true}]}}