{"id":6442,"date":"2025-10-07T01:54:42","date_gmt":"2025-10-07T01:54:42","guid":{"rendered":"https:\/\/www.rengoenlanoticia.cl\/prensa\/?p=6442"},"modified":"2025-10-07T01:54:44","modified_gmt":"2025-10-07T01:54:44","slug":"hospital-de-graneros-celebro-el-dia-del-hospital-con-emotiva-ceremonia-de-reconocimiento-a-sus-funcionarios","status":"publish","type":"post","link":"https:\/\/www.rengoenlanoticia.cl\/prensa\/2025\/10\/07\/hospital-de-graneros-celebro-el-dia-del-hospital-con-emotiva-ceremonia-de-reconocimiento-a-sus-funcionarios\/","title":{"rendered":"Hospital de Graneros celebr\u00f3 el D\u00eda del Hospital con emotiva ceremonia de reconocimiento a sus funcionarios"},"content":{"rendered":"\n<p>\u00a0\u00a0En la jornada se homenaje\u00f3 a 15 trabajadores y trabajadoras que han dedicado entre 19 y 24 a\u00f1os de servicio a la salud p\u00fablica.<\/p>\n\n\n\n<p> En el marco de la conmemoraci\u00f3n del D\u00eda del Hospital, el Hospital de Graneros realiz\u00f3 una emotiva Ceremonia de Reconocimiento por A\u00f1os de Servicio, instancia en la que se destac\u00f3 la entrega, compromiso y vocaci\u00f3n de quienes han dedicado gran parte de su vida laboral al fortalecimiento de la salud p\u00fablica en la comuna.<\/p>\n\n\n\n<p>La actividad cont\u00f3 con la participaci\u00f3n del equipo directivo, jefaturas de departamentos, gremios de salud, funcionarios y funcionarias del establecimiento, adem\u00e1s de familiares de los 15 homenajeados, quienes compartieron una jornada marcada por la emoci\u00f3n y el sentido de pertenencia institucional.<\/p>\n\n\n\n<p>\u201cHoy reconocemos no solo los a\u00f1os que cada uno de ustedes ha entregado, sino la huella que han dejado en cada paciente, en cada compa\u00f1ero de trabajo y en el desarrollo de nuestro hospital. Su compromiso representa el verdadero esp\u00edritu del servicio p\u00fablico\u201d, se\u00f1al\u00f3 el director del Hospital de Graneros, Dr. Mauricio Aedo, quien adem\u00e1s agradeci\u00f3 la activa participaci\u00f3n de los gremios y de toda la comunidad hospitalaria en esta significativa fecha que se conmemora a nivel nacional cada 3 de octubre, en cada recinto hospitalario p\u00fablico.<\/p>\n\n\n\n<p>Durante la ceremonia se hizo entrega de medallas, diplomas y obsequios a los funcionarios reconocidos por su trayectoria, recibiendo por 19 a\u00f1os de servicio: Victoria Guzm\u00e1n Herrera, Ana Isael Ram\u00edrez Castro y Jos\u00e9 Vargas Cornejo; por 20 a\u00f1os de servicio, Ana Cristina Tobar Carvajal; por 21 a\u00f1os de servicio: Pedro Enrique Valdivia Salinas, Pablo Saavedra Pati\u00f1o, Pamela Contreras Retamales, Luis Eduardo Arena Espinoza, Silvia Bazaez Berr\u00edos y Mar\u00eda Paz Castillo Silva.<\/p>\n\n\n\n<p>Asimismo, fueron homenajeados por 22 a\u00f1os de servicio, Patricia Rom\u00e1n Gatica, y por 23 a\u00f1os de servicio, Mar\u00eda Lorena P\u00e9rez Espinoza, Jos\u00e9 Luis Becerra Ibarra y Georgina Castro Ortega. Finalmente, recibi\u00f3 un reconocimiento por 24 a\u00f1os de servicio, M\u00f3nica Maraboli Fuenzalida.<\/p>\n\n\n\n<p>\u201cCada uno de nuestros funcionarios es parte esencial de esta historia que seguimos construyendo d\u00eda a d\u00eda. Su esfuerzo, vocaci\u00f3n y humanidad son la base de una atenci\u00f3n cercana y de calidad para nuestros usuarios\u201d, agreg\u00f3 el director Aedo al t\u00e9rmino de la ceremonia.<\/p>\n\n\n\n<p>De esta forma, el Hospital de Graneros reafirm\u00f3 su compromiso con el bienestar de sus trabajadores y con el fortalecimiento de la salud p\u00fablica, celebrando esta fecha con gratitud y orgullo por la labor de todos quienes hacen posible su misi\u00f3n.<\/p>\n\n\n\n<figure class=\"wp-block-image size-large\"><img loading=\"lazy\" decoding=\"async\" width=\"1024\" height=\"823\" src=\"https:\/\/www.rengoenlanoticia.cl\/prensa\/wp-content\/uploads\/2025\/10\/anos-serv-icioGraneros-1-1-1024x823.jpeg\" alt=\"\" class=\"wp-image-6449\" srcset=\"https:\/\/www.rengoenlanoticia.cl\/prensa\/wp-content\/uploads\/2025\/10\/anos-serv-icioGraneros-1-1-1024x823.jpeg 1024w, https:\/\/www.rengoenlanoticia.cl\/prensa\/wp-content\/uploads\/2025\/10\/anos-serv-icioGraneros-1-1-300x241.jpeg 300w, https:\/\/www.rengoenlanoticia.cl\/prensa\/wp-content\/uploads\/2025\/10\/anos-serv-icioGraneros-1-1-768x618.jpeg 768w, https:\/\/www.rengoenlanoticia.cl\/prensa\/wp-content\/uploads\/2025\/10\/anos-serv-icioGraneros-1-1-110x88.jpeg 110w, https:\/\/www.rengoenlanoticia.cl\/prensa\/wp-content\/uploads\/2025\/10\/anos-serv-icioGraneros-1-1-200x161.jpeg 200w, https:\/\/www.rengoenlanoticia.cl\/prensa\/wp-content\/uploads\/2025\/10\/anos-serv-icioGraneros-1-1-380x306.jpeg 380w, https:\/\/www.rengoenlanoticia.cl\/prensa\/wp-content\/uploads\/2025\/10\/anos-serv-icioGraneros-1-1-255x205.jpeg 255w, https:\/\/www.rengoenlanoticia.cl\/prensa\/wp-content\/uploads\/2025\/10\/anos-serv-icioGraneros-1-1-550x442.jpeg 550w, https:\/\/www.rengoenlanoticia.cl\/prensa\/wp-content\/uploads\/2025\/10\/anos-serv-icioGraneros-1-1-800x643.jpeg 800w, https:\/\/www.rengoenlanoticia.cl\/prensa\/wp-content\/uploads\/2025\/10\/anos-serv-icioGraneros-1-1-1160x933.jpeg 1160w, https:\/\/www.rengoenlanoticia.cl\/prensa\/wp-content\/uploads\/2025\/10\/anos-serv-icioGraneros-1-1.jpeg 1200w\" sizes=\"auto, (max-width: 1024px) 100vw, 1024px\" \/><\/figure>\n\n\n\n<figure class=\"wp-block-image size-large\"><img loading=\"lazy\" decoding=\"async\" width=\"994\" height=\"1024\" src=\"https:\/\/www.rengoenlanoticia.cl\/prensa\/wp-content\/uploads\/2025\/10\/anos-serv-icioGraneros-3-1-994x1024.jpeg\" alt=\"\" class=\"wp-image-6450\" srcset=\"https:\/\/www.rengoenlanoticia.cl\/prensa\/wp-content\/uploads\/2025\/10\/anos-serv-icioGraneros-3-1-994x1024.jpeg 994w, https:\/\/www.rengoenlanoticia.cl\/prensa\/wp-content\/uploads\/2025\/10\/anos-serv-icioGraneros-3-1-291x300.jpeg 291w, https:\/\/www.rengoenlanoticia.cl\/prensa\/wp-content\/uploads\/2025\/10\/anos-serv-icioGraneros-3-1-768x791.jpeg 768w, https:\/\/www.rengoenlanoticia.cl\/prensa\/wp-content\/uploads\/2025\/10\/anos-serv-icioGraneros-3-1-110x113.jpeg 110w, https:\/\/www.rengoenlanoticia.cl\/prensa\/wp-content\/uploads\/2025\/10\/anos-serv-icioGraneros-3-1-200x206.jpeg 200w, https:\/\/www.rengoenlanoticia.cl\/prensa\/wp-content\/uploads\/2025\/10\/anos-serv-icioGraneros-3-1-380x391.jpeg 380w, https:\/\/www.rengoenlanoticia.cl\/prensa\/wp-content\/uploads\/2025\/10\/anos-serv-icioGraneros-3-1-255x263.jpeg 255w, https:\/\/www.rengoenlanoticia.cl\/prensa\/wp-content\/uploads\/2025\/10\/anos-serv-icioGraneros-3-1-300x309.jpeg 300w, https:\/\/www.rengoenlanoticia.cl\/prensa\/wp-content\/uploads\/2025\/10\/anos-serv-icioGraneros-3-1-550x567.jpeg 550w, https:\/\/www.rengoenlanoticia.cl\/prensa\/wp-content\/uploads\/2025\/10\/anos-serv-icioGraneros-3-1-800x824.jpeg 800w, https:\/\/www.rengoenlanoticia.cl\/prensa\/wp-content\/uploads\/2025\/10\/anos-serv-icioGraneros-3-1-1160x1195.jpeg 1160w, https:\/\/www.rengoenlanoticia.cl\/prensa\/wp-content\/uploads\/2025\/10\/anos-serv-icioGraneros-3-1.jpeg 1196w\" sizes=\"auto, (max-width: 994px) 100vw, 994px\" \/><\/figure>\n\n\n\n<figure class=\"wp-block-image size-large\"><img loading=\"lazy\" decoding=\"async\" width=\"1024\" height=\"748\" src=\"https:\/\/www.rengoenlanoticia.cl\/prensa\/wp-content\/uploads\/2025\/10\/anos-serv-icioGraneros-5-1-1024x748.jpeg\" alt=\"\" class=\"wp-image-6451\" srcset=\"https:\/\/www.rengoenlanoticia.cl\/prensa\/wp-content\/uploads\/2025\/10\/anos-serv-icioGraneros-5-1-1024x748.jpeg 1024w, https:\/\/www.rengoenlanoticia.cl\/prensa\/wp-content\/uploads\/2025\/10\/anos-serv-icioGraneros-5-1-300x219.jpeg 300w, https:\/\/www.rengoenlanoticia.cl\/prensa\/wp-content\/uploads\/2025\/10\/anos-serv-icioGraneros-5-1-768x561.jpeg 768w, https:\/\/www.rengoenlanoticia.cl\/prensa\/wp-content\/uploads\/2025\/10\/anos-serv-icioGraneros-5-1-110x80.jpeg 110w, https:\/\/www.rengoenlanoticia.cl\/prensa\/wp-content\/uploads\/2025\/10\/anos-serv-icioGraneros-5-1-200x146.jpeg 200w, https:\/\/www.rengoenlanoticia.cl\/prensa\/wp-content\/uploads\/2025\/10\/anos-serv-icioGraneros-5-1-380x278.jpeg 380w, https:\/\/www.rengoenlanoticia.cl\/prensa\/wp-content\/uploads\/2025\/10\/anos-serv-icioGraneros-5-1-255x186.jpeg 255w, https:\/\/www.rengoenlanoticia.cl\/prensa\/wp-content\/uploads\/2025\/10\/anos-serv-icioGraneros-5-1-550x402.jpeg 550w, https:\/\/www.rengoenlanoticia.cl\/prensa\/wp-content\/uploads\/2025\/10\/anos-serv-icioGraneros-5-1-800x585.jpeg 800w, https:\/\/www.rengoenlanoticia.cl\/prensa\/wp-content\/uploads\/2025\/10\/anos-serv-icioGraneros-5-1-1160x848.jpeg 1160w, https:\/\/www.rengoenlanoticia.cl\/prensa\/wp-content\/uploads\/2025\/10\/anos-serv-icioGraneros-5-1.jpeg 1200w\" sizes=\"auto, (max-width: 1024px) 100vw, 1024px\" \/><\/figure>\n\n\n\n<figure class=\"wp-block-image size-large\"><img loading=\"lazy\" decoding=\"async\" width=\"951\" height=\"1024\" src=\"https:\/\/www.rengoenlanoticia.cl\/prensa\/wp-content\/uploads\/2025\/10\/anos-serv-icioGraneros-4-1-951x1024.jpeg\" alt=\"\" class=\"wp-image-6452\" srcset=\"https:\/\/www.rengoenlanoticia.cl\/prensa\/wp-content\/uploads\/2025\/10\/anos-serv-icioGraneros-4-1-951x1024.jpeg 951w, https:\/\/www.rengoenlanoticia.cl\/prensa\/wp-content\/uploads\/2025\/10\/anos-serv-icioGraneros-4-1-279x300.jpeg 279w, https:\/\/www.rengoenlanoticia.cl\/prensa\/wp-content\/uploads\/2025\/10\/anos-serv-icioGraneros-4-1-768x827.jpeg 768w, https:\/\/www.rengoenlanoticia.cl\/prensa\/wp-content\/uploads\/2025\/10\/anos-serv-icioGraneros-4-1-110x118.jpeg 110w, https:\/\/www.rengoenlanoticia.cl\/prensa\/wp-content\/uploads\/2025\/10\/anos-serv-icioGraneros-4-1-200x215.jpeg 200w, https:\/\/www.rengoenlanoticia.cl\/prensa\/wp-content\/uploads\/2025\/10\/anos-serv-icioGraneros-4-1-380x409.jpeg 380w, https:\/\/www.rengoenlanoticia.cl\/prensa\/wp-content\/uploads\/2025\/10\/anos-serv-icioGraneros-4-1-255x275.jpeg 255w, https:\/\/www.rengoenlanoticia.cl\/prensa\/wp-content\/uploads\/2025\/10\/anos-serv-icioGraneros-4-1-300x323.jpeg 300w, https:\/\/www.rengoenlanoticia.cl\/prensa\/wp-content\/uploads\/2025\/10\/anos-serv-icioGraneros-4-1-550x592.jpeg 550w, https:\/\/www.rengoenlanoticia.cl\/prensa\/wp-content\/uploads\/2025\/10\/anos-serv-icioGraneros-4-1-800x861.jpeg 800w, https:\/\/www.rengoenlanoticia.cl\/prensa\/wp-content\/uploads\/2025\/10\/anos-serv-icioGraneros-4-1-1160x1249.jpeg 1160w, https:\/\/www.rengoenlanoticia.cl\/prensa\/wp-content\/uploads\/2025\/10\/anos-serv-icioGraneros-4-1.jpeg 1200w\" sizes=\"auto, (max-width: 951px) 100vw, 951px\" \/><\/figure>\n\n\n\n<figure class=\"wp-block-image size-large\"><img loading=\"lazy\" decoding=\"async\" width=\"1024\" height=\"802\" src=\"https:\/\/www.rengoenlanoticia.cl\/prensa\/wp-content\/uploads\/2025\/10\/anos-serv-icioGraneros-6-1-1024x802.jpeg\" alt=\"\" class=\"wp-image-6453\" srcset=\"https:\/\/www.rengoenlanoticia.cl\/prensa\/wp-content\/uploads\/2025\/10\/anos-serv-icioGraneros-6-1-1024x802.jpeg 1024w, https:\/\/www.rengoenlanoticia.cl\/prensa\/wp-content\/uploads\/2025\/10\/anos-serv-icioGraneros-6-1-300x235.jpeg 300w, https:\/\/www.rengoenlanoticia.cl\/prensa\/wp-content\/uploads\/2025\/10\/anos-serv-icioGraneros-6-1-768x602.jpeg 768w, https:\/\/www.rengoenlanoticia.cl\/prensa\/wp-content\/uploads\/2025\/10\/anos-serv-icioGraneros-6-1-110x86.jpeg 110w, https:\/\/www.rengoenlanoticia.cl\/prensa\/wp-content\/uploads\/2025\/10\/anos-serv-icioGraneros-6-1-200x157.jpeg 200w, https:\/\/www.rengoenlanoticia.cl\/prensa\/wp-content\/uploads\/2025\/10\/anos-serv-icioGraneros-6-1-380x298.jpeg 380w, https:\/\/www.rengoenlanoticia.cl\/prensa\/wp-content\/uploads\/2025\/10\/anos-serv-icioGraneros-6-1-255x200.jpeg 255w, https:\/\/www.rengoenlanoticia.cl\/prensa\/wp-content\/uploads\/2025\/10\/anos-serv-icioGraneros-6-1-550x431.jpeg 550w, https:\/\/www.rengoenlanoticia.cl\/prensa\/wp-content\/uploads\/2025\/10\/anos-serv-icioGraneros-6-1-800x627.jpeg 800w, https:\/\/www.rengoenlanoticia.cl\/prensa\/wp-content\/uploads\/2025\/10\/anos-serv-icioGraneros-6-1-1160x909.jpeg 1160w, https:\/\/www.rengoenlanoticia.cl\/prensa\/wp-content\/uploads\/2025\/10\/anos-serv-icioGraneros-6-1.jpeg 1200w\" sizes=\"auto, (max-width: 1024px) 100vw, 1024px\" \/><\/figure>\n","protected":false},"excerpt":{"rendered":"\u00a0\u00a0En la jornada se homenaje\u00f3 a 15 trabajadores y trabajadoras que han dedicado entre 19 y 24 a\u00f1os&hellip;\n","protected":false},"author":1,"featured_media":6448,"comment_status":"open","ping_status":"open","sticky":false,"template":"","format":"standard","meta":{"_monsterinsights_skip_tracking":false,"_monsterinsights_sitenote_active":false,"_monsterinsights_sitenote_note":"","_monsterinsights_sitenote_category":0,"footnotes":""},"categories":[8],"tags":[],"class_list":{"0":"post-6442","1":"post","2":"type-post","3":"status-publish","4":"format-standard","5":"has-post-thumbnail","7":"category-portada"},"aioseo_notices":[],"_links":{"self":[{"href":"https:\/\/www.rengoenlanoticia.cl\/prensa\/wp-json\/wp\/v2\/posts\/6442","targetHints":{"allow":["GET"]}}],"collection":[{"href":"https:\/\/www.rengoenlanoticia.cl\/prensa\/wp-json\/wp\/v2\/posts"}],"about":[{"href":"https:\/\/www.rengoenlanoticia.cl\/prensa\/wp-json\/wp\/v2\/types\/post"}],"author":[{"embeddable":true,"href":"https:\/\/www.rengoenlanoticia.cl\/prensa\/wp-json\/wp\/v2\/users\/1"}],"replies":[{"embeddable":true,"href":"https:\/\/www.rengoenlanoticia.cl\/prensa\/wp-json\/wp\/v2\/comments?post=6442"}],"version-history":[{"count":3,"href":"https:\/\/www.rengoenlanoticia.cl\/prensa\/wp-json\/wp\/v2\/posts\/6442\/revisions"}],"predecessor-version":[{"id":6471,"href":"https:\/\/www.rengoenlanoticia.cl\/prensa\/wp-json\/wp\/v2\/posts\/6442\/revisions\/6471"}],"wp:featuredmedia":[{"embeddable":true,"href":"https:\/\/www.rengoenlanoticia.cl\/prensa\/wp-json\/wp\/v2\/media\/6448"}],"wp:attachment":[{"href":"https:\/\/www.rengoenlanoticia.cl\/prensa\/wp-json\/wp\/v2\/media?parent=6442"}],"wp:term":[{"taxonomy":"category","embeddable":true,"href":"https:\/\/www.rengoenlanoticia.cl\/prensa\/wp-json\/wp\/v2\/categories?post=6442"},{"taxonomy":"post_tag","embeddable":true,"href":"https:\/\/www.rengoenlanoticia.cl\/prensa\/wp-json\/wp\/v2\/tags?post=6442"}],"curies":[{"name":"wp","href":"https:\/\/api.w.org\/{rel}","templated":true}]}}