{"id":6419,"date":"2025-10-04T02:29:04","date_gmt":"2025-10-04T02:29:04","guid":{"rendered":"https:\/\/www.rengoenlanoticia.cl\/prensa\/?p=6419"},"modified":"2025-10-04T02:29:07","modified_gmt":"2025-10-04T02:29:07","slug":"hospital-de-rengo-impartira-taller-gratuito-para-cuidadores-de-personas-con-dependencia","status":"publish","type":"post","link":"https:\/\/www.rengoenlanoticia.cl\/prensa\/2025\/10\/04\/hospital-de-rengo-impartira-taller-gratuito-para-cuidadores-de-personas-con-dependencia\/","title":{"rendered":"Hospital de Rengo impartir\u00e1 taller gratuito para cuidadores de personas con dependencia"},"content":{"rendered":"\n<p>\u00b7&nbsp;&nbsp;&nbsp;&nbsp;&nbsp;&nbsp;&nbsp;&nbsp;&nbsp;La iniciativa contempla 8 m\u00f3dulos te\u00f3rico-pr\u00e1cticos que abordar\u00e1n temas como RCP, primeros auxilios, aseo, confort, prevenci\u00f3n de lesiones en la piel, manejo de sondas, dispositivos respiratorios, movilizaci\u00f3n de pacientes y autocuidado, entre otros.<\/p>\n\n\n\n<p>Rengo, 3 de octubre de 2025.\u2013 Con el objetivo de entregar herramientas pr\u00e1cticas y te\u00f3ricas a quienes cuidan de personas con dependencia severa, el Hospital Ricardo Valenzuela S\u00e1ez de Rengo iniciar\u00e1 el pr\u00f3ximo 8 de octubre el taller gratuito&nbsp;<strong>\u201cFormando cuidadores de la comunidad\u201d<\/strong>, una iniciativa que busca fortalecer tanto el acompa\u00f1amiento a pacientes como el autocuidado de quienes cumplen este importante rol dentro del hogar.<\/p>\n\n\n\n<p>La directora del Hospital Ricardo Valenzuela S\u00e1ez, Margarita Yercic Bravo, valor\u00f3 la iniciativa se\u00f1alando que \u201ccomo hospital estamos comprometidos con nuestra comunidad y este taller es una forma concreta de entregar herramientas a quienes cuidan de otros. Queremos no s\u00f3lo ense\u00f1ar a cuidar, sino tambi\u00e9n a cuidarse, porque preocuparse de los cuidadores tambi\u00e9n es importante para nosotros\u201d.<\/p>\n\n\n\n<p>En la misma l\u00ednea, la terapeuta ocupacional del hospital y docente del taller, Silene Vera, destac\u00f3 que \u201cestas situaciones de cuidado pueden ocurrir en cualquier familia, incluso en la nuestra. Este tipo de talleres permite entregar conocimientos y apoyo a quienes muchas veces no saben a qui\u00e9n recurrir. Puede marcar una diferencia enorme en el d\u00eda a d\u00eda de las personas\u201d.<\/p>\n\n\n\n<p>Por su parte, la asistente social y referente de Participaci\u00f3n y Satisfacci\u00f3n Usuaria, adem\u00e1s de integrante de la Unidad de Humanizaci\u00f3n, Margarita Correa, resalt\u00f3 la respuesta de la comunidad: \u201ctenemos una alta convocatoria, ya que en s\u00f3lo dos d\u00edas se inscribieron 30 personas. Esto es muy significativo porque se trata de un taller con 8 m\u00f3dulos. La comunidad quiere aprender, participar y conf\u00eda en los profesionales del hospital. Es fundamental ense\u00f1arles a cuidar, pero tambi\u00e9n a cuidarse\u201d.<\/p>\n\n\n\n<p>La organizaci\u00f3n del curso est\u00e1 a cargo de la Unidad de Humanizaci\u00f3n del Hospital. Desde all\u00ed, la fonoaudi\u00f3loga y dirigente gremial Evelyn Dur\u00e1n explic\u00f3 que \u201cqueremos entregar herramientas a quienes cuidan a personas con dependencia, para que puedan asistirlas correctamente en sus tareas diarias e incluso acompa\u00f1arlas en la recuperaci\u00f3n de habilidades. Esto tambi\u00e9n incluye fortalecer a cuidadores que muchas veces no tienen redes de apoyo\u201d.<\/p>\n\n\n\n<p>Dur\u00e1n agreg\u00f3 que \u201cel taller contar\u00e1 con la participaci\u00f3n voluntaria de un equipo multidisciplinario, compuesto por kinesi\u00f3logos, terapeutas ocupacionales, psic\u00f3logos, fonoaudi\u00f3logos, enfermeros y t\u00e9cnicos en enfermer\u00eda, para entregar una formaci\u00f3n lo m\u00e1s completa posible\u201d.<\/p>\n\n\n\n<p><strong>Inscripciones<\/strong><\/p>\n\n\n\n<p>El taller&nbsp;<strong>\u201cFormando cuidadores de la comunidad\u201d<\/strong>&nbsp;se desarrollar\u00e1 desde el 8 de octubre al 26 de noviembre en dependencias del Hospital de Rengo. Estar\u00e1 compuesto por 8 m\u00f3dulos te\u00f3rico-pr\u00e1cticos que abarcar\u00e1n tem\u00e1ticas como RCP y primeros auxilios, aseo, confort, prevenci\u00f3n de lesiones en la piel, manejo de sondas, dispositivos respiratorios, movilizaci\u00f3n de pacientes, autocuidado y m\u00e1s.<\/p>\n\n\n\n<p>Las inscripciones est\u00e1n abiertas y se realizan directamente con la asistente social del Hospital de Rengo, Margarita Correa, a trav\u00e9s del tel\u00e9fono&nbsp;<strong>72-2337353<\/strong>&nbsp;o escribiendo al correo&nbsp;<strong><a href=\"mailto:s.socialhrengo1@gmail.com\" target=\"_blank\" rel=\"noreferrer noopener\">s.socialhrengo1@gmail.com<\/a><\/strong>.<\/p>\n\n\n\n<figure class=\"wp-block-image size-large\"><img loading=\"lazy\" decoding=\"async\" width=\"724\" height=\"1024\" src=\"https:\/\/www.rengoenlanoticia.cl\/prensa\/wp-content\/uploads\/2025\/10\/Taller-Cuidadores-2-724x1024.jpg\" alt=\"\" class=\"wp-image-6431\" srcset=\"https:\/\/www.rengoenlanoticia.cl\/prensa\/wp-content\/uploads\/2025\/10\/Taller-Cuidadores-2-724x1024.jpg 724w, https:\/\/www.rengoenlanoticia.cl\/prensa\/wp-content\/uploads\/2025\/10\/Taller-Cuidadores-2-212x300.jpg 212w, https:\/\/www.rengoenlanoticia.cl\/prensa\/wp-content\/uploads\/2025\/10\/Taller-Cuidadores-2-768x1086.jpg 768w, https:\/\/www.rengoenlanoticia.cl\/prensa\/wp-content\/uploads\/2025\/10\/Taller-Cuidadores-2-1086x1536.jpg 1086w, https:\/\/www.rengoenlanoticia.cl\/prensa\/wp-content\/uploads\/2025\/10\/Taller-Cuidadores-2-110x156.jpg 110w, https:\/\/www.rengoenlanoticia.cl\/prensa\/wp-content\/uploads\/2025\/10\/Taller-Cuidadores-2-200x283.jpg 200w, https:\/\/www.rengoenlanoticia.cl\/prensa\/wp-content\/uploads\/2025\/10\/Taller-Cuidadores-2-380x538.jpg 380w, https:\/\/www.rengoenlanoticia.cl\/prensa\/wp-content\/uploads\/2025\/10\/Taller-Cuidadores-2-255x361.jpg 255w, https:\/\/www.rengoenlanoticia.cl\/prensa\/wp-content\/uploads\/2025\/10\/Taller-Cuidadores-2-300x424.jpg 300w, https:\/\/www.rengoenlanoticia.cl\/prensa\/wp-content\/uploads\/2025\/10\/Taller-Cuidadores-2-550x778.jpg 550w, https:\/\/www.rengoenlanoticia.cl\/prensa\/wp-content\/uploads\/2025\/10\/Taller-Cuidadores-2-800x1132.jpg 800w, https:\/\/www.rengoenlanoticia.cl\/prensa\/wp-content\/uploads\/2025\/10\/Taller-Cuidadores-2.jpg 1131w\" sizes=\"auto, (max-width: 724px) 100vw, 724px\" \/><\/figure>\n\n\n\n<figure class=\"wp-block-image size-large\"><img loading=\"lazy\" decoding=\"async\" width=\"724\" height=\"1024\" src=\"https:\/\/www.rengoenlanoticia.cl\/prensa\/wp-content\/uploads\/2025\/10\/Taller-Cuidadores-3-724x1024.jpg\" alt=\"\" class=\"wp-image-6432\" srcset=\"https:\/\/www.rengoenlanoticia.cl\/prensa\/wp-content\/uploads\/2025\/10\/Taller-Cuidadores-3-724x1024.jpg 724w, https:\/\/www.rengoenlanoticia.cl\/prensa\/wp-content\/uploads\/2025\/10\/Taller-Cuidadores-3-212x300.jpg 212w, https:\/\/www.rengoenlanoticia.cl\/prensa\/wp-content\/uploads\/2025\/10\/Taller-Cuidadores-3-768x1086.jpg 768w, https:\/\/www.rengoenlanoticia.cl\/prensa\/wp-content\/uploads\/2025\/10\/Taller-Cuidadores-3-1086x1536.jpg 1086w, https:\/\/www.rengoenlanoticia.cl\/prensa\/wp-content\/uploads\/2025\/10\/Taller-Cuidadores-3-110x156.jpg 110w, https:\/\/www.rengoenlanoticia.cl\/prensa\/wp-content\/uploads\/2025\/10\/Taller-Cuidadores-3-200x283.jpg 200w, https:\/\/www.rengoenlanoticia.cl\/prensa\/wp-content\/uploads\/2025\/10\/Taller-Cuidadores-3-380x538.jpg 380w, https:\/\/www.rengoenlanoticia.cl\/prensa\/wp-content\/uploads\/2025\/10\/Taller-Cuidadores-3-255x361.jpg 255w, https:\/\/www.rengoenlanoticia.cl\/prensa\/wp-content\/uploads\/2025\/10\/Taller-Cuidadores-3-300x424.jpg 300w, https:\/\/www.rengoenlanoticia.cl\/prensa\/wp-content\/uploads\/2025\/10\/Taller-Cuidadores-3-550x778.jpg 550w, https:\/\/www.rengoenlanoticia.cl\/prensa\/wp-content\/uploads\/2025\/10\/Taller-Cuidadores-3-800x1132.jpg 800w, https:\/\/www.rengoenlanoticia.cl\/prensa\/wp-content\/uploads\/2025\/10\/Taller-Cuidadores-3.jpg 1131w\" sizes=\"auto, (max-width: 724px) 100vw, 724px\" \/><\/figure>\n","protected":false},"excerpt":{"rendered":"\u00b7&nbsp;&nbsp;&nbsp;&nbsp;&nbsp;&nbsp;&nbsp;&nbsp;&nbsp;La iniciativa contempla 8 m\u00f3dulos te\u00f3rico-pr\u00e1cticos que abordar\u00e1n temas como RCP, primeros auxilios, aseo, confort, prevenci\u00f3n de lesiones&hellip;\n","protected":false},"author":1,"featured_media":6430,"comment_status":"open","ping_status":"open","sticky":false,"template":"","format":"standard","meta":{"_monsterinsights_skip_tracking":false,"_monsterinsights_sitenote_active":false,"_monsterinsights_sitenote_note":"","_monsterinsights_sitenote_category":0,"footnotes":""},"categories":[8],"tags":[],"class_list":{"0":"post-6419","1":"post","2":"type-post","3":"status-publish","4":"format-standard","5":"has-post-thumbnail","7":"category-portada"},"aioseo_notices":[],"_links":{"self":[{"href":"https:\/\/www.rengoenlanoticia.cl\/prensa\/wp-json\/wp\/v2\/posts\/6419","targetHints":{"allow":["GET"]}}],"collection":[{"href":"https:\/\/www.rengoenlanoticia.cl\/prensa\/wp-json\/wp\/v2\/posts"}],"about":[{"href":"https:\/\/www.rengoenlanoticia.cl\/prensa\/wp-json\/wp\/v2\/types\/post"}],"author":[{"embeddable":true,"href":"https:\/\/www.rengoenlanoticia.cl\/prensa\/wp-json\/wp\/v2\/users\/1"}],"replies":[{"embeddable":true,"href":"https:\/\/www.rengoenlanoticia.cl\/prensa\/wp-json\/wp\/v2\/comments?post=6419"}],"version-history":[{"count":3,"href":"https:\/\/www.rengoenlanoticia.cl\/prensa\/wp-json\/wp\/v2\/posts\/6419\/revisions"}],"predecessor-version":[{"id":6441,"href":"https:\/\/www.rengoenlanoticia.cl\/prensa\/wp-json\/wp\/v2\/posts\/6419\/revisions\/6441"}],"wp:featuredmedia":[{"embeddable":true,"href":"https:\/\/www.rengoenlanoticia.cl\/prensa\/wp-json\/wp\/v2\/media\/6430"}],"wp:attachment":[{"href":"https:\/\/www.rengoenlanoticia.cl\/prensa\/wp-json\/wp\/v2\/media?parent=6419"}],"wp:term":[{"taxonomy":"category","embeddable":true,"href":"https:\/\/www.rengoenlanoticia.cl\/prensa\/wp-json\/wp\/v2\/categories?post=6419"},{"taxonomy":"post_tag","embeddable":true,"href":"https:\/\/www.rengoenlanoticia.cl\/prensa\/wp-json\/wp\/v2\/tags?post=6419"}],"curies":[{"name":"wp","href":"https:\/\/api.w.org\/{rel}","templated":true}]}}