{"id":6417,"date":"2025-10-04T02:26:48","date_gmt":"2025-10-04T02:26:48","guid":{"rendered":"https:\/\/www.rengoenlanoticia.cl\/prensa\/?p=6417"},"modified":"2025-10-04T02:26:52","modified_gmt":"2025-10-04T02:26:52","slug":"subsecretario-collado-inaugura-oficina-de-la-seremi-de-seguridad-publica-en-ohiggins-representa-la-instalacion-progresiva-e-institucional-del-ministerio-en-las-regiones","status":"publish","type":"post","link":"https:\/\/www.rengoenlanoticia.cl\/prensa\/2025\/10\/04\/subsecretario-collado-inaugura-oficina-de-la-seremi-de-seguridad-publica-en-ohiggins-representa-la-instalacion-progresiva-e-institucional-del-ministerio-en-las-regiones\/","title":{"rendered":"Subsecretario Collado inaugura oficina de la Seremi de Seguridad P\u00fablica en O&#8217;Higgins: \u00abRepresenta la instalaci\u00f3n progresiva e institucional del Ministerio en las regiones\u00bb"},"content":{"rendered":"\n<p><em>En la ceremonia, la autoridad destac\u00f3 que las nuevas dependencias consolidan el modelo de gesti\u00f3n territorial de la cartera y dignifican el trabajo de los equipos regionales.<\/em><\/p>\n\n\n\n<p>El subsecretario de Seguridad P\u00fablica, Rafael Collado, encabez\u00f3 la ceremonia de habilitaci\u00f3n de las nuevas dependencias de la secretar\u00eda regional ministerial (SEREMI) de Seguridad P\u00fablica de la Regi\u00f3n de O&#8217;Higgins, consolidando as\u00ed la infraestructura de instalaci\u00f3n regional de la cartera.<\/p>\n\n\n\n<p>La actividad cont\u00f3 adem\u00e1s con la presencia del Delegado Presidencial Regional de O\u2019Higgins, Fabio L\u00f3pez; el Gobernador Regional, Pablo Silva; el SEREMI de Seguridad P\u00fablica, Rodolfo N\u00fa\u00f1ez, y autoridades regionales de las polic\u00edas, Gendarmer\u00eda, el Ministerio P\u00fablico y la Corte Suprema.<\/p>\n\n\n\n<figure class=\"wp-block-image size-large\"><img loading=\"lazy\" decoding=\"async\" width=\"1024\" height=\"682\" src=\"https:\/\/www.rengoenlanoticia.cl\/prensa\/wp-content\/uploads\/2025\/10\/WhatsApp-Image-2025-10-02-at-17.43.26-1024x682.jpeg\" alt=\"\" class=\"wp-image-6425\" srcset=\"https:\/\/www.rengoenlanoticia.cl\/prensa\/wp-content\/uploads\/2025\/10\/WhatsApp-Image-2025-10-02-at-17.43.26-1024x682.jpeg 1024w, https:\/\/www.rengoenlanoticia.cl\/prensa\/wp-content\/uploads\/2025\/10\/WhatsApp-Image-2025-10-02-at-17.43.26-300x200.jpeg 300w, https:\/\/www.rengoenlanoticia.cl\/prensa\/wp-content\/uploads\/2025\/10\/WhatsApp-Image-2025-10-02-at-17.43.26-768x512.jpeg 768w, https:\/\/www.rengoenlanoticia.cl\/prensa\/wp-content\/uploads\/2025\/10\/WhatsApp-Image-2025-10-02-at-17.43.26-1536x1023.jpeg 1536w, https:\/\/www.rengoenlanoticia.cl\/prensa\/wp-content\/uploads\/2025\/10\/WhatsApp-Image-2025-10-02-at-17.43.26-110x73.jpeg 110w, https:\/\/www.rengoenlanoticia.cl\/prensa\/wp-content\/uploads\/2025\/10\/WhatsApp-Image-2025-10-02-at-17.43.26-200x133.jpeg 200w, https:\/\/www.rengoenlanoticia.cl\/prensa\/wp-content\/uploads\/2025\/10\/WhatsApp-Image-2025-10-02-at-17.43.26-380x253.jpeg 380w, https:\/\/www.rengoenlanoticia.cl\/prensa\/wp-content\/uploads\/2025\/10\/WhatsApp-Image-2025-10-02-at-17.43.26-255x170.jpeg 255w, https:\/\/www.rengoenlanoticia.cl\/prensa\/wp-content\/uploads\/2025\/10\/WhatsApp-Image-2025-10-02-at-17.43.26-550x366.jpeg 550w, https:\/\/www.rengoenlanoticia.cl\/prensa\/wp-content\/uploads\/2025\/10\/WhatsApp-Image-2025-10-02-at-17.43.26-800x533.jpeg 800w, https:\/\/www.rengoenlanoticia.cl\/prensa\/wp-content\/uploads\/2025\/10\/WhatsApp-Image-2025-10-02-at-17.43.26-1160x773.jpeg 1160w, https:\/\/www.rengoenlanoticia.cl\/prensa\/wp-content\/uploads\/2025\/10\/WhatsApp-Image-2025-10-02-at-17.43.26.jpeg 1600w\" sizes=\"auto, (max-width: 1024px) 100vw, 1024px\" \/><\/figure>\n\n\n\n<p>Durante la ceremonia, el subsecretario Collado destac\u00f3 que \u201cestas oficinas cumplen con las condiciones necesarias para la habilitaci\u00f3n y el desempe\u00f1o de la funci\u00f3n de la SEREMI, no solo como espacio f\u00edsico, sino como reconocimiento de la instalaci\u00f3n progresiva, institucional y separada de la Delegaci\u00f3n por parte del Ministerio de Seguridad P\u00fablica\u201d.<\/p>\n\n\n\n<p>Las nuevas dependencias albergar\u00e1n a 12 profesionales y 3 enlaces, proporcionar\u00e1n un espacio adecuado para el desarrollo del trabajo del equipo regional, y cuenta con salas de c\u00e1maras de monitoreo &nbsp;y de reuniones t\u00e9cnicas con Carabineros e Investigaciones.<\/p>\n\n\n\n<p>El subsecretario Collado tambi\u00e9n resalt\u00f3 la importancia del trabajo conjunto con el Gobierno Regional de O\u2019Higgins, y valor\u00f3 especialmente la entrega del GORE de veh\u00edculos para las polic\u00edas de las 33 comunas. &nbsp;Al respecto, el Gobernador Pablo Silva se\u00f1al\u00f3 que \u201cse est\u00e1 trabajando para que la regi\u00f3n sea una de las m\u00e1s seguras\u201d, subray\u00f3 el trabajo que la serem\u00eda est\u00e1 desarrollando en los consejos de seguridad comunales y realz\u00f3 el proyecto de la Gobernaci\u00f3n para instalar p\u00f3rticos de seguridad en los accesos a las comunas.<\/p>\n\n\n\n<figure class=\"wp-block-image size-large\"><img loading=\"lazy\" decoding=\"async\" width=\"1024\" height=\"682\" src=\"https:\/\/www.rengoenlanoticia.cl\/prensa\/wp-content\/uploads\/2025\/10\/WhatsApp-Image-2025-10-02-at-17.43.27-1024x682.jpeg\" alt=\"\" class=\"wp-image-6426\" srcset=\"https:\/\/www.rengoenlanoticia.cl\/prensa\/wp-content\/uploads\/2025\/10\/WhatsApp-Image-2025-10-02-at-17.43.27-1024x682.jpeg 1024w, https:\/\/www.rengoenlanoticia.cl\/prensa\/wp-content\/uploads\/2025\/10\/WhatsApp-Image-2025-10-02-at-17.43.27-300x200.jpeg 300w, https:\/\/www.rengoenlanoticia.cl\/prensa\/wp-content\/uploads\/2025\/10\/WhatsApp-Image-2025-10-02-at-17.43.27-768x512.jpeg 768w, https:\/\/www.rengoenlanoticia.cl\/prensa\/wp-content\/uploads\/2025\/10\/WhatsApp-Image-2025-10-02-at-17.43.27-1536x1023.jpeg 1536w, https:\/\/www.rengoenlanoticia.cl\/prensa\/wp-content\/uploads\/2025\/10\/WhatsApp-Image-2025-10-02-at-17.43.27-110x73.jpeg 110w, https:\/\/www.rengoenlanoticia.cl\/prensa\/wp-content\/uploads\/2025\/10\/WhatsApp-Image-2025-10-02-at-17.43.27-200x133.jpeg 200w, https:\/\/www.rengoenlanoticia.cl\/prensa\/wp-content\/uploads\/2025\/10\/WhatsApp-Image-2025-10-02-at-17.43.27-380x253.jpeg 380w, https:\/\/www.rengoenlanoticia.cl\/prensa\/wp-content\/uploads\/2025\/10\/WhatsApp-Image-2025-10-02-at-17.43.27-255x170.jpeg 255w, https:\/\/www.rengoenlanoticia.cl\/prensa\/wp-content\/uploads\/2025\/10\/WhatsApp-Image-2025-10-02-at-17.43.27-550x366.jpeg 550w, https:\/\/www.rengoenlanoticia.cl\/prensa\/wp-content\/uploads\/2025\/10\/WhatsApp-Image-2025-10-02-at-17.43.27-800x533.jpeg 800w, https:\/\/www.rengoenlanoticia.cl\/prensa\/wp-content\/uploads\/2025\/10\/WhatsApp-Image-2025-10-02-at-17.43.27-1160x773.jpeg 1160w, https:\/\/www.rengoenlanoticia.cl\/prensa\/wp-content\/uploads\/2025\/10\/WhatsApp-Image-2025-10-02-at-17.43.27.jpeg 1600w\" sizes=\"auto, (max-width: 1024px) 100vw, 1024px\" \/><\/figure>\n\n\n\n<p>Por su parte, el Delegado Regional, Fabio L\u00f3pez, destac\u00f3 las mejoras en seguridad de la presente administraci\u00f3n. \u201cEn las cifras de homicidio, hemos quebrado la tendencia al alza que ven\u00eda desde 2019 a la fecha, al igual que la de violaciones. Por eso es tan relevante el trabajo t\u00e9cnico que desarrolla la serem\u00eda de seguridad, en el que destaca la coordinaci\u00f3n de las polic\u00edas y la prevenci\u00f3n\u201d.<\/p>\n\n\n\n<p>Con la habilitaci\u00f3n de la serem\u00eda de O\u2019Higgins, el Ministerio de Seguridad P\u00fablica contin\u00faa su proceso de instalaci\u00f3n territorial, consolidando as\u00ed de manera progresiva los equipos regionales en el pa\u00eds.<\/p>\n","protected":false},"excerpt":{"rendered":"En la ceremonia, la autoridad destac\u00f3 que las nuevas dependencias consolidan el modelo de gesti\u00f3n territorial de la&hellip;\n","protected":false},"author":1,"featured_media":6427,"comment_status":"open","ping_status":"open","sticky":false,"template":"","format":"standard","meta":{"_monsterinsights_skip_tracking":false,"_monsterinsights_sitenote_active":false,"_monsterinsights_sitenote_note":"","_monsterinsights_sitenote_category":0,"footnotes":""},"categories":[8],"tags":[],"class_list":{"0":"post-6417","1":"post","2":"type-post","3":"status-publish","4":"format-standard","5":"has-post-thumbnail","7":"category-portada"},"aioseo_notices":[],"_links":{"self":[{"href":"https:\/\/www.rengoenlanoticia.cl\/prensa\/wp-json\/wp\/v2\/posts\/6417","targetHints":{"allow":["GET"]}}],"collection":[{"href":"https:\/\/www.rengoenlanoticia.cl\/prensa\/wp-json\/wp\/v2\/posts"}],"about":[{"href":"https:\/\/www.rengoenlanoticia.cl\/prensa\/wp-json\/wp\/v2\/types\/post"}],"author":[{"embeddable":true,"href":"https:\/\/www.rengoenlanoticia.cl\/prensa\/wp-json\/wp\/v2\/users\/1"}],"replies":[{"embeddable":true,"href":"https:\/\/www.rengoenlanoticia.cl\/prensa\/wp-json\/wp\/v2\/comments?post=6417"}],"version-history":[{"count":3,"href":"https:\/\/www.rengoenlanoticia.cl\/prensa\/wp-json\/wp\/v2\/posts\/6417\/revisions"}],"predecessor-version":[{"id":6439,"href":"https:\/\/www.rengoenlanoticia.cl\/prensa\/wp-json\/wp\/v2\/posts\/6417\/revisions\/6439"}],"wp:featuredmedia":[{"embeddable":true,"href":"https:\/\/www.rengoenlanoticia.cl\/prensa\/wp-json\/wp\/v2\/media\/6427"}],"wp:attachment":[{"href":"https:\/\/www.rengoenlanoticia.cl\/prensa\/wp-json\/wp\/v2\/media?parent=6417"}],"wp:term":[{"taxonomy":"category","embeddable":true,"href":"https:\/\/www.rengoenlanoticia.cl\/prensa\/wp-json\/wp\/v2\/categories?post=6417"},{"taxonomy":"post_tag","embeddable":true,"href":"https:\/\/www.rengoenlanoticia.cl\/prensa\/wp-json\/wp\/v2\/tags?post=6417"}],"curies":[{"name":"wp","href":"https:\/\/api.w.org\/{rel}","templated":true}]}}