{"id":6410,"date":"2025-10-04T02:19:44","date_gmt":"2025-10-04T02:19:44","guid":{"rendered":"https:\/\/www.rengoenlanoticia.cl\/prensa\/?p=6410"},"modified":"2025-10-04T02:19:44","modified_gmt":"2025-10-04T02:19:44","slug":"profesionales-de-la-red-refuerzan-conocimientos-en-prevencion-de-cancer-cervicouterino","status":"publish","type":"post","link":"https:\/\/www.rengoenlanoticia.cl\/prensa\/2025\/10\/04\/profesionales-de-la-red-refuerzan-conocimientos-en-prevencion-de-cancer-cervicouterino\/","title":{"rendered":"Profesionales de la red refuerzan conocimientos en prevenci\u00f3n de c\u00e1ncer cervicouterino"},"content":{"rendered":"\n<p>\u00a0Matronas, matrones y encargados GES participaron en una jornada de actualizaci\u00f3n organizada por el Servicio de Salud O\u2019Higgins, enfocada en fortalecer la prevenci\u00f3n, pesquisa y derivaci\u00f3n oportuna del c\u00e1ncer cervicouterino, una de las principales preocupaciones de salud en la regi\u00f3n.<\/p>\n\n\n\n<p>Rancagua, 02 de octubre de 2025.- Una jornada de actualizaci\u00f3n reuni\u00f3 a matronas, matrones y encargados GES de la red de Atenci\u00f3n Primaria del Servicio de Salud O\u2019Higgins, con el objetivo de reforzar el trabajo conjunto en la prevenci\u00f3n, pesquisa y tratamiento oportuno del c\u00e1ncer cervicouterino, uno de los problemas de salud m\u00e1s relevantes en la regi\u00f3n y catalogado como el n\u00famero 3 en las patolog\u00edas GES.<\/p>\n\n\n\n<p>El c\u00e1ncer cervicouterino afecta principalmente a mujeres en edad joven, muchas de ellas madres, lo que lo convierte en una prioridad sanitaria. Conscientes de esta realidad, el Servicio de Salud O\u2019Higgins convoc\u00f3 a profesionales de la atenci\u00f3n primaria para fortalecer sus conocimientos y mejorar los procesos de atenci\u00f3n.<\/p>\n\n\n\n<p><strong>Prevenci\u00f3n y detecci\u00f3n temprana<\/strong><\/p>\n\n\n\n<figure class=\"wp-block-image size-large\"><img loading=\"lazy\" decoding=\"async\" width=\"1024\" height=\"768\" src=\"https:\/\/www.rengoenlanoticia.cl\/prensa\/wp-content\/uploads\/2025\/10\/CACU-5-1024x768.jpeg\" alt=\"\" class=\"wp-image-6413\" srcset=\"https:\/\/www.rengoenlanoticia.cl\/prensa\/wp-content\/uploads\/2025\/10\/CACU-5-1024x768.jpeg 1024w, https:\/\/www.rengoenlanoticia.cl\/prensa\/wp-content\/uploads\/2025\/10\/CACU-5-300x225.jpeg 300w, https:\/\/www.rengoenlanoticia.cl\/prensa\/wp-content\/uploads\/2025\/10\/CACU-5-768x576.jpeg 768w, https:\/\/www.rengoenlanoticia.cl\/prensa\/wp-content\/uploads\/2025\/10\/CACU-5-1536x1152.jpeg 1536w, https:\/\/www.rengoenlanoticia.cl\/prensa\/wp-content\/uploads\/2025\/10\/CACU-5-110x83.jpeg 110w, https:\/\/www.rengoenlanoticia.cl\/prensa\/wp-content\/uploads\/2025\/10\/CACU-5-200x150.jpeg 200w, https:\/\/www.rengoenlanoticia.cl\/prensa\/wp-content\/uploads\/2025\/10\/CACU-5-380x285.jpeg 380w, https:\/\/www.rengoenlanoticia.cl\/prensa\/wp-content\/uploads\/2025\/10\/CACU-5-255x191.jpeg 255w, https:\/\/www.rengoenlanoticia.cl\/prensa\/wp-content\/uploads\/2025\/10\/CACU-5-550x413.jpeg 550w, https:\/\/www.rengoenlanoticia.cl\/prensa\/wp-content\/uploads\/2025\/10\/CACU-5-800x600.jpeg 800w, https:\/\/www.rengoenlanoticia.cl\/prensa\/wp-content\/uploads\/2025\/10\/CACU-5-1160x870.jpeg 1160w, https:\/\/www.rengoenlanoticia.cl\/prensa\/wp-content\/uploads\/2025\/10\/CACU-5.jpeg 1600w\" sizes=\"auto, (max-width: 1024px) 100vw, 1024px\" \/><\/figure>\n\n\n\n<p>Sobre lo anterior, la directora de Atenci\u00f3n Primaria, Carolina Silva, destac\u00f3 la relevancia de la jornada porque permite fortalecer el trabajo de prevenci\u00f3n y detecci\u00f3n temprana del c\u00e1ncer cervicouterino, agregando que \u201cel desaf\u00edo es trabajar coordinados para asegurar que cada mujer reciba una atenci\u00f3n de calidad y dentro de los plazos establecidos, porque sabemos lo importante que es cuidar la salud y la vida de nuestras usuarias\u201d, coment\u00f3.<\/p>\n\n\n\n<p>La jefa del Departamento de Control de la Direcci\u00f3n de Atenci\u00f3n Primaria, Eugenia Lehue, subray\u00f3 que la actividad fue clave para fortalecer la red, en donde \u201clo principal de esta capacitaci\u00f3n tiene que ver con la actualizaci\u00f3n del programa de prevenci\u00f3n de c\u00e1ncer cervicouterino y con reforzar el flujo de atenci\u00f3n, desde que la usuaria accede a los ex\u00e1menes de tamizaje en la atenci\u00f3n primaria hasta que, en caso de ser necesario, es derivada al nivel secundario para tratamiento.\u201d<\/p>\n\n\n\n<p><strong>&nbsp;<\/strong><strong>Perspectiva cl\u00ednica<\/strong><\/p>\n\n\n\n<p><\/p>\n\n\n\n<figure class=\"wp-block-image size-large\"><img loading=\"lazy\" decoding=\"async\" width=\"1024\" height=\"768\" src=\"https:\/\/www.rengoenlanoticia.cl\/prensa\/wp-content\/uploads\/2025\/10\/CACU-2-1024x768.jpeg\" alt=\"\" class=\"wp-image-6412\" srcset=\"https:\/\/www.rengoenlanoticia.cl\/prensa\/wp-content\/uploads\/2025\/10\/CACU-2-1024x768.jpeg 1024w, https:\/\/www.rengoenlanoticia.cl\/prensa\/wp-content\/uploads\/2025\/10\/CACU-2-300x225.jpeg 300w, https:\/\/www.rengoenlanoticia.cl\/prensa\/wp-content\/uploads\/2025\/10\/CACU-2-768x576.jpeg 768w, https:\/\/www.rengoenlanoticia.cl\/prensa\/wp-content\/uploads\/2025\/10\/CACU-2-110x83.jpeg 110w, https:\/\/www.rengoenlanoticia.cl\/prensa\/wp-content\/uploads\/2025\/10\/CACU-2-200x150.jpeg 200w, https:\/\/www.rengoenlanoticia.cl\/prensa\/wp-content\/uploads\/2025\/10\/CACU-2-380x285.jpeg 380w, https:\/\/www.rengoenlanoticia.cl\/prensa\/wp-content\/uploads\/2025\/10\/CACU-2-255x191.jpeg 255w, https:\/\/www.rengoenlanoticia.cl\/prensa\/wp-content\/uploads\/2025\/10\/CACU-2-550x413.jpeg 550w, https:\/\/www.rengoenlanoticia.cl\/prensa\/wp-content\/uploads\/2025\/10\/CACU-2-800x600.jpeg 800w, https:\/\/www.rengoenlanoticia.cl\/prensa\/wp-content\/uploads\/2025\/10\/CACU-2-1160x870.jpeg 1160w, https:\/\/www.rengoenlanoticia.cl\/prensa\/wp-content\/uploads\/2025\/10\/CACU-2.jpeg 1280w\" sizes=\"auto, (max-width: 1024px) 100vw, 1024px\" \/><\/figure>\n\n\n\n<p>El doctor Paulo Salgado, ginec\u00f3logo onc\u00f3logo del Hospital Regional Franco Ravera Zunino, fue uno de los expositores. Su intervenci\u00f3n estuvo centrada en la importancia de la pesquisa y la derivaci\u00f3n correcta, \u201cactualizamos principalmente el manejo y derivaci\u00f3n de las probables lesiones del cuello del \u00fatero, para que las matronas cuenten con m\u00e1s herramientas y realicen buenas derivaciones a las unidades de patolog\u00eda cervical. Todo apunta a disminuir las tasas de c\u00e1ncer, sobre todo en mujeres j\u00f3venes, que muchas veces son madres de ni\u00f1os peque\u00f1os\u201d.<\/p>\n\n\n\n<p>Por su parte, Constanza \u00c1vila, coordinadora subrogante del subdepartamento GES, puso \u00e9nfasis en la organizaci\u00f3n de los procesos y la importancia de la prevenci\u00f3n, ya que \u201ceste problema de salud es altamente relevante en la regi\u00f3n y debemos reforzar el tamizaje. Concientizar a la poblaci\u00f3n sobre la importancia de realizarse el PAP es clave para prevenir. Tambi\u00e9n debemos mejorar la oportunidad de acceso a prestaciones y tratamientos para que las usuarias lleguen en tiempos m\u00e1s acotados\u201d.<\/p>\n\n\n\n<p><strong>Voz desde la atenci\u00f3n primaria<\/strong><\/p>\n\n\n\n<p>La jornada tambi\u00e9n recogi\u00f3 las impresiones de quienes viven d\u00eda a d\u00eda la atenci\u00f3n en los centros de salud. Valentina Acevedo, matrona del Cesfam de Las Cabras, valor\u00f3 la capacitaci\u00f3n encontr\u00e1ndola \u201cmuy importante porque, aunque el c\u00e1ncer cervicouterino no afecta a tanta poblaci\u00f3n, s\u00ed tiene una tasa de mortalidad alta. Nuestra regi\u00f3n est\u00e1 sobre el promedio nacional, por eso es esencial que nos actualicemos para entregar mejores herramientas y una atenci\u00f3n de mayor calidad a la comunidad\u201d.<\/p>\n\n\n\n<p><strong>Compromiso con la salud de las mujeres<\/strong><\/p>\n\n\n\n<p>La actualizaci\u00f3n del programa de prevenci\u00f3n de c\u00e1ncer cervicouterino en la regi\u00f3n refuerza el compromiso de la red asistencial con la salud de las mujeres. Profesionales capacitados y procesos coordinados entre los distintos niveles de atenci\u00f3n permiten no solo cumplir con las garant\u00edas GES, sino sobre todo salvar vidas. Cada examen, cada pesquisa y cada derivaci\u00f3n correcta representan la posibilidad de un futuro m\u00e1s seguro y saludable para cientos de mujeres en la Regi\u00f3n de O\u2019Higgins.<\/p>\n","protected":false},"excerpt":{"rendered":"\u00a0Matronas, matrones y encargados GES participaron en una jornada de actualizaci\u00f3n organizada por el Servicio de Salud O\u2019Higgins,&hellip;\n","protected":false},"author":1,"featured_media":6411,"comment_status":"open","ping_status":"open","sticky":false,"template":"","format":"standard","meta":{"_monsterinsights_skip_tracking":false,"_monsterinsights_sitenote_active":false,"_monsterinsights_sitenote_note":"","_monsterinsights_sitenote_category":0,"footnotes":""},"categories":[8],"tags":[],"class_list":{"0":"post-6410","1":"post","2":"type-post","3":"status-publish","4":"format-standard","5":"has-post-thumbnail","7":"category-portada"},"aioseo_notices":[],"_links":{"self":[{"href":"https:\/\/www.rengoenlanoticia.cl\/prensa\/wp-json\/wp\/v2\/posts\/6410","targetHints":{"allow":["GET"]}}],"collection":[{"href":"https:\/\/www.rengoenlanoticia.cl\/prensa\/wp-json\/wp\/v2\/posts"}],"about":[{"href":"https:\/\/www.rengoenlanoticia.cl\/prensa\/wp-json\/wp\/v2\/types\/post"}],"author":[{"embeddable":true,"href":"https:\/\/www.rengoenlanoticia.cl\/prensa\/wp-json\/wp\/v2\/users\/1"}],"replies":[{"embeddable":true,"href":"https:\/\/www.rengoenlanoticia.cl\/prensa\/wp-json\/wp\/v2\/comments?post=6410"}],"version-history":[{"count":3,"href":"https:\/\/www.rengoenlanoticia.cl\/prensa\/wp-json\/wp\/v2\/posts\/6410\/revisions"}],"predecessor-version":[{"id":6435,"href":"https:\/\/www.rengoenlanoticia.cl\/prensa\/wp-json\/wp\/v2\/posts\/6410\/revisions\/6435"}],"wp:featuredmedia":[{"embeddable":true,"href":"https:\/\/www.rengoenlanoticia.cl\/prensa\/wp-json\/wp\/v2\/media\/6411"}],"wp:attachment":[{"href":"https:\/\/www.rengoenlanoticia.cl\/prensa\/wp-json\/wp\/v2\/media?parent=6410"}],"wp:term":[{"taxonomy":"category","embeddable":true,"href":"https:\/\/www.rengoenlanoticia.cl\/prensa\/wp-json\/wp\/v2\/categories?post=6410"},{"taxonomy":"post_tag","embeddable":true,"href":"https:\/\/www.rengoenlanoticia.cl\/prensa\/wp-json\/wp\/v2\/tags?post=6410"}],"curies":[{"name":"wp","href":"https:\/\/api.w.org\/{rel}","templated":true}]}}