{"id":6406,"date":"2025-10-02T14:41:08","date_gmt":"2025-10-02T14:41:08","guid":{"rendered":"https:\/\/www.rengoenlanoticia.cl\/prensa\/?p=6406"},"modified":"2025-10-02T14:41:09","modified_gmt":"2025-10-02T14:41:09","slug":"diputada-natalia-romero-exige-aclarar-despilfarro-de-513-millones-en-implementacion-de-la-ley-uber","status":"publish","type":"post","link":"https:\/\/www.rengoenlanoticia.cl\/prensa\/2025\/10\/02\/diputada-natalia-romero-exige-aclarar-despilfarro-de-513-millones-en-implementacion-de-la-ley-uber\/","title":{"rendered":"Diputada Natalia Romero exige aclarar despilfarro de $513 millones en implementaci\u00f3n de la \u201cLey Uber\u201d"},"content":{"rendered":"\n<p>La legisladora remiti\u00f3 los antecedentes a la Contralor\u00eda para que investigue el trato directo realizado por la Subsecretar\u00eda de Transportes y los montos involucrados, as\u00ed como tambi\u00e9n al CDE para que estudie la interposici\u00f3n de una querella por los eventuales delitos.<\/p>\n\n\n\n<p>La diputada de la Regi\u00f3n de O&#8217;Higgins, Natalia Romero (Ind. UDI), anunci\u00f3 que ofici\u00f3 a la Contralor\u00eda General de la Rep\u00fablica y al Consejo de Defensa del Estado (CDE) para que se inicien las investigaciones correspondientes y se estudie la presentaci\u00f3n de acciones judiciales, luego de conocerse el despilfarro de m\u00e1s de $513 millones en la Subsecretar\u00eda de Transportes en el marco de la implementaci\u00f3n de la nueva \u201cLey de Empresas de Aplicaciones de Transporte\u201d, m\u00e1s conocida como \u201cLey Uber\u201d.<\/p>\n\n\n\n<p>De acuerdo a lo revelado por el programa Informe Especial, el Ministerio de Transportes debi\u00f3 poner t\u00e9rmino anticipado al contrato firmado con la empresa Concordia Ediciones SpA, encargada de desarrollar el Registro de Empresas de Transporte (EAT), plataforma destinada a alojar la informaci\u00f3n de conductores, pasajeros y viajes. El contrato \u2014por un total de 13 mil UF\u2014 fue rescindido en agosto pasado debido a graves incumplimientos y falencias en el servicio.<\/p>\n\n\n\n<p>Romero expres\u00f3 su profunda preocupaci\u00f3n, no solo por los m\u00e1s de $513 millones malgastados, sino tambi\u00e9n por los casi $800 millones adicionales que el Ejecutivo habr\u00eda destinado para contratar a una nueva empresa, es decir, un 55% m\u00e1s del presupuesto original.<\/p>\n\n\n\n<p>\u201cEstamos frente a un despilfarro millonario de recursos p\u00fablicos, del cual el Ejecutivo no puede desentenderse, porque fueron ellos quienes contrataron v\u00eda trato directo a esta empresa y ten\u00edan la obligaci\u00f3n de planificar y supervisar el desarrollo de esta plataforma, lo que evidentemente no hicieron\u201d, se\u00f1al\u00f3 la parlamentaria.<\/p>\n\n\n\n<p>En esa l\u00ednea, la diputada detall\u00f3 que remiti\u00f3 los antecedentes a la Contralor\u00eda para que investigue el trato directo realizado por la Subsecretar\u00eda de Transportes y los montos involucrados, as\u00ed como tambi\u00e9n al CDE para que estudie la interposici\u00f3n de una querella por los eventuales delitos que pudieran configurarse.<\/p>\n\n\n\n<p>Asimismo, Romero solicitar\u00e1 a la comisi\u00f3n de Obras P\u00fablicas y Transportes de la C\u00e1mara de Diputados citar con urgencia al ministro de Transportes, Juan Carlos Mu\u00f1oz, y al subsecretario Jorge Daza, con el objetivo de que entreguen mayores antecedentes sobre lo ocurrido.<\/p>\n\n\n\n<p>\u201cAqu\u00ed no solo hay recursos p\u00fablicos que se deben recuperar, sino que adem\u00e1s existen responsabilidades pol\u00edticas y administrativas que deben asumirse. El pa\u00eds merece una explicaci\u00f3n clara y transparente, y lo m\u00ednimo que corresponde es que las autoridades den la cara en el Congreso para responder por este grave perjuicio fiscal\u201d, enfatiz\u00f3.<\/p>\n\n\n\n<p>Finalmente, la parlamentaria record\u00f3 que desde la UDI han manifestado reparos a la aplicaci\u00f3n de la \u201cLey Uber\u201d y reiter\u00f3 que, ante esta situaci\u00f3n, es evidente la necesidad de postergar su entrada en vigencia hasta que no se resuelvan los problemas detectados.<\/p>\n","protected":false},"excerpt":{"rendered":"La legisladora remiti\u00f3 los antecedentes a la Contralor\u00eda para que investigue el trato directo realizado por la Subsecretar\u00eda&hellip;\n","protected":false},"author":2,"featured_media":6407,"comment_status":"open","ping_status":"open","sticky":false,"template":"","format":"standard","meta":{"_monsterinsights_skip_tracking":false,"_monsterinsights_sitenote_active":false,"_monsterinsights_sitenote_note":"","_monsterinsights_sitenote_category":0,"footnotes":""},"categories":[1],"tags":[],"class_list":{"0":"post-6406","1":"post","2":"type-post","3":"status-publish","4":"format-standard","5":"has-post-thumbnail","7":"category-uncategorized"},"aioseo_notices":[],"_links":{"self":[{"href":"https:\/\/www.rengoenlanoticia.cl\/prensa\/wp-json\/wp\/v2\/posts\/6406","targetHints":{"allow":["GET"]}}],"collection":[{"href":"https:\/\/www.rengoenlanoticia.cl\/prensa\/wp-json\/wp\/v2\/posts"}],"about":[{"href":"https:\/\/www.rengoenlanoticia.cl\/prensa\/wp-json\/wp\/v2\/types\/post"}],"author":[{"embeddable":true,"href":"https:\/\/www.rengoenlanoticia.cl\/prensa\/wp-json\/wp\/v2\/users\/2"}],"replies":[{"embeddable":true,"href":"https:\/\/www.rengoenlanoticia.cl\/prensa\/wp-json\/wp\/v2\/comments?post=6406"}],"version-history":[{"count":2,"href":"https:\/\/www.rengoenlanoticia.cl\/prensa\/wp-json\/wp\/v2\/posts\/6406\/revisions"}],"predecessor-version":[{"id":6409,"href":"https:\/\/www.rengoenlanoticia.cl\/prensa\/wp-json\/wp\/v2\/posts\/6406\/revisions\/6409"}],"wp:featuredmedia":[{"embeddable":true,"href":"https:\/\/www.rengoenlanoticia.cl\/prensa\/wp-json\/wp\/v2\/media\/6407"}],"wp:attachment":[{"href":"https:\/\/www.rengoenlanoticia.cl\/prensa\/wp-json\/wp\/v2\/media?parent=6406"}],"wp:term":[{"taxonomy":"category","embeddable":true,"href":"https:\/\/www.rengoenlanoticia.cl\/prensa\/wp-json\/wp\/v2\/categories?post=6406"},{"taxonomy":"post_tag","embeddable":true,"href":"https:\/\/www.rengoenlanoticia.cl\/prensa\/wp-json\/wp\/v2\/tags?post=6406"}],"curies":[{"name":"wp","href":"https:\/\/api.w.org\/{rel}","templated":true}]}}