{"id":6399,"date":"2025-10-02T14:04:19","date_gmt":"2025-10-02T14:04:19","guid":{"rendered":"https:\/\/www.rengoenlanoticia.cl\/prensa\/?p=6399"},"modified":"2025-10-02T14:04:35","modified_gmt":"2025-10-02T14:04:35","slug":"actor-renguino-rumbo-a-los-premios-oscar","status":"publish","type":"post","link":"https:\/\/www.rengoenlanoticia.cl\/prensa\/2025\/10\/02\/actor-renguino-rumbo-a-los-premios-oscar\/","title":{"rendered":"Actor renguino rumbo a los premios Oscar\u00a0"},"content":{"rendered":"\n<p>Se trata del actor y gestor cultural renguino&nbsp;<strong>Leonardo Pizarro&nbsp;<\/strong>que se proyecta ahora hacia la alfombra roja de los Oscar con un rol en la reciente producci\u00f3n cinematogr\u00e1fica nacional. Adem\u00e1s de su faceta actoral, Pizarro participa como productor de&nbsp;<strong>FECIR Festival Internacional de Cine de Rengo<\/strong>&nbsp;y coordinador de la pr\u00f3xima apertura de&nbsp;<strong>Sala Cero Rengo<\/strong>, una sala de cine independiente que buscar\u00e1 fortalecer el ecosistema cultural en la comuna.<\/p>\n\n\n\n<figure class=\"wp-block-image size-large\"><img loading=\"lazy\" decoding=\"async\" width=\"1024\" height=\"576\" src=\"https:\/\/www.rengoenlanoticia.cl\/prensa\/wp-content\/uploads\/2025\/10\/Leonardo-Pizarro-2-1024x576.jpg\" alt=\"\" class=\"wp-image-6403\" srcset=\"https:\/\/www.rengoenlanoticia.cl\/prensa\/wp-content\/uploads\/2025\/10\/Leonardo-Pizarro-2-1024x576.jpg 1024w, https:\/\/www.rengoenlanoticia.cl\/prensa\/wp-content\/uploads\/2025\/10\/Leonardo-Pizarro-2-300x169.jpg 300w, https:\/\/www.rengoenlanoticia.cl\/prensa\/wp-content\/uploads\/2025\/10\/Leonardo-Pizarro-2-768x432.jpg 768w, https:\/\/www.rengoenlanoticia.cl\/prensa\/wp-content\/uploads\/2025\/10\/Leonardo-Pizarro-2-1536x864.jpg 1536w, https:\/\/www.rengoenlanoticia.cl\/prensa\/wp-content\/uploads\/2025\/10\/Leonardo-Pizarro-2-110x62.jpg 110w, https:\/\/www.rengoenlanoticia.cl\/prensa\/wp-content\/uploads\/2025\/10\/Leonardo-Pizarro-2-200x113.jpg 200w, https:\/\/www.rengoenlanoticia.cl\/prensa\/wp-content\/uploads\/2025\/10\/Leonardo-Pizarro-2-380x214.jpg 380w, https:\/\/www.rengoenlanoticia.cl\/prensa\/wp-content\/uploads\/2025\/10\/Leonardo-Pizarro-2-255x143.jpg 255w, https:\/\/www.rengoenlanoticia.cl\/prensa\/wp-content\/uploads\/2025\/10\/Leonardo-Pizarro-2-550x309.jpg 550w, https:\/\/www.rengoenlanoticia.cl\/prensa\/wp-content\/uploads\/2025\/10\/Leonardo-Pizarro-2-800x450.jpg 800w, https:\/\/www.rengoenlanoticia.cl\/prensa\/wp-content\/uploads\/2025\/10\/Leonardo-Pizarro-2-1160x653.jpg 1160w, https:\/\/www.rengoenlanoticia.cl\/prensa\/wp-content\/uploads\/2025\/10\/Leonardo-Pizarro-2.jpg 1920w\" sizes=\"auto, (max-width: 1024px) 100vw, 1024px\" \/><\/figure>\n\n\n\n<p>La pel\u00edcula en la que participa, \u201c<strong><em>La misteriosa mirada del flamenco\u201d<\/em><\/strong>&nbsp;(2025), dirigida por Diego C\u00e9spedes, fue merecedora del premio&nbsp;<strong>Un Certain Regard<\/strong>&nbsp;en el prestigioso Festival de Cine de Cannes y acaba de ganar dos premios m\u00e1s en el Festival de Cine de San Sebasti\u00e1n. Asimismo, ha sido seleccionada por la&nbsp;<strong>Academia de Cine de Chile<\/strong>&nbsp;para representar al pa\u00eds en los premios&nbsp;<strong>\u00d3scar 2026<\/strong>&nbsp;(en la categor\u00eda Mejor Pel\u00edcula Internacional) y en los&nbsp;<strong>Goya 2026<\/strong>&nbsp;(Mejor Pel\u00edcula Iberoamericana). En su trama, la obra ambientada en la d\u00e9cada de 1980 en el norte chileno narra la vida de&nbsp;<strong>Lidia<\/strong>, una ni\u00f1a de once a\u00f1os que forma parte de una comunidad de mujeres trans en un pueblo minero, frente a un brote de una enfermedad misteriosa.<\/p>\n\n\n\n<figure class=\"wp-block-image size-large\"><img loading=\"lazy\" decoding=\"async\" width=\"1024\" height=\"576\" src=\"https:\/\/www.rengoenlanoticia.cl\/prensa\/wp-content\/uploads\/2025\/10\/La-misteriosa-1-1024x576.jpg\" alt=\"\" class=\"wp-image-6401\" srcset=\"https:\/\/www.rengoenlanoticia.cl\/prensa\/wp-content\/uploads\/2025\/10\/La-misteriosa-1-1024x576.jpg 1024w, https:\/\/www.rengoenlanoticia.cl\/prensa\/wp-content\/uploads\/2025\/10\/La-misteriosa-1-300x169.jpg 300w, https:\/\/www.rengoenlanoticia.cl\/prensa\/wp-content\/uploads\/2025\/10\/La-misteriosa-1-768x432.jpg 768w, https:\/\/www.rengoenlanoticia.cl\/prensa\/wp-content\/uploads\/2025\/10\/La-misteriosa-1-1536x864.jpg 1536w, https:\/\/www.rengoenlanoticia.cl\/prensa\/wp-content\/uploads\/2025\/10\/La-misteriosa-1-110x62.jpg 110w, https:\/\/www.rengoenlanoticia.cl\/prensa\/wp-content\/uploads\/2025\/10\/La-misteriosa-1-200x113.jpg 200w, https:\/\/www.rengoenlanoticia.cl\/prensa\/wp-content\/uploads\/2025\/10\/La-misteriosa-1-380x214.jpg 380w, https:\/\/www.rengoenlanoticia.cl\/prensa\/wp-content\/uploads\/2025\/10\/La-misteriosa-1-255x143.jpg 255w, https:\/\/www.rengoenlanoticia.cl\/prensa\/wp-content\/uploads\/2025\/10\/La-misteriosa-1-550x309.jpg 550w, https:\/\/www.rengoenlanoticia.cl\/prensa\/wp-content\/uploads\/2025\/10\/La-misteriosa-1-800x450.jpg 800w, https:\/\/www.rengoenlanoticia.cl\/prensa\/wp-content\/uploads\/2025\/10\/La-misteriosa-1-1160x653.jpg 1160w, https:\/\/www.rengoenlanoticia.cl\/prensa\/wp-content\/uploads\/2025\/10\/La-misteriosa-1.jpg 1920w\" sizes=\"auto, (max-width: 1024px) 100vw, 1024px\" \/><\/figure>\n\n\n\n<p>Este ya es su segundo largometraje, pero en un inicio Pizarro comenz\u00f3 actuando en recreaciones audiovisuales y cortometrajes del cineasta renguino Guillermo P\u00e9rez G\u00e1lvez como la obra \u201cEl \u00faltimo vuelo\u201d (2019), pasando a protagonizar el segundo cap\u00edtulo de la serie financiada con fondos del CNTV \u201cChuchunco City\u201d dirigida por Macarena Monros (2020) y al siguiente a\u00f1o protagonista de la pel\u00edcula \u201cCada uno tiene su cada uno\u201d (2021) del director Alexis Donoso.&nbsp;<\/p>\n\n\n\n<p>Actualmente, se encuentra en pleno desarrollo de un personaje para la nueva producci\u00f3n de P\u00e9rez G\u00e1lvez, que esperan grabar en los pr\u00f3ximos meses en la comuna de Rengo, fortaleciendo as\u00ed una plataforma local de cine emergente. Paralelamente,&nbsp; se encuentran coordinando actividades de Sala Cero Rengo, proyecto que busca convertirse en una sala de cine con programaci\u00f3n variada y permanente de cine en Rengo.&nbsp;<\/p>\n","protected":false},"excerpt":{"rendered":"Se trata del actor y gestor cultural renguino&nbsp;Leonardo Pizarro&nbsp;que se proyecta ahora hacia la alfombra roja de los&hellip;\n","protected":false},"author":1,"featured_media":6402,"comment_status":"open","ping_status":"open","sticky":false,"template":"","format":"standard","meta":{"_monsterinsights_skip_tracking":false,"_monsterinsights_sitenote_active":false,"_monsterinsights_sitenote_note":"","_monsterinsights_sitenote_category":0,"footnotes":""},"categories":[8],"tags":[],"class_list":{"0":"post-6399","1":"post","2":"type-post","3":"status-publish","4":"format-standard","5":"has-post-thumbnail","7":"category-portada"},"aioseo_notices":[],"_links":{"self":[{"href":"https:\/\/www.rengoenlanoticia.cl\/prensa\/wp-json\/wp\/v2\/posts\/6399","targetHints":{"allow":["GET"]}}],"collection":[{"href":"https:\/\/www.rengoenlanoticia.cl\/prensa\/wp-json\/wp\/v2\/posts"}],"about":[{"href":"https:\/\/www.rengoenlanoticia.cl\/prensa\/wp-json\/wp\/v2\/types\/post"}],"author":[{"embeddable":true,"href":"https:\/\/www.rengoenlanoticia.cl\/prensa\/wp-json\/wp\/v2\/users\/1"}],"replies":[{"embeddable":true,"href":"https:\/\/www.rengoenlanoticia.cl\/prensa\/wp-json\/wp\/v2\/comments?post=6399"}],"version-history":[{"count":2,"href":"https:\/\/www.rengoenlanoticia.cl\/prensa\/wp-json\/wp\/v2\/posts\/6399\/revisions"}],"predecessor-version":[{"id":6405,"href":"https:\/\/www.rengoenlanoticia.cl\/prensa\/wp-json\/wp\/v2\/posts\/6399\/revisions\/6405"}],"wp:featuredmedia":[{"embeddable":true,"href":"https:\/\/www.rengoenlanoticia.cl\/prensa\/wp-json\/wp\/v2\/media\/6402"}],"wp:attachment":[{"href":"https:\/\/www.rengoenlanoticia.cl\/prensa\/wp-json\/wp\/v2\/media?parent=6399"}],"wp:term":[{"taxonomy":"category","embeddable":true,"href":"https:\/\/www.rengoenlanoticia.cl\/prensa\/wp-json\/wp\/v2\/categories?post=6399"},{"taxonomy":"post_tag","embeddable":true,"href":"https:\/\/www.rengoenlanoticia.cl\/prensa\/wp-json\/wp\/v2\/tags?post=6399"}],"curies":[{"name":"wp","href":"https:\/\/api.w.org\/{rel}","templated":true}]}}