{"id":6392,"date":"2025-10-02T13:58:48","date_gmt":"2025-10-02T13:58:48","guid":{"rendered":"https:\/\/www.rengoenlanoticia.cl\/prensa\/?p=6392"},"modified":"2025-10-02T13:59:41","modified_gmt":"2025-10-02T13:59:41","slug":"comision-de-salud-del-core-aprueba-por-unanimidad-diseno-del-cesfam-de-pumanque-con-inversion-de-mas-de-129-millones","status":"publish","type":"post","link":"https:\/\/www.rengoenlanoticia.cl\/prensa\/2025\/10\/02\/comision-de-salud-del-core-aprueba-por-unanimidad-diseno-del-cesfam-de-pumanque-con-inversion-de-mas-de-129-millones\/","title":{"rendered":"Comisi\u00f3n de Salud del CORE aprueba por unanimidad dise\u00f1o del Cesfam de Pumanque con inversi\u00f3n de m\u00e1s de $129 millones"},"content":{"rendered":"\n<p>\u00a0El Consejo Regional dio luz verde al dise\u00f1o del establecimiento, un proyecto largamente esperado que permitir\u00e1 entregar atenci\u00f3n digna, moderna e integral a las m\u00e1s de 5 mil personas de la comuna.<\/p>\n\n\n\n<p><em>Rancagua, 01 de octubre de 2025.-&nbsp;<\/em>Un sue\u00f1o largamente anhelado comienza a tomar forma para las familias de Pumanque. La Comisi\u00f3n de Salud del Consejo Regional aprob\u00f3 por unanimidad el dise\u00f1o del futuro Centro de Salud Familiar (Cesfam) de la comuna, con una inversi\u00f3n de sobre $129 millones que marca el inicio de un camino hacia mejores condiciones de atenci\u00f3n en salud.<\/p>\n\n\n\n<p>El proyecto busca dotar a la comunidad de una infraestructura moderna, con m\u00e1s espacios, equipamiento de calidad y atenci\u00f3n integral para sus m\u00e1s de 5 mil habitantes, respondiendo a una necesidad sentida por a\u00f1os en un territorio que hasta ahora ha funcionado solo con una posta rural.<\/p>\n\n\n\n<p>La directora de Atenci\u00f3n Primaria del Servicio de Salud O\u2019Higgins, Carolina Silva, destac\u00f3 la importancia del hito, se\u00f1alando que \u201cva a permitir tener una infraestructura acorde a las necesidades de salud de los usuarios. Esto, sin duda, mejora la calidad, la oportunidad y la dignidad en la atenci\u00f3n\u201d.<\/p>\n\n\n\n<p>Por su parte, la presidenta de la Comisi\u00f3n de Salud del CORE, Rosa Zacconi, subray\u00f3 el car\u00e1cter hist\u00f3rico de la decisi\u00f3n, recordando que Pumanque es la \u00fanica de las 33 comunas de la regi\u00f3n donde el establecimiento de mayor complejidad es una posta. \u201cEste avance es un tema de dignidad y de justicia. Hoy aprobamos $129 millones para el dise\u00f1o, lo que tomar\u00e1 alrededor de un a\u00f1o. Luego, vendr\u00e1 la ejecuci\u00f3n y la construcci\u00f3n, un proceso que tardar\u00e1 dos o tres a\u00f1os m\u00e1s\u201d, puntualiz\u00f3.<\/p>\n\n\n\n<p>El alcalde de Pumanque, Gonzalo Barahona, tambi\u00e9n comparti\u00f3 su satisfacci\u00f3n, afirmando sentirse \u201corgulloso de representar a la comunidad en esta instancia y traer esta gran noticia. Los consejeros regionales escucharon nuestra necesidad y aprobaron por unanimidad este proyecto. Han sido m\u00e1s de tres a\u00f1os y medio de trabajo, y hoy podemos decirle a la comunidad que este sue\u00f1o empieza a tomar forma. Agradezco especialmente al Servicio de Salud y a los consejeros que hicieron posible este avance\u201d.<\/p>\n\n\n\n<p>El nuevo Cesfam no solo representar\u00e1 una infraestructura y un equipamiento modernos, sino tambi\u00e9n dignidad y equidad en salud para los habitantes de Pumanque. La aprobaci\u00f3n del dise\u00f1o es apenas el primer paso, pero constituye una se\u00f1al clara de que la salud de la comuna avanza hacia un futuro m\u00e1s justo, cercano y humano.<\/p>\n\n\n\n<p>Con esto, solo falta la aprobaci\u00f3n del pleno del Consejo Regional para materializar este proyecto tan importante para la salud p\u00fablica de la regi\u00f3n de O\u2019Higgins.<\/p>\n","protected":false},"excerpt":{"rendered":"\u00a0El Consejo Regional dio luz verde al dise\u00f1o del establecimiento, un proyecto largamente esperado que permitir\u00e1 entregar atenci\u00f3n&hellip;\n","protected":false},"author":1,"featured_media":6393,"comment_status":"open","ping_status":"open","sticky":false,"template":"","format":"standard","meta":{"_monsterinsights_skip_tracking":false,"_monsterinsights_sitenote_active":false,"_monsterinsights_sitenote_note":"","_monsterinsights_sitenote_category":0,"footnotes":""},"categories":[8],"tags":[],"class_list":{"0":"post-6392","1":"post","2":"type-post","3":"status-publish","4":"format-standard","5":"has-post-thumbnail","7":"category-portada"},"aioseo_notices":[],"_links":{"self":[{"href":"https:\/\/www.rengoenlanoticia.cl\/prensa\/wp-json\/wp\/v2\/posts\/6392","targetHints":{"allow":["GET"]}}],"collection":[{"href":"https:\/\/www.rengoenlanoticia.cl\/prensa\/wp-json\/wp\/v2\/posts"}],"about":[{"href":"https:\/\/www.rengoenlanoticia.cl\/prensa\/wp-json\/wp\/v2\/types\/post"}],"author":[{"embeddable":true,"href":"https:\/\/www.rengoenlanoticia.cl\/prensa\/wp-json\/wp\/v2\/users\/1"}],"replies":[{"embeddable":true,"href":"https:\/\/www.rengoenlanoticia.cl\/prensa\/wp-json\/wp\/v2\/comments?post=6392"}],"version-history":[{"count":2,"href":"https:\/\/www.rengoenlanoticia.cl\/prensa\/wp-json\/wp\/v2\/posts\/6392\/revisions"}],"predecessor-version":[{"id":6400,"href":"https:\/\/www.rengoenlanoticia.cl\/prensa\/wp-json\/wp\/v2\/posts\/6392\/revisions\/6400"}],"wp:featuredmedia":[{"embeddable":true,"href":"https:\/\/www.rengoenlanoticia.cl\/prensa\/wp-json\/wp\/v2\/media\/6393"}],"wp:attachment":[{"href":"https:\/\/www.rengoenlanoticia.cl\/prensa\/wp-json\/wp\/v2\/media?parent=6392"}],"wp:term":[{"taxonomy":"category","embeddable":true,"href":"https:\/\/www.rengoenlanoticia.cl\/prensa\/wp-json\/wp\/v2\/categories?post=6392"},{"taxonomy":"post_tag","embeddable":true,"href":"https:\/\/www.rengoenlanoticia.cl\/prensa\/wp-json\/wp\/v2\/tags?post=6392"}],"curies":[{"name":"wp","href":"https:\/\/api.w.org\/{rel}","templated":true}]}}