{"id":6389,"date":"2025-10-02T13:56:32","date_gmt":"2025-10-02T13:56:32","guid":{"rendered":"https:\/\/www.rengoenlanoticia.cl\/prensa\/?p=6389"},"modified":"2025-10-02T13:56:58","modified_gmt":"2025-10-02T13:56:58","slug":"encuentro-ruteros-2025-sostenibilidad-y-vinculacion-como-ejes-de-la-formacion-tecnico-profesional","status":"publish","type":"post","link":"https:\/\/www.rengoenlanoticia.cl\/prensa\/2025\/10\/02\/encuentro-ruteros-2025-sostenibilidad-y-vinculacion-como-ejes-de-la-formacion-tecnico-profesional\/","title":{"rendered":"Encuentro Ruteros 2025: Sostenibilidad y vinculaci\u00f3n como ejes de la formaci\u00f3n T\u00e9cnico Profesional"},"content":{"rendered":"\n<p><\/p>\n\n\n\n<p>Empresas como Sodexo, Codelco divisi\u00f3n El Teniente, Metrogas, Geossuport y Achs participaron del evento, adem\u00e1s de representantes de 26 liceos TP de la regi\u00f3n.<\/p>\n\n\n\n<p>La Corporaci\u00f3n Pro O\u2019Higgins realiz\u00f3 la segunda versi\u00f3n del <strong>Encuentro Ruteros<\/strong>, en el marco del programa de transferencia tecnol\u00f3gica <em>En Ruta TP<\/em>, que en esta oportunidad tuvo como eje central la sostenibilidad. La actividad se llev\u00f3 a cabo en la sede Mill\u00e1n Rancagua de Codelco Divisi\u00f3n El Teniente, convocando a representantes de liceos T\u00e9cnico Profesionales y empresas de la regi\u00f3n.<\/p>\n\n\n\n<p>El encuentro cont\u00f3 con la exposici\u00f3n de <strong>Camila Opazo, Jefe de Sostenibilidad Zona Sur de Sodexo<\/strong>, quien comparti\u00f3 c\u00f3mo este enfoque gu\u00eda el quehacer de la compa\u00f1\u00eda, inspirando a los presentes a integrar la sostenibilidad en sus procesos. <em>\u201cHay harta motivaci\u00f3n de conocer temas de sostenibilidad principalmente en los liceos t\u00e9cnico profesional. Se quedaron con la tarea de integrar este prop\u00f3sito en sus planes de trabajo; pueden partir identificando qu\u00e9 los mueve, visualizar en sus instituciones qui\u00e9nes son los l\u00edderes de la tem\u00e1tica e ir difundiendo, adem\u00e1s de investigar sobre la <\/em><em>Agenda de Desarrollo Sostenible de la ONU y <\/em><em>los Objetivos de Desarrollo Sostenible y c\u00f3mo pueden impactar principalmente al Nro. 4 que se refiere a la calidad de la educaci\u00f3n\u201d<\/em>, se\u00f1al\u00f3.<\/p>\n\n\n\n<p>Por su parte, <strong>Braulio Guzm\u00e1n, gerente general de Pro O\u2019Higgins<\/strong>, enfatiz\u00f3 la necesidad de fortalecer la vinculaci\u00f3n entre liceos y empresas: <em>\u201cNo se concibe la vocaci\u00f3n t\u00e9cnico profesional sin una conexi\u00f3n efectiva y permanente con la actividad productiva. El prop\u00f3sito final de un liceo TP es vincularse con el mundo productivo. Y las empresas deben preocuparse por esa formaci\u00f3n porque el d\u00eda de ma\u00f1ana ellos ser\u00e1n sus futuros trabajadores. Tenemos una visi\u00f3n com\u00fan y este encuentro es para hacer \u00e9nfasis en lo que hemos dicho: la vinculaci\u00f3n de liceos, de todas las especialidades \u2013 empresas, de todo tama\u00f1o; debe ser algo natural\u201d<\/em>.<\/p>\n\n\n\n<p>Desde el mundo educativo, los testimonios tambi\u00e9n reflejaron el valor de la jornada. Ang\u00e9lica Hern\u00e1ndez, coordinadora TP del Liceo Municipal de Requ\u00ednoa, destac\u00f3: <em>\u201cLa jornada me pareci\u00f3 muy interesante porque nos actualiza en conceptos que son b\u00e1sicos y que necesitamos conocer, mejor aun directamente del mundo empresarial para tenerlos en cuenta en nuestros liceos\u201d<\/em>.<\/p>\n\n\n\n<p>En la misma l\u00ednea, \u00d3scar Mu\u00f1oz, director del Liceo Eduardo Charme de San Fernando, se\u00f1al\u00f3: <em>\u201cEs importante sensibilizar a las comunidades educativas en relaci\u00f3n al cuidado del medio ambiente y al desarrollo sostenible. Esta actividad nos compromete a\u00fan m\u00e1s. El programa En Ruta TP permite fortalecer las competencias de egreso de los estudiantes de forma considerable, logrando esta vinculaci\u00f3n permanente con las empresas\u201d<\/em>.<\/p>\n\n\n\n<p>Esta segunda versi\u00f3n del <strong>Encuentro Ruteros<\/strong> fue un espacio que promovi\u00f3 la colaboraci\u00f3n entre el mundo educativo y empresarial, impulsando la sostenibilidad y fortaleciendo la formaci\u00f3n T\u00e9cnico Profesional en la Regi\u00f3n de O\u2019Higgins.<\/p>\n\n\n\n<figure class=\"wp-block-image size-large\"><img loading=\"lazy\" decoding=\"async\" width=\"1024\" height=\"461\" src=\"https:\/\/www.rengoenlanoticia.cl\/prensa\/wp-content\/uploads\/2025\/10\/Ruteros-2025-1024x461.jpeg\" alt=\"\" class=\"wp-image-6390\" srcset=\"https:\/\/www.rengoenlanoticia.cl\/prensa\/wp-content\/uploads\/2025\/10\/Ruteros-2025-1024x461.jpeg 1024w, https:\/\/www.rengoenlanoticia.cl\/prensa\/wp-content\/uploads\/2025\/10\/Ruteros-2025-300x135.jpeg 300w, https:\/\/www.rengoenlanoticia.cl\/prensa\/wp-content\/uploads\/2025\/10\/Ruteros-2025-768x346.jpeg 768w, https:\/\/www.rengoenlanoticia.cl\/prensa\/wp-content\/uploads\/2025\/10\/Ruteros-2025-110x50.jpeg 110w, https:\/\/www.rengoenlanoticia.cl\/prensa\/wp-content\/uploads\/2025\/10\/Ruteros-2025-200x90.jpeg 200w, https:\/\/www.rengoenlanoticia.cl\/prensa\/wp-content\/uploads\/2025\/10\/Ruteros-2025-380x171.jpeg 380w, https:\/\/www.rengoenlanoticia.cl\/prensa\/wp-content\/uploads\/2025\/10\/Ruteros-2025-255x115.jpeg 255w, https:\/\/www.rengoenlanoticia.cl\/prensa\/wp-content\/uploads\/2025\/10\/Ruteros-2025-550x248.jpeg 550w, https:\/\/www.rengoenlanoticia.cl\/prensa\/wp-content\/uploads\/2025\/10\/Ruteros-2025-800x360.jpeg 800w, https:\/\/www.rengoenlanoticia.cl\/prensa\/wp-content\/uploads\/2025\/10\/Ruteros-2025-1160x522.jpeg 1160w, https:\/\/www.rengoenlanoticia.cl\/prensa\/wp-content\/uploads\/2025\/10\/Ruteros-2025.jpeg 1280w\" sizes=\"auto, (max-width: 1024px) 100vw, 1024px\" \/><\/figure>\n","protected":false},"excerpt":{"rendered":"Empresas como Sodexo, Codelco divisi\u00f3n El Teniente, Metrogas, Geossuport y Achs participaron del evento, adem\u00e1s de representantes de&hellip;\n","protected":false},"author":1,"featured_media":6391,"comment_status":"open","ping_status":"open","sticky":false,"template":"","format":"standard","meta":{"_monsterinsights_skip_tracking":false,"_monsterinsights_sitenote_active":false,"_monsterinsights_sitenote_note":"","_monsterinsights_sitenote_category":0,"footnotes":""},"categories":[8],"tags":[],"class_list":{"0":"post-6389","1":"post","2":"type-post","3":"status-publish","4":"format-standard","5":"has-post-thumbnail","7":"category-portada"},"aioseo_notices":[],"_links":{"self":[{"href":"https:\/\/www.rengoenlanoticia.cl\/prensa\/wp-json\/wp\/v2\/posts\/6389","targetHints":{"allow":["GET"]}}],"collection":[{"href":"https:\/\/www.rengoenlanoticia.cl\/prensa\/wp-json\/wp\/v2\/posts"}],"about":[{"href":"https:\/\/www.rengoenlanoticia.cl\/prensa\/wp-json\/wp\/v2\/types\/post"}],"author":[{"embeddable":true,"href":"https:\/\/www.rengoenlanoticia.cl\/prensa\/wp-json\/wp\/v2\/users\/1"}],"replies":[{"embeddable":true,"href":"https:\/\/www.rengoenlanoticia.cl\/prensa\/wp-json\/wp\/v2\/comments?post=6389"}],"version-history":[{"count":2,"href":"https:\/\/www.rengoenlanoticia.cl\/prensa\/wp-json\/wp\/v2\/posts\/6389\/revisions"}],"predecessor-version":[{"id":6397,"href":"https:\/\/www.rengoenlanoticia.cl\/prensa\/wp-json\/wp\/v2\/posts\/6389\/revisions\/6397"}],"wp:featuredmedia":[{"embeddable":true,"href":"https:\/\/www.rengoenlanoticia.cl\/prensa\/wp-json\/wp\/v2\/media\/6391"}],"wp:attachment":[{"href":"https:\/\/www.rengoenlanoticia.cl\/prensa\/wp-json\/wp\/v2\/media?parent=6389"}],"wp:term":[{"taxonomy":"category","embeddable":true,"href":"https:\/\/www.rengoenlanoticia.cl\/prensa\/wp-json\/wp\/v2\/categories?post=6389"},{"taxonomy":"post_tag","embeddable":true,"href":"https:\/\/www.rengoenlanoticia.cl\/prensa\/wp-json\/wp\/v2\/tags?post=6389"}],"curies":[{"name":"wp","href":"https:\/\/api.w.org\/{rel}","templated":true}]}}