{"id":6371,"date":"2025-10-01T01:45:08","date_gmt":"2025-10-01T01:45:08","guid":{"rendered":"https:\/\/www.rengoenlanoticia.cl\/prensa\/?p=6371"},"modified":"2025-10-01T01:47:46","modified_gmt":"2025-10-01T01:47:46","slug":"diputada-de-ohiggins-marta-gonzalez-presenta-proyecto-de-ley-para-limitar-la-subcontratacion-en-empresas-del-estado","status":"publish","type":"post","link":"https:\/\/www.rengoenlanoticia.cl\/prensa\/2025\/10\/01\/diputada-de-ohiggins-marta-gonzalez-presenta-proyecto-de-ley-para-limitar-la-subcontratacion-en-empresas-del-estado\/","title":{"rendered":"Diputada de O\u2019Higgins Marta Gonz\u00e1lez presenta proyecto de ley para limitar la subcontrataci\u00f3n en empresas del Estado"},"content":{"rendered":"\n<p>La Diputada de la Regi\u00f3n de O\u2019Higgins Marta Gonz\u00e1lez (Distrito 15) present\u00f3 este martes en el Congreso Nacional un proyecto de ley que busca limitar la subcontrataci\u00f3n en empresas del Estado que funcionan como sociedades an\u00f3nimas, como Codelco, ENAP, Metro o EFE.<\/p>\n\n\n\n<p>La iniciativa plantea que las labores permanentes y esenciales de estas compa\u00f1\u00edas no puedan ser realizadas por contratistas, sino que sean desempe\u00f1adas por trabajadores contratados directamente por la empresa estatal, garantizando as\u00ed estabilidad, derechos completos y condiciones laborales equitativas.<\/p>\n\n\n\n<p>\u201cEl proyecto que presentamos hoy postula que se debe limitar la subcontrataci\u00f3n y que todo lo que sea del giro principal de la empresa tiene que ser realizado por trabajadores de planta. Es un sinsentido que una empresa con rubro minero subcontrate mineros. Es impensado\u201d, afirm\u00f3 la Diputada Marta Gonz\u00e1lez, ex dirigenta sindical.<\/p>\n\n\n\n<p>La parlamentaria se\u00f1al\u00f3 que \u201cla tragedia de El Teniente no ha dejado a nadie indiferente, menos a nosotros que hemos trabajado hace d\u00e9cadas denunciando la precarizaci\u00f3n que tienen los trabajadores contratistas en el mundo de la miner\u00eda. Pero no solo en el mundo de la miner\u00eda: la subcontrataci\u00f3n es precarizaci\u00f3n en todos los niveles\u201d.<\/p>\n\n\n\n<p>Gonz\u00e1lez acus\u00f3 que \u201cla subcontrataci\u00f3n genera ineficiencia laboral, no genera costos m\u00e1s bajos; lo \u00fanico que genera es perjuicio en las familias de todos los chilenos. Es por esto que el proyecto que presentamos hoy d\u00eda postula que se debe limitar la subcontrataci\u00f3n y que todo lo que sea del giro principal de la empresa tiene que ser realizado por trabajadores de planta. Es un sinsentido que una empresa con rubro minero subcontrate mineros. Es impensado\u201d.<\/p>\n\n\n\n<figure class=\"wp-block-image size-full\"><img loading=\"lazy\" decoding=\"async\" width=\"1024\" height=\"768\" src=\"https:\/\/www.rengoenlanoticia.cl\/prensa\/wp-content\/uploads\/2025\/10\/WhatsApp-Image-2025-09-30-at-21.00.59-1.jpeg\" alt=\"\" class=\"wp-image-6379\" srcset=\"https:\/\/www.rengoenlanoticia.cl\/prensa\/wp-content\/uploads\/2025\/10\/WhatsApp-Image-2025-09-30-at-21.00.59-1.jpeg 1024w, https:\/\/www.rengoenlanoticia.cl\/prensa\/wp-content\/uploads\/2025\/10\/WhatsApp-Image-2025-09-30-at-21.00.59-1-300x225.jpeg 300w, https:\/\/www.rengoenlanoticia.cl\/prensa\/wp-content\/uploads\/2025\/10\/WhatsApp-Image-2025-09-30-at-21.00.59-1-768x576.jpeg 768w, https:\/\/www.rengoenlanoticia.cl\/prensa\/wp-content\/uploads\/2025\/10\/WhatsApp-Image-2025-09-30-at-21.00.59-1-110x83.jpeg 110w, https:\/\/www.rengoenlanoticia.cl\/prensa\/wp-content\/uploads\/2025\/10\/WhatsApp-Image-2025-09-30-at-21.00.59-1-200x150.jpeg 200w, https:\/\/www.rengoenlanoticia.cl\/prensa\/wp-content\/uploads\/2025\/10\/WhatsApp-Image-2025-09-30-at-21.00.59-1-380x285.jpeg 380w, https:\/\/www.rengoenlanoticia.cl\/prensa\/wp-content\/uploads\/2025\/10\/WhatsApp-Image-2025-09-30-at-21.00.59-1-255x191.jpeg 255w, https:\/\/www.rengoenlanoticia.cl\/prensa\/wp-content\/uploads\/2025\/10\/WhatsApp-Image-2025-09-30-at-21.00.59-1-550x413.jpeg 550w, https:\/\/www.rengoenlanoticia.cl\/prensa\/wp-content\/uploads\/2025\/10\/WhatsApp-Image-2025-09-30-at-21.00.59-1-800x600.jpeg 800w\" sizes=\"auto, (max-width: 1024px) 100vw, 1024px\" \/><\/figure>\n\n\n\n<p>El proyecto surge en un contexto donde la subcontrataci\u00f3n masiva se ha transformado en un problema estructural. En Codelco, m\u00e1s del 80% de la dotaci\u00f3n laboral est\u00e1 bajo r\u00e9gimen de subcontrato, incluyendo funciones centrales para el giro productivo de la compa\u00f1\u00eda. Esta situaci\u00f3n, seg\u00fan acusa la Diputada Gonz\u00e1lez, ha generado brechas salariales significativas, falta de estabilidad laboral y riesgos de seguridad diferenciados entre trabajadores directos y tercerizados.<\/p>\n\n\n\n<p>\u201cHoy en el 2025 tenemos una cifra alarmante y escandalosa, donde el 80% de los trabajadores de la miner\u00eda est\u00e1 subcontratado, y en El Teniente solamente hay m\u00e1s de 150 empresas contratistas. \u00bfQui\u00e9n est\u00e1 ganando con la subcontrataci\u00f3n? Queremos que con la presentaci\u00f3n de este proyecto se abra una investigaci\u00f3n acuciosa de c\u00f3mo se est\u00e1n haciendo las licitaciones. Hoy Codelco est\u00e1 siendo privatizado encubiertamente a trav\u00e9s de la subcontrataci\u00f3n\u201d, advirti\u00f3 la Diputada Marta Gonz\u00e1lez.<\/p>\n\n\n\n<figure class=\"wp-block-image size-full\"><img loading=\"lazy\" decoding=\"async\" width=\"1024\" height=\"768\" src=\"https:\/\/www.rengoenlanoticia.cl\/prensa\/wp-content\/uploads\/2025\/10\/WhatsApp-Image-2025-09-30-at-21.01.00-1.jpeg\" alt=\"\" class=\"wp-image-6380\" srcset=\"https:\/\/www.rengoenlanoticia.cl\/prensa\/wp-content\/uploads\/2025\/10\/WhatsApp-Image-2025-09-30-at-21.01.00-1.jpeg 1024w, https:\/\/www.rengoenlanoticia.cl\/prensa\/wp-content\/uploads\/2025\/10\/WhatsApp-Image-2025-09-30-at-21.01.00-1-300x225.jpeg 300w, https:\/\/www.rengoenlanoticia.cl\/prensa\/wp-content\/uploads\/2025\/10\/WhatsApp-Image-2025-09-30-at-21.01.00-1-768x576.jpeg 768w, https:\/\/www.rengoenlanoticia.cl\/prensa\/wp-content\/uploads\/2025\/10\/WhatsApp-Image-2025-09-30-at-21.01.00-1-110x83.jpeg 110w, https:\/\/www.rengoenlanoticia.cl\/prensa\/wp-content\/uploads\/2025\/10\/WhatsApp-Image-2025-09-30-at-21.01.00-1-200x150.jpeg 200w, https:\/\/www.rengoenlanoticia.cl\/prensa\/wp-content\/uploads\/2025\/10\/WhatsApp-Image-2025-09-30-at-21.01.00-1-380x285.jpeg 380w, https:\/\/www.rengoenlanoticia.cl\/prensa\/wp-content\/uploads\/2025\/10\/WhatsApp-Image-2025-09-30-at-21.01.00-1-255x191.jpeg 255w, https:\/\/www.rengoenlanoticia.cl\/prensa\/wp-content\/uploads\/2025\/10\/WhatsApp-Image-2025-09-30-at-21.01.00-1-550x413.jpeg 550w, https:\/\/www.rengoenlanoticia.cl\/prensa\/wp-content\/uploads\/2025\/10\/WhatsApp-Image-2025-09-30-at-21.01.00-1-800x600.jpeg 800w\" sizes=\"auto, (max-width: 1024px) 100vw, 1024px\" \/><\/figure>\n\n\n\n<p>\u201cEs muy significativo para nosotros como trabajadores del cobre. Viene a fortalecer a los contratistas, a darle ese empuje que necesitamos, a equiparar las condiciones de trabajo ante el mandante. Estamos muy de acuerdo y esperamos que este proyecto de ley siga adelante y llegue a buen puerto, porque lo que buscamos como trabajadores del cobre es equiparar las condiciones: tanto trabajadores de Codelco como contratistas lleguemos al mismo fin\u201d, afirm\u00f3 Claudio Albornoz, Tesorero de la Federaci\u00f3n de Sindicatos Base El Teniente (FESIBAT).<\/p>\n\n\n\n<p>\u201cTodos estamos metidos dentro de la mina y todos estamos sujetos ante cualquier accidente que pueda ocurrir. Por lo mismo pedimos iguales derechos para todos\u201d, cerr\u00f3 el dirigente sindical.&nbsp;<\/p>\n","protected":false},"excerpt":{"rendered":"La Diputada de la Regi\u00f3n de O\u2019Higgins Marta Gonz\u00e1lez (Distrito 15) present\u00f3 este martes en el Congreso Nacional&hellip;\n","protected":false},"author":1,"featured_media":6379,"comment_status":"open","ping_status":"open","sticky":false,"template":"","format":"standard","meta":{"_monsterinsights_skip_tracking":false,"_monsterinsights_sitenote_active":false,"_monsterinsights_sitenote_note":"","_monsterinsights_sitenote_category":0,"footnotes":""},"categories":[11,8],"tags":[],"class_list":{"0":"post-6371","1":"post","2":"type-post","3":"status-publish","4":"format-standard","5":"has-post-thumbnail","7":"category-politica","8":"category-portada"},"aioseo_notices":[],"_links":{"self":[{"href":"https:\/\/www.rengoenlanoticia.cl\/prensa\/wp-json\/wp\/v2\/posts\/6371","targetHints":{"allow":["GET"]}}],"collection":[{"href":"https:\/\/www.rengoenlanoticia.cl\/prensa\/wp-json\/wp\/v2\/posts"}],"about":[{"href":"https:\/\/www.rengoenlanoticia.cl\/prensa\/wp-json\/wp\/v2\/types\/post"}],"author":[{"embeddable":true,"href":"https:\/\/www.rengoenlanoticia.cl\/prensa\/wp-json\/wp\/v2\/users\/1"}],"replies":[{"embeddable":true,"href":"https:\/\/www.rengoenlanoticia.cl\/prensa\/wp-json\/wp\/v2\/comments?post=6371"}],"version-history":[{"count":3,"href":"https:\/\/www.rengoenlanoticia.cl\/prensa\/wp-json\/wp\/v2\/posts\/6371\/revisions"}],"predecessor-version":[{"id":6383,"href":"https:\/\/www.rengoenlanoticia.cl\/prensa\/wp-json\/wp\/v2\/posts\/6371\/revisions\/6383"}],"wp:featuredmedia":[{"embeddable":true,"href":"https:\/\/www.rengoenlanoticia.cl\/prensa\/wp-json\/wp\/v2\/media\/6379"}],"wp:attachment":[{"href":"https:\/\/www.rengoenlanoticia.cl\/prensa\/wp-json\/wp\/v2\/media?parent=6371"}],"wp:term":[{"taxonomy":"category","embeddable":true,"href":"https:\/\/www.rengoenlanoticia.cl\/prensa\/wp-json\/wp\/v2\/categories?post=6371"},{"taxonomy":"post_tag","embeddable":true,"href":"https:\/\/www.rengoenlanoticia.cl\/prensa\/wp-json\/wp\/v2\/tags?post=6371"}],"curies":[{"name":"wp","href":"https:\/\/api.w.org\/{rel}","templated":true}]}}