{"id":6345,"date":"2025-10-01T01:08:23","date_gmt":"2025-10-01T01:08:23","guid":{"rendered":"https:\/\/www.rengoenlanoticia.cl\/prensa\/?p=6345"},"modified":"2025-10-01T01:08:28","modified_gmt":"2025-10-01T01:08:28","slug":"bienes-nacionales-renueva-concesion-para-casa-de-la-cueca-en-graneros-y-refuerza-su-uso-cultural-y-comunitario","status":"publish","type":"post","link":"https:\/\/www.rengoenlanoticia.cl\/prensa\/2025\/10\/01\/bienes-nacionales-renueva-concesion-para-casa-de-la-cueca-en-graneros-y-refuerza-su-uso-cultural-y-comunitario\/","title":{"rendered":"Bienes Nacionales renueva concesi\u00f3n para Casa de la Cueca en Graneros y refuerza su uso cultural y comunitario"},"content":{"rendered":"\n<p><em>La seremi de la cartera en O\u2019Higgins, Romina Olgu\u00edn, entreg\u00f3 el acta oficial que extiende el uso gratuito del inmueble fiscal que alberga sus dependencias, garantizando por 5 a\u00f1os m\u00e1s la continuidad de este emblem\u00e1tico espacio.<\/em><\/p>\n\n\n\n<p>Al finalizar este mes de la patria y como sello de su celebraci\u00f3n, la comuna de Graneros reafirm\u00f3 su compromiso con las tradiciones y la cultura local mediante la renovaci\u00f3n de la concesi\u00f3n de uso gratuito del inmueble fiscal que alberga la Casa de la Cueca. Esta gesti\u00f3n, concretada por el ministerio de Bienes Nacionales, fortalece el uso social del patrimonio estatal y garantiza que este espacio contin\u00fae siendo un punto de encuentro para la comunidad, destinado a la preservaci\u00f3n de la identidad chilena, el folclore y el desarrollo local.<\/p>\n\n\n\n<p>Hasta la comuna lleg\u00f3 la SEREMI Romina Olgu\u00edn, quien hizo entrega oficial del acta al alcalde Marcelo Mi\u00f1a\u00f1ir, formalizando as\u00ed la vigencia de esta valiosa iniciativa cultural, la cual es administrada por el municipio.<\/p>\n\n\n\n<p>\u201cNos llena de orgullo poder poner al servicio de la Casa de la Cueca, este inmueble fiscal que alberga sus dependencias y extender su uso. Esta renovaci\u00f3n permitir\u00e1 no s\u00f3lo mantener las actividades actuales, sino tambi\u00e9n abrir nuevas puertas a proyectos que acerquen a\u00fan m\u00e1s la cultura a la comuna. Adem\u00e1s, buscamos que este inmueble fiscal siga siendo un lugar vivo, no s\u00f3lo en septiembre, sino durante todo el a\u00f1o, para que la identidad cultural chilena se viva cada d\u00eda con acceso permanente para todas y todos,\u201d se\u00f1al\u00f3 la autoridad regional.<\/p>\n\n\n\n<p>Por su parte, el jefe comunal, Marcelo Mi\u00f1a\u00f1ir, enfatiz\u00f3 que \u201ceste lugar es cuna de las mejores cuecas, eventos de tradici\u00f3n y de diversas actividades, y contar con la concesi\u00f3n actualizada de este lugar es fundamental. Queremos que la Casa de la Cueca tenga una mirada amplia, un espacio abierto para que cualquier ciudadano, vecino o vecina, pueda utilizarlo y ser parte activa de nuestra historia (\u2026) Esta renovaci\u00f3n nos permite proyectar su uso integral, fortaleciendo el v\u00ednculo entre la comunidad y nuestras ra\u00edces\u201d.<\/p>\n\n\n\n<p>El inmueble se ubica en calle Bernardo O\u2019Higgins de Graneros y cuenta con una superficie de 1.141 metros cuadrados, lo que lo convierte en un punto central y simb\u00f3lico para la comuna, permitiendo potenciar su labor.<\/p>\n\n\n\n<p>As\u00ed, este ic\u00f3nico lugar busca seguir creciendo como un espacio abierto a la comunidad, donde se ense\u00f1a, difunde y vive el baile nacional como patrimonio vivo, adem\u00e1s de albergar diversas expresiones culturales vinculadas al folclore y las ra\u00edces chilenas. Paralelamente, esta hist\u00f3rica casa tambi\u00e9n convive con otros diversos usos para la realizaci\u00f3n de talleres, reuniones, presentaciones y actividades en general.<\/p>\n\n\n\n<p>Cabe destacar que la renovaci\u00f3n del inmueble no solo permitir\u00e1 mantener el funcionamiento habitual de la Casa de la Cueca, sino que adem\u00e1s posibilitar\u00e1 la planificaci\u00f3n de nuevos proyectos en ella, con enfoque comunitario, promoviendo la participaci\u00f3n colectiva y el acceso a la cultura desde la base territorial.<\/p>\n\n\n\n<p>Una acci\u00f3n que responde a la misi\u00f3n que impulsa Bienes Nacionales, al otorgar un correcto uso social y de administraci\u00f3n al patrimonio del Estado, en directo beneficio de las agrupaciones locales y la ciudadan\u00eda.<\/p>\n","protected":false},"excerpt":{"rendered":"La seremi de la cartera en O\u2019Higgins, Romina Olgu\u00edn, entreg\u00f3 el acta oficial que extiende el uso gratuito&hellip;\n","protected":false},"author":1,"featured_media":6352,"comment_status":"open","ping_status":"open","sticky":false,"template":"","format":"standard","meta":{"_monsterinsights_skip_tracking":false,"_monsterinsights_sitenote_active":false,"_monsterinsights_sitenote_note":"","_monsterinsights_sitenote_category":0,"footnotes":""},"categories":[8],"tags":[],"class_list":{"0":"post-6345","1":"post","2":"type-post","3":"status-publish","4":"format-standard","5":"has-post-thumbnail","7":"category-portada"},"aioseo_notices":[],"_links":{"self":[{"href":"https:\/\/www.rengoenlanoticia.cl\/prensa\/wp-json\/wp\/v2\/posts\/6345","targetHints":{"allow":["GET"]}}],"collection":[{"href":"https:\/\/www.rengoenlanoticia.cl\/prensa\/wp-json\/wp\/v2\/posts"}],"about":[{"href":"https:\/\/www.rengoenlanoticia.cl\/prensa\/wp-json\/wp\/v2\/types\/post"}],"author":[{"embeddable":true,"href":"https:\/\/www.rengoenlanoticia.cl\/prensa\/wp-json\/wp\/v2\/users\/1"}],"replies":[{"embeddable":true,"href":"https:\/\/www.rengoenlanoticia.cl\/prensa\/wp-json\/wp\/v2\/comments?post=6345"}],"version-history":[{"count":3,"href":"https:\/\/www.rengoenlanoticia.cl\/prensa\/wp-json\/wp\/v2\/posts\/6345\/revisions"}],"predecessor-version":[{"id":6365,"href":"https:\/\/www.rengoenlanoticia.cl\/prensa\/wp-json\/wp\/v2\/posts\/6345\/revisions\/6365"}],"wp:featuredmedia":[{"embeddable":true,"href":"https:\/\/www.rengoenlanoticia.cl\/prensa\/wp-json\/wp\/v2\/media\/6352"}],"wp:attachment":[{"href":"https:\/\/www.rengoenlanoticia.cl\/prensa\/wp-json\/wp\/v2\/media?parent=6345"}],"wp:term":[{"taxonomy":"category","embeddable":true,"href":"https:\/\/www.rengoenlanoticia.cl\/prensa\/wp-json\/wp\/v2\/categories?post=6345"},{"taxonomy":"post_tag","embeddable":true,"href":"https:\/\/www.rengoenlanoticia.cl\/prensa\/wp-json\/wp\/v2\/tags?post=6345"}],"curies":[{"name":"wp","href":"https:\/\/api.w.org\/{rel}","templated":true}]}}