{"id":6344,"date":"2025-10-01T01:06:09","date_gmt":"2025-10-01T01:06:09","guid":{"rendered":"https:\/\/www.rengoenlanoticia.cl\/prensa\/?p=6344"},"modified":"2025-10-01T01:06:12","modified_gmt":"2025-10-01T01:06:12","slug":"autoridades-regionales-saludaron-a-las-y-los-guardaparques-en-su-dia-nacional","status":"publish","type":"post","link":"https:\/\/www.rengoenlanoticia.cl\/prensa\/2025\/10\/01\/autoridades-regionales-saludaron-a-las-y-los-guardaparques-en-su-dia-nacional\/","title":{"rendered":"Autoridades regionales saludaron a las y los guardaparques en su D\u00eda Nacional"},"content":{"rendered":"\n<p>Funcionarios de CONAF destacaron su compromiso con el cuidado del medio ambiente para las actuales y futuras generaciones.<\/p>\n\n\n\n<p>Por su labor y el compromiso con el cuidado de la biodiversidad y el resguardo del patrimonio natural fueron aplaudidos los y las guardaparques que hoy 30 de septiembre, celebraron su d\u00eda nacional, en la Reserva Nacional R\u00edo de los Cipreses, ubicada en Chacayes, comuna de Machal\u00ed.<\/p>\n\n\n\n<p>El Delegado Presidencial Regional, Fabio L\u00f3pez Aguilera, se\u00f1al\u00f3 que \u201cno hay otras palabras que agradecer por la labor importante que realizan en la preservaci\u00f3n de este ecosistema tan bello que tenemos en nuestra regi\u00f3n de O&#8217;Higgins. Adem\u00e1s aprovecho de comentar a todo el mundo que si no lo conocen, vengan a ver este hermoso entorno natural que nuestros guardaparques cuidan con tanto cari\u00f1o\u201d.<\/p>\n\n\n\n<p>El seremi de Agricultura, Cristi\u00e1n Silva Rosales, quiso enviar \u201cun afectuoso saludo y abrazo a cada uno de ustedes, que cumplen un rol fundamental en la conservaci\u00f3n de los espacios naturales, de la flora y fauna de nuestra regi\u00f3n, pero tambi\u00e9n de la relaci\u00f3n con nuestro entorno, con las comunidades y con la educaci\u00f3n medioambiental\u201d.<\/p>\n\n\n\n<p>El director regional de CONAF, Oscar Galdames Flores, coment\u00f3 que el quehacer de las y los guardaparques \u201ces una labor gratamente percibida por la ciudadan\u00eda, quisiera destacar todo el esfuerzo que cada uno y cada una de las guardaparques realiza de forma diaria, no tan solo en nuestra regi\u00f3n sino a nivel nacional.<\/p>\n\n\n\n<p><strong>Compromiso con el cuidado de la naturaleza<\/strong><\/p>\n\n\n\n<p>Luis Orellana es uno de los 17 guardaparques de la Reserva Nacional R\u00edo de los Cipreses. \u201cYo estoy encargado de los recursos naturales, llevo de planta cinco a\u00f1os, aprendiendo aqu\u00ed de los colegas que llevan muchos m\u00e1s a\u00f1os. Es muy bonita esta labor que desempe\u00f1amos\u201d.<\/p>\n\n\n\n<p>\u201cSer guardaparques significa algo muy memorable, para la comunidad, para el medio ambiente, pero sobre todo para nosotros porque hay que cuidar el medio ambiente porque sin esto no tendr\u00edamos vida. Hay que cuidar los recursos naturales que tenemos, ya sea de la vida silvestre, de los r\u00edos, la red h\u00fameda que tenemos ac\u00e1, los glaciares, etc.\u201d.<\/p>\n\n\n\n<p>Jacqueline Vergara es guardaparques de CONAF desde el a\u00f1o 2002. \u201cSoy muy feliz de ser guardaparques. Mi labor principalmente es llevar parte de la estad\u00edstica, tambi\u00e9n hacemos monitoreos, impartimos educaci\u00f3n ambiental tanto en senderos como en charlas en el Centro de Informaci\u00f3n Ambiental de la Reserva. Tambi\u00e9n hacemos prospecciones de flora, fauna y funga y monitoreos tanto de loro tricahue como censos de guanacos\u201d.<\/p>\n\n\n\n<p>Agreg\u00f3 que ser guardaparques, \u201cpara m\u00ed, m\u00e1s que un trabajo, es una vocaci\u00f3n. Yo amo ser guardaparques porque estamos cuidando todo lo que es el patrimonio natural, cultural, que es lo b\u00e1sico que tenemos que tener para nuestra generaci\u00f3n y las futuras generaciones que vienen\u201d.<\/p>\n","protected":false},"excerpt":{"rendered":"Funcionarios de CONAF destacaron su compromiso con el cuidado del medio ambiente para las actuales y futuras generaciones.&hellip;\n","protected":false},"author":1,"featured_media":6349,"comment_status":"open","ping_status":"open","sticky":false,"template":"","format":"standard","meta":{"_monsterinsights_skip_tracking":false,"_monsterinsights_sitenote_active":false,"_monsterinsights_sitenote_note":"","_monsterinsights_sitenote_category":0,"footnotes":""},"categories":[8],"tags":[],"class_list":{"0":"post-6344","1":"post","2":"type-post","3":"status-publish","4":"format-standard","5":"has-post-thumbnail","7":"category-portada"},"aioseo_notices":[],"_links":{"self":[{"href":"https:\/\/www.rengoenlanoticia.cl\/prensa\/wp-json\/wp\/v2\/posts\/6344","targetHints":{"allow":["GET"]}}],"collection":[{"href":"https:\/\/www.rengoenlanoticia.cl\/prensa\/wp-json\/wp\/v2\/posts"}],"about":[{"href":"https:\/\/www.rengoenlanoticia.cl\/prensa\/wp-json\/wp\/v2\/types\/post"}],"author":[{"embeddable":true,"href":"https:\/\/www.rengoenlanoticia.cl\/prensa\/wp-json\/wp\/v2\/users\/1"}],"replies":[{"embeddable":true,"href":"https:\/\/www.rengoenlanoticia.cl\/prensa\/wp-json\/wp\/v2\/comments?post=6344"}],"version-history":[{"count":3,"href":"https:\/\/www.rengoenlanoticia.cl\/prensa\/wp-json\/wp\/v2\/posts\/6344\/revisions"}],"predecessor-version":[{"id":6363,"href":"https:\/\/www.rengoenlanoticia.cl\/prensa\/wp-json\/wp\/v2\/posts\/6344\/revisions\/6363"}],"wp:featuredmedia":[{"embeddable":true,"href":"https:\/\/www.rengoenlanoticia.cl\/prensa\/wp-json\/wp\/v2\/media\/6349"}],"wp:attachment":[{"href":"https:\/\/www.rengoenlanoticia.cl\/prensa\/wp-json\/wp\/v2\/media?parent=6344"}],"wp:term":[{"taxonomy":"category","embeddable":true,"href":"https:\/\/www.rengoenlanoticia.cl\/prensa\/wp-json\/wp\/v2\/categories?post=6344"},{"taxonomy":"post_tag","embeddable":true,"href":"https:\/\/www.rengoenlanoticia.cl\/prensa\/wp-json\/wp\/v2\/tags?post=6344"}],"curies":[{"name":"wp","href":"https:\/\/api.w.org\/{rel}","templated":true}]}}