{"id":6320,"date":"2025-09-30T02:19:09","date_gmt":"2025-09-30T02:19:09","guid":{"rendered":"https:\/\/www.rengoenlanoticia.cl\/prensa\/?p=6320"},"modified":"2025-09-30T02:19:11","modified_gmt":"2025-09-30T02:19:11","slug":"gobierno-regional-y-fosis-abren-postulaciones-a-programa-emprendamos-semilla","status":"publish","type":"post","link":"https:\/\/www.rengoenlanoticia.cl\/prensa\/2025\/09\/30\/gobierno-regional-y-fosis-abren-postulaciones-a-programa-emprendamos-semilla\/","title":{"rendered":"Gobierno Regional y FOSIS abren postulaciones a programa Emprendamos Semilla"},"content":{"rendered":"\n<ul class=\"wp-block-list\">\n<li><strong>En el marco de este lanzamiento, autoridades de ambas instituciones conocieron el emprendimiento de Miguel Fa\u00fandez, artesano en cuero, quien a trav\u00e9s de esta iniciativa compr\u00f3 una m\u00e1quina grabadora incorporando tecnolog\u00eda e innovaci\u00f3n a su negocio.<\/strong><\/li>\n\n\n\n<li><strong>Proceso estar\u00e1 abierto entre el 29 de septiembre y el 10 de octubre.<\/strong><\/li>\n<\/ul>\n\n\n\n<p>Este lunes 29 de septiembre se abrieron en la regi\u00f3n las postulaciones al programa Emprendamos Semilla FNDR, iniciativa financiada por el Gobierno Regional y ejecutada por FOSIS, dirigida a personas que estando en el 60 por ciento del Registro Social de Hogares, y con un emprendimiento precario o una idea de negocio, deseen iniciar una actividad econ\u00f3mica o fortalecer la ya existente.<\/p>\n\n\n\n<p>La noticia de este nuevo proceso la dieron a conocer el director regional del FOSIS, Carlos Saravia Aravena; y la Administradora Regional, Natalia S\u00e1nchez Aceituno, en representaci\u00f3n del Gobierno Regional, durante una visita que realizaron al emprendedor rancag\u00fcino Miguel Fa\u00fandez, quien est\u00e1 terminando su participaci\u00f3n en el programa Emprendamos FNDR.<\/p>\n\n\n\n<p>Miguel se dedica a la confecci\u00f3n y grabado de art\u00edculos de cuero, oficio que aprendi\u00f3 muy joven, cuando viv\u00eda en Santiago, y que ha desempe\u00f1ado gran parte de su vida en f\u00e1bricas y ahora, de manera independiente, con su negocio MyF (Miguel y Familia). Junto a su hijo Michael y su esposa Isabel, ha sacado adelante este negocio, primero, aprendiendo; luego, buscando canales de comercializaci\u00f3n en los p\u00e1cking de fruta donde ha trabajado; generando puntos de entrega, principalmente, en tiendas de ropa t\u00edpica chilena; y por el \u201cboca a boca\u201d, como dice \u00e9l, haci\u00e9ndose de una clientela que aprecia su trabajo.<\/p>\n\n\n\n<p>En el a\u00f1o 2002, todav\u00eda viviendo en Santiago, accedi\u00f3 a un programa del FOSIS, con el que compr\u00f3 una m\u00e1quina de coser cuero que todav\u00eda conserva. Con el programa financiado por el Gore, pudo adquirir una grabadora de cuero y as\u00ed, incorporar nueva tecnolog\u00eda e innovaci\u00f3n a sus creaciones.<\/p>\n\n\n\n<p>\u201cNo sab\u00eda en qu\u00e9 iba a invertir y se me ocurri\u00f3 esto\u201d, cuenta el artesano, mientras muestra sus primeros trabajos grabados. Tampoco sab\u00eda calcular los costos de producci\u00f3n y poner un precio final a sus productos, algo que tambi\u00e9n aprendi\u00f3 en los talleres del programa Emprendamos del FOSIS y del Gobierno Regional.<\/p>\n\n\n\n<p>Hoy, demuestra todos sus conocimientos en el oficio y dice, por ejemplo, que \u201cno se usa cualquier cuero para grabar. Hemos estado probando con buenos resultados, incluso, hemos pensado que en el futuro podr\u00edamos grabar madera, porque esta herramienta tambi\u00e9n nos sirve para eso\u201d.<\/p>\n\n\n\n<p>\u201cEl programa Emprendamos sirve, si la gente quiere trabajar, puede. Yo soy un apasionado del cuero, lo que veo por ah\u00ed, lo trato de hacer y he aprendido mucho. Estoy muy contento y agradecido del FOSIS y del Gobierno Regional\u201d, expres\u00f3 este rancag\u00fcino.<\/p>\n\n\n\n<p>Como \u00e9l, otras 1.200 personas tendr\u00e1n ahora acceso a financiamiento y capacitaci\u00f3n, con el programa Emprendamos Semilla FNDR. Los canales de postulaci\u00f3n son el portal miportalemprendimiento.gob.cl; en fosis.gob.cl, en las municipalidades de la regi\u00f3n de O\u2019Higgins y en las oficinas de FOSIS de Rancagua y Marchig\u00fce, hasta el 10 de octubre.<\/p>\n\n\n\n<p>Natalia S\u00e1nchez, Administradora del Gobierno Regional, se\u00f1al\u00f3 que \u201cestamos ac\u00e1, junto al director del FOSIS, visitando a don Miguel y a su familia, con este programa que es financiado cien por ciento con recursos del Gobierno Regional, que es parte de la parrilla program\u00e1tica del FOSIS\u201d. Resalt\u00f3 que Miguel \u201cviene trabajando desde muchos a\u00f1os su emprendimiento y vemos que, con esfuerzo y empe\u00f1o, ha ido perfeccionando su t\u00e9cnica. Los programas del FOSIS le han permitido optar a maquinaria que para \u00e9l es so\u00f1ada, que le permite modernizar su oficio, diversificarlo y volverlo competitivo y es algo que, al conversar con \u00e9l, nos damos cuenta de lo importante que es que las personas sientan que su emprendimiento es \u00fanico, competitivo, el mejor, que involucra a su familia y le permite tener el sustento para tener una vida familiar donde opte a mejoras\u201d.<\/p>\n\n\n\n<p>Natalia S\u00e1nchez agreg\u00f3 que, en virtud de esta experiencia, \u201cque es un ejemplo que nos llena de satisfacci\u00f3n, al comprender que son pol\u00edticas p\u00fablicas que nos sentimos orgullosos de financiar, queremos hacer el llamado para que la gente pueda entusiasmarse, as\u00ed como don Miguel, y otras personas puedan postular al Emprendamos Semilla. Este financiamiento, que supera los mil 300 millones de pesos a nivel regional, nos va a permitir beneficiar a personas de toda la regi\u00f3n de O\u2019Higgins, de las 33 comunas y donde esperamos que muchas personas como don Miguel, puedan tener la ayuda y el empuje que es necesario tener por parte del Estado y seguir aportando a los peque\u00f1os emprendedores: tenemos la camiseta puesta con eso\u201d.<\/p>\n\n\n\n<p>Carlos Saravia Aravena destac\u00f3 el esfuerzo y empuje de Miguel Fa\u00fandez y su familia: \u201cconocer estas experiencias nos hace sentir profunda satisfacci\u00f3n y por eso queremos seguir trabajando por muchas otras familias de la regi\u00f3n, de tal manera que puedan emprender, mejorar sus negocios, incorporar tecnolog\u00eda y nuevas herramientas financieras y as\u00ed, vivir mejor. Estamos felices por este negocio familiar que vemos tan bien encaminado, fruto de a\u00f1os de trabajo y perseverancia\u201d.<\/p>\n\n\n\n<p>La autoridad llam\u00f3 a las personas a informarse y, si cumplen con los requisitos, a postular al programa Emprendamos Semilla FNDR, \u201cel que nuevamente podemos financiar con recursos del Gobierno Regional, por lo que estamos entusiasmados\u201d.<\/p>\n","protected":false},"excerpt":{"rendered":"Este lunes 29 de septiembre se abrieron en la regi\u00f3n las postulaciones al programa Emprendamos Semilla FNDR, iniciativa&hellip;\n","protected":false},"author":1,"featured_media":6325,"comment_status":"open","ping_status":"open","sticky":false,"template":"","format":"standard","meta":{"_monsterinsights_skip_tracking":false,"_monsterinsights_sitenote_active":false,"_monsterinsights_sitenote_note":"","_monsterinsights_sitenote_category":0,"footnotes":""},"categories":[8],"tags":[],"class_list":{"0":"post-6320","1":"post","2":"type-post","3":"status-publish","4":"format-standard","5":"has-post-thumbnail","7":"category-portada"},"aioseo_notices":[],"_links":{"self":[{"href":"https:\/\/www.rengoenlanoticia.cl\/prensa\/wp-json\/wp\/v2\/posts\/6320","targetHints":{"allow":["GET"]}}],"collection":[{"href":"https:\/\/www.rengoenlanoticia.cl\/prensa\/wp-json\/wp\/v2\/posts"}],"about":[{"href":"https:\/\/www.rengoenlanoticia.cl\/prensa\/wp-json\/wp\/v2\/types\/post"}],"author":[{"embeddable":true,"href":"https:\/\/www.rengoenlanoticia.cl\/prensa\/wp-json\/wp\/v2\/users\/1"}],"replies":[{"embeddable":true,"href":"https:\/\/www.rengoenlanoticia.cl\/prensa\/wp-json\/wp\/v2\/comments?post=6320"}],"version-history":[{"count":3,"href":"https:\/\/www.rengoenlanoticia.cl\/prensa\/wp-json\/wp\/v2\/posts\/6320\/revisions"}],"predecessor-version":[{"id":6338,"href":"https:\/\/www.rengoenlanoticia.cl\/prensa\/wp-json\/wp\/v2\/posts\/6320\/revisions\/6338"}],"wp:featuredmedia":[{"embeddable":true,"href":"https:\/\/www.rengoenlanoticia.cl\/prensa\/wp-json\/wp\/v2\/media\/6325"}],"wp:attachment":[{"href":"https:\/\/www.rengoenlanoticia.cl\/prensa\/wp-json\/wp\/v2\/media?parent=6320"}],"wp:term":[{"taxonomy":"category","embeddable":true,"href":"https:\/\/www.rengoenlanoticia.cl\/prensa\/wp-json\/wp\/v2\/categories?post=6320"},{"taxonomy":"post_tag","embeddable":true,"href":"https:\/\/www.rengoenlanoticia.cl\/prensa\/wp-json\/wp\/v2\/tags?post=6320"}],"curies":[{"name":"wp","href":"https:\/\/api.w.org\/{rel}","templated":true}]}}