{"id":6310,"date":"2025-09-29T19:00:31","date_gmt":"2025-09-29T19:00:31","guid":{"rendered":"https:\/\/www.rengoenlanoticia.cl\/prensa\/?p=6310"},"modified":"2025-09-29T19:06:08","modified_gmt":"2025-09-29T19:06:08","slug":"general-guillermo-bohle-guichacoi-asumira-como-nuevo-jefe-zona-ohiggins-de-carabineros","status":"publish","type":"post","link":"https:\/\/www.rengoenlanoticia.cl\/prensa\/2025\/09\/29\/general-guillermo-bohle-guichacoi-asumira-como-nuevo-jefe-zona-ohiggins-de-carabineros\/","title":{"rendered":"General Guillermo Bohle Guichacoi asumir\u00e1 como nuevo Jefe Zona O\u2019Higgins de Carabineros"},"content":{"rendered":"\n<p>Hoy fue dado a conocer el alto mando de Carabineros 2026.<\/p>\n\n\n\n<p>Este lunes por medio del Ministerio de Seguridad Publica, el presidente de la Rep\u00fablica, Gabriel Boric, aprob\u00f3 la conformaci\u00f3n del alto mando de Carabineros para el a\u00f1o 2026, propuesto por el General Director de la instituci\u00f3n, Marcelo Araya Zapata.<br>En esta se da a conocer que la direcci\u00f3n de la Zona O\u2019Higgins de Carabineros ser\u00e1 asumida por el General Guillermo Bohle Guichacoi, quien hasta hoy se desempe\u00f1aba como Prefecto en la Zona Atacama de nuestro pa\u00eds.<br>El General Guillermo Bohle posee m\u00e1s de 32 a\u00f1os en la instituci\u00f3n, durante los cuales se ha realizado funciones en la Agregadur\u00eda de Carabineros en Francia.<br>Tambi\u00e9n es especialista en temas como el uso de las tecnolog\u00edas en materia de siniestros viales, trabajo que ha expuesto en diferentes encuentros internacionales, al haber sido Prefecto de la Prefectura SIAT.<br>En tanto, el hasta hoy Jefe Zona O\u2019Higgins, General Max Jim\u00e9nez Fleming pasa a retiro.<br>Desde Carabineros expresaron su agradecimiento al General Max Jim\u00e9nez Fleming por su entrega, compromiso y dedicaci\u00f3n a la instituci\u00f3n, a la que sirvi\u00f3 por m\u00e1s de 33 a\u00f1os. Durante su gesti\u00f3n el General Jim\u00e9nez enfrent\u00f3 situaciones policiales complejas vinculadas al crimen organizado.<\/p>\n","protected":false},"excerpt":{"rendered":"Hoy fue dado a conocer el alto mando de Carabineros 2026. Este lunes por medio del Ministerio de&hellip;\n","protected":false},"author":1,"featured_media":6312,"comment_status":"open","ping_status":"open","sticky":false,"template":"","format":"standard","meta":{"_monsterinsights_skip_tracking":false,"_monsterinsights_sitenote_active":false,"_monsterinsights_sitenote_note":"","_monsterinsights_sitenote_category":0,"footnotes":""},"categories":[5,8,1],"tags":[],"class_list":{"0":"post-6310","1":"post","2":"type-post","3":"status-publish","4":"format-standard","5":"has-post-thumbnail","7":"category-policial","8":"category-portada","9":"category-uncategorized"},"aioseo_notices":[],"_links":{"self":[{"href":"https:\/\/www.rengoenlanoticia.cl\/prensa\/wp-json\/wp\/v2\/posts\/6310","targetHints":{"allow":["GET"]}}],"collection":[{"href":"https:\/\/www.rengoenlanoticia.cl\/prensa\/wp-json\/wp\/v2\/posts"}],"about":[{"href":"https:\/\/www.rengoenlanoticia.cl\/prensa\/wp-json\/wp\/v2\/types\/post"}],"author":[{"embeddable":true,"href":"https:\/\/www.rengoenlanoticia.cl\/prensa\/wp-json\/wp\/v2\/users\/1"}],"replies":[{"embeddable":true,"href":"https:\/\/www.rengoenlanoticia.cl\/prensa\/wp-json\/wp\/v2\/comments?post=6310"}],"version-history":[{"count":3,"href":"https:\/\/www.rengoenlanoticia.cl\/prensa\/wp-json\/wp\/v2\/posts\/6310\/revisions"}],"predecessor-version":[{"id":6316,"href":"https:\/\/www.rengoenlanoticia.cl\/prensa\/wp-json\/wp\/v2\/posts\/6310\/revisions\/6316"}],"wp:featuredmedia":[{"embeddable":true,"href":"https:\/\/www.rengoenlanoticia.cl\/prensa\/wp-json\/wp\/v2\/media\/6312"}],"wp:attachment":[{"href":"https:\/\/www.rengoenlanoticia.cl\/prensa\/wp-json\/wp\/v2\/media?parent=6310"}],"wp:term":[{"taxonomy":"category","embeddable":true,"href":"https:\/\/www.rengoenlanoticia.cl\/prensa\/wp-json\/wp\/v2\/categories?post=6310"},{"taxonomy":"post_tag","embeddable":true,"href":"https:\/\/www.rengoenlanoticia.cl\/prensa\/wp-json\/wp\/v2\/tags?post=6310"}],"curies":[{"name":"wp","href":"https:\/\/api.w.org\/{rel}","templated":true}]}}