{"id":6306,"date":"2025-09-29T18:52:33","date_gmt":"2025-09-29T18:52:33","guid":{"rendered":"https:\/\/www.rengoenlanoticia.cl\/prensa\/?p=6306"},"modified":"2025-09-29T18:52:53","modified_gmt":"2025-09-29T18:52:53","slug":"prision-preventiva-para-funcionarios-del-mineduc-y-captadores-por-emision-de-mas-de-5-500-certificados-falsos-en-la-region-de-ohiggins","status":"publish","type":"post","link":"https:\/\/www.rengoenlanoticia.cl\/prensa\/2025\/09\/29\/prision-preventiva-para-funcionarios-del-mineduc-y-captadores-por-emision-de-mas-de-5-500-certificados-falsos-en-la-region-de-ohiggins\/","title":{"rendered":"Prisi\u00f3n preventiva para funcionarios del Mineduc y captadores por emisi\u00f3n de m\u00e1s de 5.500 certificados falsos en la regi\u00f3n de O\u00bbHiggins"},"content":{"rendered":"\n<p>El Ministerio P\u00fablico confirm\u00f3 que dos funcionarios del Ministerio de Educaci\u00f3n (Mineduc) y varios captadores fueron formalizados y enviados a prisi\u00f3n preventiva, tras descubrirse su participaci\u00f3n en una red de corrupci\u00f3n que emit\u00eda certificados de estudios ideol\u00f3gicamente falsos.<\/p>\n\n\n\n<p>La investigaci\u00f3n revel\u00f3 que m\u00e1s de 5.500 certificados de educaci\u00f3n falsificados fueron generados, siendo una gran parte utilizados para la obtenci\u00f3n de licencias de conducir de manera fraudulenta.<\/p>\n\n\n\n<p>Los imputados enfrentan cargos por: Falsificaci\u00f3n de instrumento p\u00fablico, Cohecho y soborno, Lavado de activos, Durante los allanamientos se incautaron veh\u00edculos, especies electr\u00f3nicas, dinero en efectivo y propiedades vinculadas a la red delictiva.<br>El caso sigue en desarrollo y se espera la formalizaci\u00f3n de m\u00e1s involucrados en los pr\u00f3ximos d\u00edas. Las autoridades recalcaron la gravedad del hecho, dada la implicancia directa en la seguridad vial y la confianza p\u00fablica en las instituciones del Estado.<\/p>\n","protected":false},"excerpt":{"rendered":"El Ministerio P\u00fablico confirm\u00f3 que dos funcionarios del Ministerio de Educaci\u00f3n (Mineduc) y varios captadores fueron formalizados y&hellip;\n","protected":false},"author":1,"featured_media":6307,"comment_status":"open","ping_status":"open","sticky":false,"template":"","format":"standard","meta":{"_monsterinsights_skip_tracking":false,"_monsterinsights_sitenote_active":false,"_monsterinsights_sitenote_note":"","_monsterinsights_sitenote_category":0,"footnotes":""},"categories":[5,8],"tags":[],"class_list":{"0":"post-6306","1":"post","2":"type-post","3":"status-publish","4":"format-standard","5":"has-post-thumbnail","7":"category-policial","8":"category-portada"},"aioseo_notices":[],"_links":{"self":[{"href":"https:\/\/www.rengoenlanoticia.cl\/prensa\/wp-json\/wp\/v2\/posts\/6306","targetHints":{"allow":["GET"]}}],"collection":[{"href":"https:\/\/www.rengoenlanoticia.cl\/prensa\/wp-json\/wp\/v2\/posts"}],"about":[{"href":"https:\/\/www.rengoenlanoticia.cl\/prensa\/wp-json\/wp\/v2\/types\/post"}],"author":[{"embeddable":true,"href":"https:\/\/www.rengoenlanoticia.cl\/prensa\/wp-json\/wp\/v2\/users\/1"}],"replies":[{"embeddable":true,"href":"https:\/\/www.rengoenlanoticia.cl\/prensa\/wp-json\/wp\/v2\/comments?post=6306"}],"version-history":[{"count":2,"href":"https:\/\/www.rengoenlanoticia.cl\/prensa\/wp-json\/wp\/v2\/posts\/6306\/revisions"}],"predecessor-version":[{"id":6309,"href":"https:\/\/www.rengoenlanoticia.cl\/prensa\/wp-json\/wp\/v2\/posts\/6306\/revisions\/6309"}],"wp:featuredmedia":[{"embeddable":true,"href":"https:\/\/www.rengoenlanoticia.cl\/prensa\/wp-json\/wp\/v2\/media\/6307"}],"wp:attachment":[{"href":"https:\/\/www.rengoenlanoticia.cl\/prensa\/wp-json\/wp\/v2\/media?parent=6306"}],"wp:term":[{"taxonomy":"category","embeddable":true,"href":"https:\/\/www.rengoenlanoticia.cl\/prensa\/wp-json\/wp\/v2\/categories?post=6306"},{"taxonomy":"post_tag","embeddable":true,"href":"https:\/\/www.rengoenlanoticia.cl\/prensa\/wp-json\/wp\/v2\/tags?post=6306"}],"curies":[{"name":"wp","href":"https:\/\/api.w.org\/{rel}","templated":true}]}}