{"id":6281,"date":"2025-09-29T16:20:59","date_gmt":"2025-09-29T16:20:59","guid":{"rendered":"https:\/\/www.rengoenlanoticia.cl\/prensa\/?p=6281"},"modified":"2025-09-29T16:21:09","modified_gmt":"2025-09-29T16:21:09","slug":"gope-de-ohiggins-realizo-rescate-de-personas-en-mostazal","status":"publish","type":"post","link":"https:\/\/www.rengoenlanoticia.cl\/prensa\/2025\/09\/29\/gope-de-ohiggins-realizo-rescate-de-personas-en-mostazal\/","title":{"rendered":"GOPE de O\u2019Higgins realiz\u00f3 rescate de personas en Mostazal"},"content":{"rendered":"\n<p>Durante la madrugada de hoy, a eso de las 00:30 horas, en la comuna de San Francisco de Mostazal, personal especializado del Grupo de Operaciones Policiales Especiales (GOPE) O\u2019Higgins concurri\u00f3 hasta el cerro Ovalle, tras un requerimiento de personal territorial, con el fin de auxiliar a dos personas adultas, un hombre y una mujer, que se encontraban extraviadas en el lugar.<\/p>\n\n\n\n<p>Personal del GOPE O\u00b4Higgins logr\u00f3 establecer contacto con los afectados gracias a la se\u00f1al telef\u00f3nica, localiz\u00e1ndolos en buenas condiciones. Posteriormente, fueron guiados y asistidos hasta llegar a un lugar seguro, donde quedaron a resguardo de Carabineros de Mostazal.<\/p>\n","protected":false},"excerpt":{"rendered":"Durante la madrugada de hoy, a eso de las 00:30 horas, en la comuna de San Francisco de&hellip;\n","protected":false},"author":2,"featured_media":6294,"comment_status":"open","ping_status":"open","sticky":false,"template":"","format":"standard","meta":{"_monsterinsights_skip_tracking":false,"_monsterinsights_sitenote_active":false,"_monsterinsights_sitenote_note":"","_monsterinsights_sitenote_category":0,"footnotes":""},"categories":[5,8],"tags":[],"class_list":{"0":"post-6281","1":"post","2":"type-post","3":"status-publish","4":"format-standard","5":"has-post-thumbnail","7":"category-policial","8":"category-portada"},"aioseo_notices":[],"_links":{"self":[{"href":"https:\/\/www.rengoenlanoticia.cl\/prensa\/wp-json\/wp\/v2\/posts\/6281","targetHints":{"allow":["GET"]}}],"collection":[{"href":"https:\/\/www.rengoenlanoticia.cl\/prensa\/wp-json\/wp\/v2\/posts"}],"about":[{"href":"https:\/\/www.rengoenlanoticia.cl\/prensa\/wp-json\/wp\/v2\/types\/post"}],"author":[{"embeddable":true,"href":"https:\/\/www.rengoenlanoticia.cl\/prensa\/wp-json\/wp\/v2\/users\/2"}],"replies":[{"embeddable":true,"href":"https:\/\/www.rengoenlanoticia.cl\/prensa\/wp-json\/wp\/v2\/comments?post=6281"}],"version-history":[{"count":3,"href":"https:\/\/www.rengoenlanoticia.cl\/prensa\/wp-json\/wp\/v2\/posts\/6281\/revisions"}],"predecessor-version":[{"id":6305,"href":"https:\/\/www.rengoenlanoticia.cl\/prensa\/wp-json\/wp\/v2\/posts\/6281\/revisions\/6305"}],"wp:featuredmedia":[{"embeddable":true,"href":"https:\/\/www.rengoenlanoticia.cl\/prensa\/wp-json\/wp\/v2\/media\/6294"}],"wp:attachment":[{"href":"https:\/\/www.rengoenlanoticia.cl\/prensa\/wp-json\/wp\/v2\/media?parent=6281"}],"wp:term":[{"taxonomy":"category","embeddable":true,"href":"https:\/\/www.rengoenlanoticia.cl\/prensa\/wp-json\/wp\/v2\/categories?post=6281"},{"taxonomy":"post_tag","embeddable":true,"href":"https:\/\/www.rengoenlanoticia.cl\/prensa\/wp-json\/wp\/v2\/tags?post=6281"}],"curies":[{"name":"wp","href":"https:\/\/api.w.org\/{rel}","templated":true}]}}