{"id":6279,"date":"2025-09-29T16:17:25","date_gmt":"2025-09-29T16:17:25","guid":{"rendered":"https:\/\/www.rengoenlanoticia.cl\/prensa\/?p=6279"},"modified":"2025-09-29T16:17:28","modified_gmt":"2025-09-29T16:17:28","slug":"top-de-santa-cruz-constituye-segunda-sala-para-aumentar-realizacion-de-juicios-orales-ante-alza-de-ingresos","status":"publish","type":"post","link":"https:\/\/www.rengoenlanoticia.cl\/prensa\/2025\/09\/29\/top-de-santa-cruz-constituye-segunda-sala-para-aumentar-realizacion-de-juicios-orales-ante-alza-de-ingresos\/","title":{"rendered":"TOP de Santa Cruz constituye segunda sala para aumentar realizaci\u00f3n de juicios orales ante alza de ingresos"},"content":{"rendered":"\n<p><\/p>\n\n\n\n<p><\/p>\n\n\n\n<p>TOP de Santa Cruz constituye segunda sala para aumentar realizaci\u00f3n de juicios orales ante alza de ingresosEn dependencias del Juzgado de Familia de Santa Cruz se constituy\u00f3 -el pasado 26 de septiembre- por primera vez la segunda sala del Tribunal de Juicio Oral en lo Penal de la ciudad, cuyo objetivo es aumentar la realizaci\u00f3n de juicios orales ante un alza de 80% en los ingresos de causas registrada durante 2025.<\/p>\n\n\n\n<p>Este importante incremento llev\u00f3 a la administraci\u00f3n del tribunal a generar un plan de trabajo para implementarla en otros tribunales de la jurisdicci\u00f3n, dado que f\u00edsica y estructuralmente s\u00f3lo pose\u00edan una sola sala de audiencias en sus dependencias.<\/p>\n\n\n\n<p>\u201cEsta iniciativa que cont\u00f3 con el apoyo del Pleno de la Corte de Apelaciones de Rancagua, busca entregar un servicio judicial oportuno a la ciudadan\u00eda, potenciar los niveles de eficiencia y cumplir con los plazos legales\u201d, se\u00f1al\u00f3 el administrador del TOP de Santa Cruz, Diego V\u00e1squez Palomino.<\/p>\n\n\n\n<p>Durante los pr\u00f3ximos d\u00edas, la segunda sala del Top de Santa Cruz tambi\u00e9n se constituir\u00e1 en los juzgados de Letras y Garant\u00eda de Litueche y Peralillo, los que pertenecen a su jurisdicci\u00f3n.<\/p>\n\n\n\n<p>\u201cEl Tribunal Oral de Santa Cruz ha experimentado un incremento considerable de causas ingresadas durante este a\u00f1o, por tanto, como jueces estamos muy contentos al haber podido habilitar una segunda sala de audiencias en dependencias de otros tribunales, quienes nos han prestado colaboraci\u00f3n poniendo a nuestra disposici\u00f3n sus instalaciones\u201d, se\u00f1al\u00f3 el juez presidente del TOP de Santa Cruz\u201d, Ra\u00fal Castro Valderrama.<\/p>\n\n\n\n<p>Agreg\u00f3 que esto \u201cnos permite desarrollar de manera paralela audiencias de juicio, superando las limitaciones materiales que nos impone el hecho de s\u00f3lo contar con s\u00f3lo una sala de audiencias en nuestro tribunal, todo en miras de poder otorgar una justicia pronta, oportuna y de calidad a la ciudadan\u00eda\u201d.<\/p>\n","protected":false},"excerpt":{"rendered":"TOP de Santa Cruz constituye segunda sala para aumentar realizaci\u00f3n de juicios orales ante alza de ingresosEn dependencias&hellip;\n","protected":false},"author":1,"featured_media":6288,"comment_status":"open","ping_status":"open","sticky":false,"template":"","format":"standard","meta":{"_monsterinsights_skip_tracking":false,"_monsterinsights_sitenote_active":false,"_monsterinsights_sitenote_note":"","_monsterinsights_sitenote_category":0,"footnotes":""},"categories":[8],"tags":[],"class_list":{"0":"post-6279","1":"post","2":"type-post","3":"status-publish","4":"format-standard","5":"has-post-thumbnail","7":"category-portada"},"aioseo_notices":[],"_links":{"self":[{"href":"https:\/\/www.rengoenlanoticia.cl\/prensa\/wp-json\/wp\/v2\/posts\/6279","targetHints":{"allow":["GET"]}}],"collection":[{"href":"https:\/\/www.rengoenlanoticia.cl\/prensa\/wp-json\/wp\/v2\/posts"}],"about":[{"href":"https:\/\/www.rengoenlanoticia.cl\/prensa\/wp-json\/wp\/v2\/types\/post"}],"author":[{"embeddable":true,"href":"https:\/\/www.rengoenlanoticia.cl\/prensa\/wp-json\/wp\/v2\/users\/1"}],"replies":[{"embeddable":true,"href":"https:\/\/www.rengoenlanoticia.cl\/prensa\/wp-json\/wp\/v2\/comments?post=6279"}],"version-history":[{"count":3,"href":"https:\/\/www.rengoenlanoticia.cl\/prensa\/wp-json\/wp\/v2\/posts\/6279\/revisions"}],"predecessor-version":[{"id":6301,"href":"https:\/\/www.rengoenlanoticia.cl\/prensa\/wp-json\/wp\/v2\/posts\/6279\/revisions\/6301"}],"wp:featuredmedia":[{"embeddable":true,"href":"https:\/\/www.rengoenlanoticia.cl\/prensa\/wp-json\/wp\/v2\/media\/6288"}],"wp:attachment":[{"href":"https:\/\/www.rengoenlanoticia.cl\/prensa\/wp-json\/wp\/v2\/media?parent=6279"}],"wp:term":[{"taxonomy":"category","embeddable":true,"href":"https:\/\/www.rengoenlanoticia.cl\/prensa\/wp-json\/wp\/v2\/categories?post=6279"},{"taxonomy":"post_tag","embeddable":true,"href":"https:\/\/www.rengoenlanoticia.cl\/prensa\/wp-json\/wp\/v2\/tags?post=6279"}],"curies":[{"name":"wp","href":"https:\/\/api.w.org\/{rel}","templated":true}]}}