{"id":6278,"date":"2025-09-29T16:15:32","date_gmt":"2025-09-29T16:15:32","guid":{"rendered":"https:\/\/www.rengoenlanoticia.cl\/prensa\/?p=6278"},"modified":"2025-09-29T16:15:46","modified_gmt":"2025-09-29T16:15:46","slug":"educacion-inicial-tecnico-profesional-e-inclusion-los-temas-educativos-transversales-de-los-candidatos-presidenciales","status":"publish","type":"post","link":"https:\/\/www.rengoenlanoticia.cl\/prensa\/2025\/09\/29\/educacion-inicial-tecnico-profesional-e-inclusion-los-temas-educativos-transversales-de-los-candidatos-presidenciales\/","title":{"rendered":"Educaci\u00f3n inicial, t\u00e9cnico profesional e inclusi\u00f3n: los temas educativos transversales de los candidatos presidenciales\u00a0"},"content":{"rendered":"\n<p><em>Un an\u00e1lisis de Educaci\u00f3n 2020 levanta estos puntos en com\u00fan en las agendas educativas presentadas por los candidatos presidenciales en sus programas de gobierno.&nbsp;<\/em><\/p>\n\n\n\n<p>A pesar de los desaf\u00edos latentes por la crisis de convivencia escolar, los cambios en el Sistema de Admisi\u00f3n Escolar y la implementaci\u00f3n de la Nueva Educaci\u00f3n P\u00fablica, las propuestas para el sistema educativo chileno han sido poco mencionadas en los discursos de los candidatos presidenciales.&nbsp;<\/p>\n\n\n\n<p>En ese contexto, Educaci\u00f3n 2020 levant\u00f3 un an\u00e1lisis sobre las propuestas educativas que presentan sus programas, encontrando temas transversales que aparecen en cinco de seis programas analizados; los cuales incluyen todos aquellos dados a conocer p\u00fablicamente: Franco Parisi, Jeannette Jara, Johannes Kaiser, Jos\u00e9 Antonio Kast, Evelyn Matthei Fornet y Harold Mayne-Nicholls Secul.&nbsp;<\/p>\n\n\n\n<p>\u201cA partir de estos temas transversales identificados en las candidaturas presidenciales, en Educaci\u00f3n 2020 confiamos en que existen las condiciones, al menos en estos temas, para avanzar hacia una educaci\u00f3n chilena m\u00e1s justa, inclusiva y de calidad\u201d, explica Ingrid Olea, Directora Ejecutiva de Educaci\u00f3n 2020.&nbsp;<\/p>\n\n\n\n<p>Su an\u00e1lisis indica que en materia de<strong>&nbsp;educaci\u00f3n parvularia&nbsp;<\/strong>existe un acuerdo transversal sobre la importancia de este nivel, y la urgencia de ampliar la cobertura en salas cuna y jardines infantiles, junto con fortalecer la calidad de la ense\u00f1anza en la primera infancia.&nbsp;<\/p>\n\n\n\n<p>En el caso de la&nbsp;<strong>Educaci\u00f3n Media T\u00e9cnico Profesional<\/strong>, la fundaci\u00f3n experta explica que los programas coinciden en el potencial que tiene para el desarrollo y crecimiento, de ah\u00ed la necesidad de modernizar esta modalidad, articularla con el sector productivo y con la educaci\u00f3n superior, adem\u00e1s de agilizar los procesos de compra de equipamiento para que responda de mejor forma a los requerimientos actuales.&nbsp;<\/p>\n\n\n\n<p>Otro punto en com\u00fan identificado por el an\u00e1lisis est\u00e1 en&nbsp;<strong>inclusi\u00f3n y equidad<\/strong>, en donde se proponen medidas que fortalezcan los Programas de Integraci\u00f3n Escolar, otorguen apoyos diferenciados y desarrollen dispositivos territoriales que permitan responder a distintas realidades.<\/p>\n\n\n\n<p>\u201cLograr acuerdos es parte clave del trabajo de gobernar y quien sea el candidato ganador de la elecci\u00f3n debe considerar estos diagn\u00f3sticos transversales para trabajar junto al Congreso en los cambios que necesita el sistema educativo\u201d, reflexiona Olea.&nbsp;<\/p>\n","protected":false},"excerpt":{"rendered":"Un an\u00e1lisis de Educaci\u00f3n 2020 levanta estos puntos en com\u00fan en las agendas educativas presentadas por los candidatos&hellip;\n","protected":false},"author":1,"featured_media":6285,"comment_status":"open","ping_status":"open","sticky":false,"template":"","format":"standard","meta":{"_monsterinsights_skip_tracking":false,"_monsterinsights_sitenote_active":false,"_monsterinsights_sitenote_note":"","_monsterinsights_sitenote_category":0,"footnotes":""},"categories":[8],"tags":[],"class_list":{"0":"post-6278","1":"post","2":"type-post","3":"status-publish","4":"format-standard","5":"has-post-thumbnail","7":"category-portada"},"aioseo_notices":[],"_links":{"self":[{"href":"https:\/\/www.rengoenlanoticia.cl\/prensa\/wp-json\/wp\/v2\/posts\/6278","targetHints":{"allow":["GET"]}}],"collection":[{"href":"https:\/\/www.rengoenlanoticia.cl\/prensa\/wp-json\/wp\/v2\/posts"}],"about":[{"href":"https:\/\/www.rengoenlanoticia.cl\/prensa\/wp-json\/wp\/v2\/types\/post"}],"author":[{"embeddable":true,"href":"https:\/\/www.rengoenlanoticia.cl\/prensa\/wp-json\/wp\/v2\/users\/1"}],"replies":[{"embeddable":true,"href":"https:\/\/www.rengoenlanoticia.cl\/prensa\/wp-json\/wp\/v2\/comments?post=6278"}],"version-history":[{"count":3,"href":"https:\/\/www.rengoenlanoticia.cl\/prensa\/wp-json\/wp\/v2\/posts\/6278\/revisions"}],"predecessor-version":[{"id":6299,"href":"https:\/\/www.rengoenlanoticia.cl\/prensa\/wp-json\/wp\/v2\/posts\/6278\/revisions\/6299"}],"wp:featuredmedia":[{"embeddable":true,"href":"https:\/\/www.rengoenlanoticia.cl\/prensa\/wp-json\/wp\/v2\/media\/6285"}],"wp:attachment":[{"href":"https:\/\/www.rengoenlanoticia.cl\/prensa\/wp-json\/wp\/v2\/media?parent=6278"}],"wp:term":[{"taxonomy":"category","embeddable":true,"href":"https:\/\/www.rengoenlanoticia.cl\/prensa\/wp-json\/wp\/v2\/categories?post=6278"},{"taxonomy":"post_tag","embeddable":true,"href":"https:\/\/www.rengoenlanoticia.cl\/prensa\/wp-json\/wp\/v2\/tags?post=6278"}],"curies":[{"name":"wp","href":"https:\/\/api.w.org\/{rel}","templated":true}]}}