{"id":6277,"date":"2025-09-29T16:13:51","date_gmt":"2025-09-29T16:13:51","guid":{"rendered":"https:\/\/www.rengoenlanoticia.cl\/prensa\/?p=6277"},"modified":"2025-09-29T16:13:53","modified_gmt":"2025-09-29T16:13:53","slug":"personas-con-dependencia-severa-reciben-atencion-del-registro-civil","status":"publish","type":"post","link":"https:\/\/www.rengoenlanoticia.cl\/prensa\/2025\/09\/29\/personas-con-dependencia-severa-reciben-atencion-del-registro-civil\/","title":{"rendered":"Personas con dependencia severa reciben atenci\u00f3n del Registro Civil"},"content":{"rendered":"\n<p>A trav\u00e9s de su Equipo de Atenci\u00f3n Terreno, usuarios que no pueden trasladarse a Oficinas del Registro Civil, pueden solicitar una visita a domicilio para obtener su c\u00e9dula de identidad y\/o clave \u00fanica.<\/p>\n\n\n\n<p>M\u00e1s de 400 personas que presentan dependencia severa, han sido atendidas durante este a\u00f1o 2025 por parte del Equipo de Atenci\u00f3n Terreno del Servicio de Registro Civil e Identificaci\u00f3n.&nbsp;&nbsp; Los usuarios que por diversos motivos se encuentran imposibilitados de asistir por sus propios medios a cualquier oficina de la Regi\u00f3n de O\u2019Higgins, han podido acceder a la obtenci\u00f3n de su c\u00e9dula de identidad, documento fundamental para la postulaci\u00f3n a subsidios del Estado o realizar cualquier tipo de tr\u00e1mite.<\/p>\n\n\n\n<p>Felipe Ascu\u00ed, Director Regional del Registro Civil e Identificaci\u00f3n, manifest\u00f3 que, \u201cdurante este a\u00f1o 2025, hemos recibido un aumento en el n\u00famero de solicitudes, lo cual hemos podido dar cumplimiento de acuerdo al calendario de atenciones programadas por el Equipo de Atenci\u00f3n Terreno.&nbsp;&nbsp; Tenemos la claridad que existe una necesidad importante por parte de los usuarios y usuarias que se encuentran en situaci\u00f3n de dependencia severa, es por este motivo que recorremos las 33 comunas de la Regi\u00f3n de O\u2019Higgins para que de esta manera quienes presenten dificultades para llegar a nuestras oficinas puedan tener lo antes posible su documento de identificaci\u00f3n\u201d.<\/p>\n\n\n\n<p>Cabe destacar, que para solicitar una atenci\u00f3n a domicilio los usuarios deben acercarse a cualquiera de las Oficinas del Servicio de Registro Civil e Identificaci\u00f3n y pedirla al funcionario, quien enviar\u00e1 la informaci\u00f3n directamente al Equipo de Atenci\u00f3n Terreno Regional.<\/p>\n\n\n\n<p>El Director Regional, destac\u00f3 que, \u201chemos implementado una mejora en el ingreso de la informaci\u00f3n, ya que actualmente existe un c\u00f3digo QR en cada una de nuestras oficinas de la regi\u00f3n, donde son las mismas personas, ya sean sus cuidadores, familiares, etc, quienes pueden escanear este c\u00f3digo e ingresar directamente la atenci\u00f3n.&nbsp; Una vez hecha esta acci\u00f3n la informaci\u00f3n llega inmediatamente a nuestro Equipo de Atenci\u00f3n Terreno, quien agendar\u00e1 la solicitud, para luego realizar el contacto con el usuario\u201d.<\/p>\n","protected":false},"excerpt":{"rendered":"A trav\u00e9s de su Equipo de Atenci\u00f3n Terreno, usuarios que no pueden trasladarse a Oficinas del Registro Civil,&hellip;\n","protected":false},"author":1,"featured_media":6282,"comment_status":"open","ping_status":"open","sticky":false,"template":"","format":"standard","meta":{"_monsterinsights_skip_tracking":false,"_monsterinsights_sitenote_active":false,"_monsterinsights_sitenote_note":"","_monsterinsights_sitenote_category":0,"footnotes":""},"categories":[8],"tags":[],"class_list":{"0":"post-6277","1":"post","2":"type-post","3":"status-publish","4":"format-standard","5":"has-post-thumbnail","7":"category-portada"},"aioseo_notices":[],"_links":{"self":[{"href":"https:\/\/www.rengoenlanoticia.cl\/prensa\/wp-json\/wp\/v2\/posts\/6277","targetHints":{"allow":["GET"]}}],"collection":[{"href":"https:\/\/www.rengoenlanoticia.cl\/prensa\/wp-json\/wp\/v2\/posts"}],"about":[{"href":"https:\/\/www.rengoenlanoticia.cl\/prensa\/wp-json\/wp\/v2\/types\/post"}],"author":[{"embeddable":true,"href":"https:\/\/www.rengoenlanoticia.cl\/prensa\/wp-json\/wp\/v2\/users\/1"}],"replies":[{"embeddable":true,"href":"https:\/\/www.rengoenlanoticia.cl\/prensa\/wp-json\/wp\/v2\/comments?post=6277"}],"version-history":[{"count":3,"href":"https:\/\/www.rengoenlanoticia.cl\/prensa\/wp-json\/wp\/v2\/posts\/6277\/revisions"}],"predecessor-version":[{"id":6297,"href":"https:\/\/www.rengoenlanoticia.cl\/prensa\/wp-json\/wp\/v2\/posts\/6277\/revisions\/6297"}],"wp:featuredmedia":[{"embeddable":true,"href":"https:\/\/www.rengoenlanoticia.cl\/prensa\/wp-json\/wp\/v2\/media\/6282"}],"wp:attachment":[{"href":"https:\/\/www.rengoenlanoticia.cl\/prensa\/wp-json\/wp\/v2\/media?parent=6277"}],"wp:term":[{"taxonomy":"category","embeddable":true,"href":"https:\/\/www.rengoenlanoticia.cl\/prensa\/wp-json\/wp\/v2\/categories?post=6277"},{"taxonomy":"post_tag","embeddable":true,"href":"https:\/\/www.rengoenlanoticia.cl\/prensa\/wp-json\/wp\/v2\/tags?post=6277"}],"curies":[{"name":"wp","href":"https:\/\/api.w.org\/{rel}","templated":true}]}}